{"id":5809,"date":"2024-01-22T12:30:12","date_gmt":"2024-01-22T15:30:12","guid":{"rendered":"https:\/\/noti-america.com\/site\/argentina\/?p=5809"},"modified":"2024-01-22T12:30:12","modified_gmt":"2024-01-22T15:30:12","slug":"meta-planea-crear-una-inteligencia-artificial-general-disponible-para-todos","status":"publish","type":"post","link":"https:\/\/noti-america.com\/site\/argentina\/2024\/01\/22\/meta-planea-crear-una-inteligencia-artificial-general-disponible-para-todos\/","title":{"rendered":"Meta planea crear una inteligencia artificial general disponible para todos"},"content":{"rendered":"<p>NOTI-AMERICA.COM | ARGENTINA \u2013 El conglomerado estadounidense de tecnolog\u00eda y redes sociales &#8216;Meta&#8217; planea crear una inteligencia artificial (IA) general que estar\u00e1 disponible para todo el mundo, seg\u00fan lo anunci\u00f3 su director ejecutivo, Mark Zuckerberg, en una publicaci\u00f3n realizada este jueves en su p\u00e1gina oficial de Facebook.<\/p>\n<p>\u00abAlgunas novedades sobre nuestros esfuerzos en IA. Nuestra visi\u00f3n a largo plazo es construir inteligencia general y de c\u00f3digo abierto de forma responsable y ponerla a disposici\u00f3n de todo el mundo para que todos puedan beneficiarse de ella\u00bb, reza el texto, indicando que, para ello, est\u00e1n acercando sus dos principales esfuerzos de investigaci\u00f3n en este campo, denominados FAIR y GenAI.<\/p>\n<p>Asimismo, detalla que en la actualidad est\u00e1n entrenando su modelo de nueva generaci\u00f3n, Llama 3, y construyendo una infraestructura de computaci\u00f3n masiva para respaldar su hoja de ruta futura, que incluye 350.000 unidades de procesamiento gr\u00e1fico (UPG) NVIDIA H100 para finales de este a\u00f1o y, en total, casi 600.000 H100 equivalentes de computaci\u00f3n si se incluyen otras UPG.<\/p>\n<p>\u00abTambi\u00e9n estamos muy satisfechos con nuestros progresos en la creaci\u00f3n de nuevos dispositivos inform\u00e1ticos centrados en la IA, como las gafas inteligentes Ray Ban Meta. Pronto publicaremos muchas m\u00e1s novedades\u00bb, concluye.<\/p>\n<p>En este sentido, en un v\u00eddeo que acompa\u00f1a el &#8216;post&#8217;, Zuckerberg se\u00f1ala que la gente tambi\u00e9n necesitar\u00e1 dichos dispositivos para la inteligencia artificial, detallando que esto une la IA y el metaverso. Seg\u00fan el director ejecutivo de Meta, con el tiempo, muchos de nosotros hablaremos con la IA con frecuencia a lo largo del d\u00eda utilizando gafas de realidad virtual.<\/p>\n","protected":false},"excerpt":{"rendered":"<p>NOTI-AMERICA.COM | ARGENTINA \u2013 El conglomerado estadounidense de tecnolog\u00eda y redes sociales &#8216;Meta&#8217; planea crear una inteligencia artificial (IA) general que estar\u00e1 disponible para todo el mundo, seg\u00fan lo anunci\u00f3 su director ejecutivo, Mark&#46;&#46;&#46;<\/p>\n","protected":false},"author":133,"featured_media":5810,"comment_status":"open","ping_status":"open","sticky":false,"template":"","format":"image","meta":{"_acf_changed":false,"om_disable_all_campaigns":false,"rop_custom_images_group":[],"rop_custom_messages_group":[],"rop_publish_now":"initial","rop_publish_now_accounts":{"twitter_242054905_242054905":""},"rop_publish_now_history":[],"rop_publish_now_status":"pending","_uf_show_specific_survey":0,"_uf_disable_surveys":false,"footnotes":""},"categories":[287],"tags":[],"class_list":["post-5809","post","type-post","status-publish","format-image","has-post-thumbnail","hentry","category-actualidad","post_format-post-format-image"],"acf":[],"aioseo_notices":[],"yoast_head":"<!-- This site is optimized with the Yoast SEO Premium plugin v24.9 (Yoast SEO v27.2) - https:\/\/yoast.com\/product\/yoast-seo-premium-wordpress\/ -->\n<title>Meta planea crear una inteligencia artificial general disponible para todos - Argentina | Noti-America.com<\/title>\n<meta name=\"robots\" content=\"index, follow, max-snippet:-1, max-image-preview:large, max-video-preview:-1\" \/>\n<link rel=\"canonical\" href=\"https:\/\/noti-america.com\/site\/argentina\/2024\/01\/22\/meta-planea-crear-una-inteligencia-artificial-general-disponible-para-todos\/\" \/>\n<meta property=\"og:locale\" content=\"es_ES\" \/>\n<meta property=\"og:type\" content=\"article\" \/>\n<meta property=\"og:title\" content=\"Meta planea crear una inteligencia artificial general disponible para todos\" \/>\n<meta property=\"og:description\" content=\"NOTI-AMERICA.COM | ARGENTINA \u2013 El conglomerado estadounidense de tecnolog\u00eda y redes sociales &#8216;Meta&#8217; planea crear una inteligencia artificial (IA) general que estar\u00e1 disponible para todo el mundo, seg\u00fan lo anunci\u00f3 su director ejecutivo, Mark&#046;&#046;&#046;\" \/>\n<meta property=\"og:url\" content=\"https:\/\/noti-america.com\/site\/argentina\/2024\/01\/22\/meta-planea-crear-una-inteligencia-artificial-general-disponible-para-todos\/\" \/>\n<meta property=\"og:site_name\" content=\"Argentina | Noti-America.com\" \/>\n<meta property=\"article:author\" content=\"Mar\u00eda Valentina Noguera\" \/>\n<meta property=\"article:published_time\" content=\"2024-01-22T15:30:12+00:00\" \/>\n<meta property=\"og:image\" content=\"https:\/\/noti-america.com\/site\/argentina\/wp-content\/uploads\/sites\/24\/2024\/01\/mrk-final.png\" \/>\n\t<meta property=\"og:image:width\" content=\"1200\" \/>\n\t<meta property=\"og:image:height\" content=\"629\" \/>\n\t<meta property=\"og:image:type\" content=\"image\/png\" \/>\n<meta name=\"author\" content=\"Maria Valentina Noguera Medina\" \/>\n<meta name=\"twitter:card\" content=\"summary_large_image\" \/>\n<meta name=\"twitter:creator\" content=\"@inotiamerica\" \/>\n<meta name=\"twitter:site\" content=\"@inotiamerica\" \/>\n<meta name=\"twitter:label1\" content=\"Escrito por\" \/>\n\t<meta name=\"twitter:data1\" content=\"Maria Valentina Noguera Medina\" \/>\n\t<meta name=\"twitter:label2\" content=\"Tiempo estimado de lectura\" \/>\n\t<meta name=\"twitter:data2\" content=\"2 minutos\" \/>\n<script type=\"application\/ld+json\" class=\"yoast-schema-graph\">{\"@context\":\"https:\/\/schema.org\",\"@graph\":[{\"@type\":\"Article\",\"@id\":\"https:\/\/noti-america.com\/site\/argentina\/2024\/01\/22\/meta-planea-crear-una-inteligencia-artificial-general-disponible-para-todos\/#article\",\"isPartOf\":{\"@id\":\"https:\/\/noti-america.com\/site\/argentina\/2024\/01\/22\/meta-planea-crear-una-inteligencia-artificial-general-disponible-para-todos\/\"},\"author\":{\"name\":\"Maria Valentina Noguera Medina\",\"@id\":\"https:\/\/noti-america.com\/site\/argentina\/#\/schema\/person\/22806efcc2cfc4b45efb0e17be210ea8\"},\"headline\":\"Meta planea crear una inteligencia artificial general disponible para todos\",\"datePublished\":\"2024-01-22T15:30:12+00:00\",\"mainEntityOfPage\":{\"@id\":\"https:\/\/noti-america.com\/site\/argentina\/2024\/01\/22\/meta-planea-crear-una-inteligencia-artificial-general-disponible-para-todos\/\"},\"wordCount\":287,\"commentCount\":0,\"publisher\":{\"@id\":\"https:\/\/noti-america.com\/site\/argentina\/#organization\"},\"image\":{\"@id\":\"https:\/\/noti-america.com\/site\/argentina\/2024\/01\/22\/meta-planea-crear-una-inteligencia-artificial-general-disponible-para-todos\/#primaryimage\"},\"thumbnailUrl\":\"https:\/\/noti-america.com\/site\/argentina\/wp-content\/uploads\/sites\/24\/2024\/01\/mrk-final.png\",\"articleSection\":[\"Actualidad\"],\"inLanguage\":\"es\",\"potentialAction\":[{\"@type\":\"CommentAction\",\"name\":\"Comment\",\"target\":[\"https:\/\/noti-america.com\/site\/argentina\/2024\/01\/22\/meta-planea-crear-una-inteligencia-artificial-general-disponible-para-todos\/#respond\"]}]},{\"@type\":\"WebPage\",\"@id\":\"https:\/\/noti-america.com\/site\/argentina\/2024\/01\/22\/meta-planea-crear-una-inteligencia-artificial-general-disponible-para-todos\/\",\"url\":\"https:\/\/noti-america.com\/site\/argentina\/2024\/01\/22\/meta-planea-crear-una-inteligencia-artificial-general-disponible-para-todos\/\",\"name\":\"Meta planea crear una inteligencia artificial general disponible para todos - Argentina | Noti-America.com\",\"isPartOf\":{\"@id\":\"https:\/\/noti-america.com\/site\/argentina\/#website\"},\"primaryImageOfPage\":{\"@id\":\"https:\/\/noti-america.com\/site\/argentina\/2024\/01\/22\/meta-planea-crear-una-inteligencia-artificial-general-disponible-para-todos\/#primaryimage\"},\"image\":{\"@id\":\"https:\/\/noti-america.com\/site\/argentina\/2024\/01\/22\/meta-planea-crear-una-inteligencia-artificial-general-disponible-para-todos\/#primaryimage\"},\"thumbnailUrl\":\"https:\/\/noti-america.com\/site\/argentina\/wp-content\/uploads\/sites\/24\/2024\/01\/mrk-final.png\",\"datePublished\":\"2024-01-22T15:30:12+00:00\",\"breadcrumb\":{\"@id\":\"https:\/\/noti-america.com\/site\/argentina\/2024\/01\/22\/meta-planea-crear-una-inteligencia-artificial-general-disponible-para-todos\/#breadcrumb\"},\"inLanguage\":\"es\",\"potentialAction\":[{\"@type\":\"ReadAction\",\"target\":[\"https:\/\/noti-america.com\/site\/argentina\/2024\/01\/22\/meta-planea-crear-una-inteligencia-artificial-general-disponible-para-todos\/\"]}]},{\"@type\":\"ImageObject\",\"inLanguage\":\"es\",\"@id\":\"https:\/\/noti-america.com\/site\/argentina\/2024\/01\/22\/meta-planea-crear-una-inteligencia-artificial-general-disponible-para-todos\/#primaryimage\",\"url\":\"https:\/\/noti-america.com\/site\/argentina\/wp-content\/uploads\/sites\/24\/2024\/01\/mrk-final.png\",\"contentUrl\":\"https:\/\/noti-america.com\/site\/argentina\/wp-content\/uploads\/sites\/24\/2024\/01\/mrk-final.png\",\"width\":1200,\"height\":629},{\"@type\":\"BreadcrumbList\",\"@id\":\"https:\/\/noti-america.com\/site\/argentina\/2024\/01\/22\/meta-planea-crear-una-inteligencia-artificial-general-disponible-para-todos\/#breadcrumb\",\"itemListElement\":[{\"@type\":\"ListItem\",\"position\":1,\"name\":\"Portada\",\"item\":\"https:\/\/noti-america.com\/site\/argentina\/\"},{\"@type\":\"ListItem\",\"position\":2,\"name\":\"Meta planea crear una inteligencia artificial general disponible para todos\"}]},{\"@type\":\"WebSite\",\"@id\":\"https:\/\/noti-america.com\/site\/argentina\/#website\",\"url\":\"https:\/\/noti-america.com\/site\/argentina\/\",\"name\":\"Argentina | Noti-America.com\",\"description\":\"\",\"publisher\":{\"@id\":\"https:\/\/noti-america.com\/site\/argentina\/#organization\"},\"potentialAction\":[{\"@type\":\"SearchAction\",\"target\":{\"@type\":\"EntryPoint\",\"urlTemplate\":\"https:\/\/noti-america.com\/site\/argentina\/?s={search_term_string}\"},\"query-input\":{\"@type\":\"PropertyValueSpecification\",\"valueRequired\":true,\"valueName\":\"search_term_string\"}}],\"inLanguage\":\"es\"},{\"@type\":\"Organization\",\"@id\":\"https:\/\/noti-america.com\/site\/argentina\/#organization\",\"name\":\"Noti-America LLC | Argentina\",\"url\":\"https:\/\/noti-america.com\/site\/argentina\/\",\"logo\":{\"@type\":\"ImageObject\",\"inLanguage\":\"es\",\"@id\":\"https:\/\/noti-america.com\/site\/argentina\/#\/schema\/logo\/image\/\",\"url\":\"https:\/\/noti-america.com\/site\/argentina\/wp-content\/uploads\/sites\/24\/2020\/07\/LogoNA-4x3-1.jpg\",\"contentUrl\":\"https:\/\/noti-america.com\/site\/argentina\/wp-content\/uploads\/sites\/24\/2020\/07\/LogoNA-4x3-1.jpg\",\"width\":1236,\"height\":1080,\"caption\":\"Noti-America LLC | Argentina\"},\"image\":{\"@id\":\"https:\/\/noti-america.com\/site\/argentina\/#\/schema\/logo\/image\/\"},\"sameAs\":[\"https:\/\/x.com\/inotiamerica\"]},{\"@type\":\"Person\",\"@id\":\"https:\/\/noti-america.com\/site\/argentina\/#\/schema\/person\/22806efcc2cfc4b45efb0e17be210ea8\",\"name\":\"Maria Valentina Noguera Medina\",\"image\":{\"@type\":\"ImageObject\",\"inLanguage\":\"es\",\"@id\":\"https:\/\/secure.gravatar.com\/avatar\/4ec5eb9d099f2608a49c9df6f7341f66f04f819cdffa09d56a7a0e91d2819d56?s=96&d=mm&r=g\",\"url\":\"https:\/\/secure.gravatar.com\/avatar\/4ec5eb9d099f2608a49c9df6f7341f66f04f819cdffa09d56a7a0e91d2819d56?s=96&d=mm&r=g\",\"contentUrl\":\"https:\/\/secure.gravatar.com\/avatar\/4ec5eb9d099f2608a49c9df6f7341f66f04f819cdffa09d56a7a0e91d2819d56?s=96&d=mm&r=g\",\"caption\":\"Maria Valentina Noguera Medina\"},\"description\":\"Periodista - noti-america - Promar Community Manager - Talento Plus Dise\u00f1adora\/ creadora de contenido...\",\"sameAs\":[\"Mar\u00eda Valentina Noguera\",\"https:\/\/www.facebook.com\/mariavalentina.noguera\",\"https:\/\/www.linkedin.com\/in\/mara-valentina-noguera-medina-373075165\/\",\"https:\/\/www.pinterest.es\/valentinanoguera95\/\",\"https:\/\/www.youtube.com\/channel\/UCdek6mbUZ-Tqqw0I63i4nmQ\"],\"url\":\"https:\/\/noti-america.com\/site\/argentina\/author\/mnoguera\/\"}]}<\/script>\n<!-- \/ Yoast SEO Premium plugin. -->","yoast_head_json":{"title":"Meta planea crear una inteligencia artificial general disponible para todos - Argentina | Noti-America.com","robots":{"index":"index","follow":"follow","max-snippet":"max-snippet:-1","max-image-preview":"max-image-preview:large","max-video-preview":"max-video-preview:-1"},"canonical":"https:\/\/noti-america.com\/site\/argentina\/2024\/01\/22\/meta-planea-crear-una-inteligencia-artificial-general-disponible-para-todos\/","og_locale":"es_ES","og_type":"article","og_title":"Meta planea crear una inteligencia artificial general disponible para todos","og_description":"NOTI-AMERICA.COM | ARGENTINA \u2013 El conglomerado estadounidense de tecnolog\u00eda y redes sociales &#8216;Meta&#8217; planea crear una inteligencia artificial (IA) general que estar\u00e1 disponible para todo el mundo, seg\u00fan lo anunci\u00f3 su director ejecutivo, Mark&#46;&#46;&#46;","og_url":"https:\/\/noti-america.com\/site\/argentina\/2024\/01\/22\/meta-planea-crear-una-inteligencia-artificial-general-disponible-para-todos\/","og_site_name":"Argentina | Noti-America.com","article_author":"Mar\u00eda Valentina Noguera","article_published_time":"2024-01-22T15:30:12+00:00","og_image":[{"width":1200,"height":629,"url":"https:\/\/noti-america.com\/site\/argentina\/wp-content\/uploads\/sites\/24\/2024\/01\/mrk-final.png","type":"image\/png"}],"author":"Maria Valentina Noguera Medina","twitter_card":"summary_large_image","twitter_creator":"@inotiamerica","twitter_site":"@inotiamerica","twitter_misc":{"Escrito por":"Maria Valentina Noguera Medina","Tiempo estimado de lectura":"2 minutos"},"schema":{"@context":"https:\/\/schema.org","@graph":[{"@type":"Article","@id":"https:\/\/noti-america.com\/site\/argentina\/2024\/01\/22\/meta-planea-crear-una-inteligencia-artificial-general-disponible-para-todos\/#article","isPartOf":{"@id":"https:\/\/noti-america.com\/site\/argentina\/2024\/01\/22\/meta-planea-crear-una-inteligencia-artificial-general-disponible-para-todos\/"},"author":{"name":"Maria Valentina Noguera Medina","@id":"https:\/\/noti-america.com\/site\/argentina\/#\/schema\/person\/22806efcc2cfc4b45efb0e17be210ea8"},"headline":"Meta planea crear una inteligencia artificial general disponible para todos","datePublished":"2024-01-22T15:30:12+00:00","mainEntityOfPage":{"@id":"https:\/\/noti-america.com\/site\/argentina\/2024\/01\/22\/meta-planea-crear-una-inteligencia-artificial-general-disponible-para-todos\/"},"wordCount":287,"commentCount":0,"publisher":{"@id":"https:\/\/noti-america.com\/site\/argentina\/#organization"},"image":{"@id":"https:\/\/noti-america.com\/site\/argentina\/2024\/01\/22\/meta-planea-crear-una-inteligencia-artificial-general-disponible-para-todos\/#primaryimage"},"thumbnailUrl":"https:\/\/noti-america.com\/site\/argentina\/wp-content\/uploads\/sites\/24\/2024\/01\/mrk-final.png","articleSection":["Actualidad"],"inLanguage":"es","potentialAction":[{"@type":"CommentAction","name":"Comment","target":["https:\/\/noti-america.com\/site\/argentina\/2024\/01\/22\/meta-planea-crear-una-inteligencia-artificial-general-disponible-para-todos\/#respond"]}]},{"@type":"WebPage","@id":"https:\/\/noti-america.com\/site\/argentina\/2024\/01\/22\/meta-planea-crear-una-inteligencia-artificial-general-disponible-para-todos\/","url":"https:\/\/noti-america.com\/site\/argentina\/2024\/01\/22\/meta-planea-crear-una-inteligencia-artificial-general-disponible-para-todos\/","name":"Meta planea crear una inteligencia artificial general disponible para todos - Argentina | Noti-America.com","isPartOf":{"@id":"https:\/\/noti-america.com\/site\/argentina\/#website"},"primaryImageOfPage":{"@id":"https:\/\/noti-america.com\/site\/argentina\/2024\/01\/22\/meta-planea-crear-una-inteligencia-artificial-general-disponible-para-todos\/#primaryimage"},"image":{"@id":"https:\/\/noti-america.com\/site\/argentina\/2024\/01\/22\/meta-planea-crear-una-inteligencia-artificial-general-disponible-para-todos\/#primaryimage"},"thumbnailUrl":"https:\/\/noti-america.com\/site\/argentina\/wp-content\/uploads\/sites\/24\/2024\/01\/mrk-final.png","datePublished":"2024-01-22T15:30:12+00:00","breadcrumb":{"@id":"https:\/\/noti-america.com\/site\/argentina\/2024\/01\/22\/meta-planea-crear-una-inteligencia-artificial-general-disponible-para-todos\/#breadcrumb"},"inLanguage":"es","potentialAction":[{"@type":"ReadAction","target":["https:\/\/noti-america.com\/site\/argentina\/2024\/01\/22\/meta-planea-crear-una-inteligencia-artificial-general-disponible-para-todos\/"]}]},{"@type":"ImageObject","inLanguage":"es","@id":"https:\/\/noti-america.com\/site\/argentina\/2024\/01\/22\/meta-planea-crear-una-inteligencia-artificial-general-disponible-para-todos\/#primaryimage","url":"https:\/\/noti-america.com\/site\/argentina\/wp-content\/uploads\/sites\/24\/2024\/01\/mrk-final.png","contentUrl":"https:\/\/noti-america.com\/site\/argentina\/wp-content\/uploads\/sites\/24\/2024\/01\/mrk-final.png","width":1200,"height":629},{"@type":"BreadcrumbList","@id":"https:\/\/noti-america.com\/site\/argentina\/2024\/01\/22\/meta-planea-crear-una-inteligencia-artificial-general-disponible-para-todos\/#breadcrumb","itemListElement":[{"@type":"ListItem","position":1,"name":"Portada","item":"https:\/\/noti-america.com\/site\/argentina\/"},{"@type":"ListItem","position":2,"name":"Meta planea crear una inteligencia artificial general disponible para todos"}]},{"@type":"WebSite","@id":"https:\/\/noti-america.com\/site\/argentina\/#website","url":"https:\/\/noti-america.com\/site\/argentina\/","name":"Argentina | Noti-America.com","description":"","publisher":{"@id":"https:\/\/noti-america.com\/site\/argentina\/#organization"},"potentialAction":[{"@type":"SearchAction","target":{"@type":"EntryPoint","urlTemplate":"https:\/\/noti-america.com\/site\/argentina\/?s={search_term_string}"},"query-input":{"@type":"PropertyValueSpecification","valueRequired":true,"valueName":"search_term_string"}}],"inLanguage":"es"},{"@type":"Organization","@id":"https:\/\/noti-america.com\/site\/argentina\/#organization","name":"Noti-America LLC | Argentina","url":"https:\/\/noti-america.com\/site\/argentina\/","logo":{"@type":"ImageObject","inLanguage":"es","@id":"https:\/\/noti-america.com\/site\/argentina\/#\/schema\/logo\/image\/","url":"https:\/\/noti-america.com\/site\/argentina\/wp-content\/uploads\/sites\/24\/2020\/07\/LogoNA-4x3-1.jpg","contentUrl":"https:\/\/noti-america.com\/site\/argentina\/wp-content\/uploads\/sites\/24\/2020\/07\/LogoNA-4x3-1.jpg","width":1236,"height":1080,"caption":"Noti-America LLC | Argentina"},"image":{"@id":"https:\/\/noti-america.com\/site\/argentina\/#\/schema\/logo\/image\/"},"sameAs":["https:\/\/x.com\/inotiamerica"]},{"@type":"Person","@id":"https:\/\/noti-america.com\/site\/argentina\/#\/schema\/person\/22806efcc2cfc4b45efb0e17be210ea8","name":"Maria Valentina Noguera Medina","image":{"@type":"ImageObject","inLanguage":"es","@id":"https:\/\/secure.gravatar.com\/avatar\/4ec5eb9d099f2608a49c9df6f7341f66f04f819cdffa09d56a7a0e91d2819d56?s=96&d=mm&r=g","url":"https:\/\/secure.gravatar.com\/avatar\/4ec5eb9d099f2608a49c9df6f7341f66f04f819cdffa09d56a7a0e91d2819d56?s=96&d=mm&r=g","contentUrl":"https:\/\/secure.gravatar.com\/avatar\/4ec5eb9d099f2608a49c9df6f7341f66f04f819cdffa09d56a7a0e91d2819d56?s=96&d=mm&r=g","caption":"Maria Valentina Noguera Medina"},"description":"Periodista - noti-america - Promar Community Manager - Talento Plus Dise\u00f1adora\/ creadora de contenido...","sameAs":["Mar\u00eda Valentina Noguera","https:\/\/www.facebook.com\/mariavalentina.noguera","https:\/\/www.linkedin.com\/in\/mara-valentina-noguera-medina-373075165\/","https:\/\/www.pinterest.es\/valentinanoguera95\/","https:\/\/www.youtube.com\/channel\/UCdek6mbUZ-Tqqw0I63i4nmQ"],"url":"https:\/\/noti-america.com\/site\/argentina\/author\/mnoguera\/"}]}},"_links":{"self":[{"href":"https:\/\/noti-america.com\/site\/argentina\/wp-json\/wp\/v2\/posts\/5809","targetHints":{"allow":["GET"]}}],"collection":[{"href":"https:\/\/noti-america.com\/site\/argentina\/wp-json\/wp\/v2\/posts"}],"about":[{"href":"https:\/\/noti-america.com\/site\/argentina\/wp-json\/wp\/v2\/types\/post"}],"author":[{"embeddable":true,"href":"https:\/\/noti-america.com\/site\/argentina\/wp-json\/wp\/v2\/users\/133"}],"replies":[{"embeddable":true,"href":"https:\/\/noti-america.com\/site\/argentina\/wp-json\/wp\/v2\/comments?post=5809"}],"version-history":[{"count":1,"href":"https:\/\/noti-america.com\/site\/argentina\/wp-json\/wp\/v2\/posts\/5809\/revisions"}],"predecessor-version":[{"id":5811,"href":"https:\/\/noti-america.com\/site\/argentina\/wp-json\/wp\/v2\/posts\/5809\/revisions\/5811"}],"wp:featuredmedia":[{"embeddable":true,"href":"https:\/\/noti-america.com\/site\/argentina\/wp-json\/wp\/v2\/media\/5810"}],"wp:attachment":[{"href":"https:\/\/noti-america.com\/site\/argentina\/wp-json\/wp\/v2\/media?parent=5809"}],"wp:term":[{"taxonomy":"category","embeddable":true,"href":"https:\/\/noti-america.com\/site\/argentina\/wp-json\/wp\/v2\/categories?post=5809"},{"taxonomy":"post_tag","embeddable":true,"href":"https:\/\/noti-america.com\/site\/argentina\/wp-json\/wp\/v2\/tags?post=5809"}],"curies":[{"name":"wp","href":"https:\/\/api.w.org\/{rel}","templated":true}]}}