{"id":3530,"date":"2021-06-05T00:07:06","date_gmt":"2021-06-05T03:07:06","guid":{"rendered":"https:\/\/noti-america.com\/site\/argentina\/?p=3530"},"modified":"2021-06-05T00:07:06","modified_gmt":"2021-06-05T03:07:06","slug":"dos-de-cada-tres-pacientes-que-entran-a-terapia-intensiva-por-covid-19-no-sale-con-vida","status":"publish","type":"post","link":"https:\/\/noti-america.com\/site\/argentina\/2021\/06\/05\/dos-de-cada-tres-pacientes-que-entran-a-terapia-intensiva-por-covid-19-no-sale-con-vida\/","title":{"rendered":"Dos de cada tres pacientes que entran a Terapia Intensiva por Covid-19 no sale con vida"},"content":{"rendered":"<p><img loading=\"lazy\" decoding=\"async\" class=\"aligncenter size-medium wp-image-2642\" src=\"https:\/\/noti-america.com\/site\/argentina\/wp-content\/uploads\/sites\/24\/2020\/04\/coronavirus-argentina-234-300x200.jpg\" alt=\"\" width=\"300\" height=\"200\" srcset=\"https:\/\/noti-america.com\/site\/argentina\/wp-content\/uploads\/sites\/24\/2020\/04\/coronavirus-argentina-234-300x200.jpg 300w, https:\/\/noti-america.com\/site\/argentina\/wp-content\/uploads\/sites\/24\/2020\/04\/coronavirus-argentina-234-1024x682.jpg 1024w, https:\/\/noti-america.com\/site\/argentina\/wp-content\/uploads\/sites\/24\/2020\/04\/coronavirus-argentina-234-768x512.jpg 768w, https:\/\/noti-america.com\/site\/argentina\/wp-content\/uploads\/sites\/24\/2020\/04\/coronavirus-argentina-234-1536x1024.jpg 1536w, https:\/\/noti-america.com\/site\/argentina\/wp-content\/uploads\/sites\/24\/2020\/04\/coronavirus-argentina-234-272x182.jpg 272w, https:\/\/noti-america.com\/site\/argentina\/wp-content\/uploads\/sites\/24\/2020\/04\/coronavirus-argentina-234.jpg 2000w\" sizes=\"auto, (max-width: 300px) 100vw, 300px\" \/><\/p>\n<p style=\"text-align: justify\">ARGENTINA | NOTI-AMERICA.COM<\/p>\n<p>Este viernes la cifra de v\u00edctimas fatales por Covid-19 se elev\u00f3 a 80.411 en la Argentina: 15 mil m\u00e1s que hace un mes atr\u00e1s.<\/p>\n<p>Arnaldo Dubin, terapista e investigador de la Facultad de Ciencias M\u00e9dicas de la Universidad Nacional de La Plata, fue entrevistado por Canal 26 y dio una cifra sobre la cual nadie se hab\u00eda detenido: dos de cada tres personas que ingresan a la terapia intensiva no salen con vida.<\/p>\n<p>El promedio diario de fallecimientos a causa del virus no parece descender a pesar de las medidas de restricci\u00f3n.<\/p>\n<p>Ni siquiera\u00a0 el confinamiento estricto ordenado por el Gobierno nacional parece estar dando resultados positivos en el combate de la pandemia.<\/p>\n<p>Y es que el porcentaje de ocupaci\u00f3n total de camas en las Unidades de Terapia Intensiva es\u00a0 de 78,2% a escala nacional y 75,7% en la provincia de Buenos Aires.<\/p>\n<p>Los pacientes que permanecen internados en las distintas UTI del pa\u00eds son al momento 7.668, una cifra que compite con los pa\u00edses m\u00e1s golpeados por la pandemia.<\/p>\n<p>\u00abEl sistema sanitario est\u00e1 agotado. Ya sea por la cantidad de camas ocupadas que hay, las terapias desbordadas o el desgaste del personal m\u00e9dico, de terapistas, enfermeros, enfermeras y esto influye directamente en la atenci\u00f3n de los pacientes\u00bb, explic\u00f3 Dubin a Am\u00e9rica Noticias.<\/p>\n<p>El galeno coment\u00f3 que en un estudio en el que est\u00e1 trabajando y que van a presentar muy pronto en la revista cient\u00edfica brit\u00e1nica The Lancet, se determin\u00f3 que las causas de la mortalidad en terapia \u00abse deben a la gravedad de la enfermedad\u00bb.<\/p>\n<p>A\u00f1adi\u00f3 que a ello se suman las caracter\u00edsticas del paciente, al tipo de tratamiento, a la intubaci\u00f3n afuera de la terapia y al mes del a\u00f1o en el que entra el paciente.<\/p>\n","protected":false},"excerpt":{"rendered":"<p>ARGENTINA | NOTI-AMERICA.COM Este viernes la cifra de v\u00edctimas fatales por Covid-19 se elev\u00f3 a 80.411 en la Argentina: 15 mil m\u00e1s que hace un mes atr\u00e1s. Arnaldo Dubin, terapista e investigador de la&#46;&#46;&#46;<\/p>\n","protected":false},"author":119,"featured_media":2642,"comment_status":"open","ping_status":"open","sticky":false,"template":"","format":"standard","meta":{"_acf_changed":false,"om_disable_all_campaigns":false,"rop_custom_images_group":[],"rop_custom_messages_group":[],"rop_publish_now":"initial","rop_publish_now_accounts":{"twitter_242054905_242054905":""},"rop_publish_now_history":[],"rop_publish_now_status":"pending","_uf_show_specific_survey":0,"_uf_disable_surveys":false,"footnotes":""},"categories":[164],"tags":[],"class_list":["post-3530","post","type-post","status-publish","format-standard","has-post-thumbnail","hentry","category-nacionales"],"acf":[],"aioseo_notices":[],"yoast_head":"<!-- This site is optimized with the Yoast SEO Premium plugin v24.9 (Yoast SEO v27.2) - https:\/\/yoast.com\/product\/yoast-seo-premium-wordpress\/ -->\n<title>Dos de cada tres pacientes que entran a Terapia Intensiva por Covid-19 no sale con vida - Argentina | Noti-America.com<\/title>\n<meta name=\"robots\" content=\"index, follow, max-snippet:-1, max-image-preview:large, max-video-preview:-1\" \/>\n<link rel=\"canonical\" href=\"https:\/\/noti-america.com\/site\/argentina\/2021\/06\/05\/dos-de-cada-tres-pacientes-que-entran-a-terapia-intensiva-por-covid-19-no-sale-con-vida\/\" \/>\n<meta property=\"og:locale\" content=\"es_ES\" \/>\n<meta property=\"og:type\" content=\"article\" \/>\n<meta property=\"og:title\" content=\"Dos de cada tres pacientes que entran a Terapia Intensiva por Covid-19 no sale con vida\" \/>\n<meta property=\"og:description\" content=\"ARGENTINA | NOTI-AMERICA.COM Este viernes la cifra de v\u00edctimas fatales por Covid-19 se elev\u00f3 a 80.411 en la Argentina: 15 mil m\u00e1s que hace un mes atr\u00e1s. Arnaldo Dubin, terapista e investigador de la&#046;&#046;&#046;\" \/>\n<meta property=\"og:url\" content=\"https:\/\/noti-america.com\/site\/argentina\/2021\/06\/05\/dos-de-cada-tres-pacientes-que-entran-a-terapia-intensiva-por-covid-19-no-sale-con-vida\/\" \/>\n<meta property=\"og:site_name\" content=\"Argentina | Noti-America.com\" \/>\n<meta property=\"article:published_time\" content=\"2021-06-05T03:07:06+00:00\" \/>\n<meta property=\"og:image\" content=\"https:\/\/noti-america.com\/site\/argentina\/wp-content\/uploads\/sites\/24\/2020\/04\/coronavirus-argentina-234.jpg\" \/>\n\t<meta property=\"og:image:width\" content=\"2000\" \/>\n\t<meta property=\"og:image:height\" content=\"1333\" \/>\n\t<meta property=\"og:image:type\" content=\"image\/jpeg\" \/>\n<meta name=\"author\" content=\"Lizardo Aguilar\" \/>\n<meta name=\"twitter:card\" content=\"summary_large_image\" \/>\n<meta name=\"twitter:creator\" content=\"@lizardoaguilar\" \/>\n<meta name=\"twitter:site\" content=\"@inotiamerica\" \/>\n<meta name=\"twitter:label1\" content=\"Escrito por\" \/>\n\t<meta name=\"twitter:data1\" content=\"Lizardo Aguilar\" \/>\n\t<meta name=\"twitter:label2\" content=\"Tiempo estimado de lectura\" \/>\n\t<meta name=\"twitter:data2\" content=\"2 minutos\" \/>\n<script type=\"application\/ld+json\" class=\"yoast-schema-graph\">{\"@context\":\"https:\/\/schema.org\",\"@graph\":[{\"@type\":\"Article\",\"@id\":\"https:\/\/noti-america.com\/site\/argentina\/2021\/06\/05\/dos-de-cada-tres-pacientes-que-entran-a-terapia-intensiva-por-covid-19-no-sale-con-vida\/#article\",\"isPartOf\":{\"@id\":\"https:\/\/noti-america.com\/site\/argentina\/2021\/06\/05\/dos-de-cada-tres-pacientes-que-entran-a-terapia-intensiva-por-covid-19-no-sale-con-vida\/\"},\"author\":{\"name\":\"Lizardo Aguilar\",\"@id\":\"https:\/\/noti-america.com\/site\/argentina\/#\/schema\/person\/ecc92a381c1cbae63f7fc5147b36f5e2\"},\"headline\":\"Dos de cada tres pacientes que entran a Terapia Intensiva por Covid-19 no sale con vida\",\"datePublished\":\"2021-06-05T03:07:06+00:00\",\"mainEntityOfPage\":{\"@id\":\"https:\/\/noti-america.com\/site\/argentina\/2021\/06\/05\/dos-de-cada-tres-pacientes-que-entran-a-terapia-intensiva-por-covid-19-no-sale-con-vida\/\"},\"wordCount\":321,\"commentCount\":0,\"publisher\":{\"@id\":\"https:\/\/noti-america.com\/site\/argentina\/#organization\"},\"image\":{\"@id\":\"https:\/\/noti-america.com\/site\/argentina\/2021\/06\/05\/dos-de-cada-tres-pacientes-que-entran-a-terapia-intensiva-por-covid-19-no-sale-con-vida\/#primaryimage\"},\"thumbnailUrl\":\"https:\/\/noti-america.com\/site\/argentina\/wp-content\/uploads\/sites\/24\/2020\/04\/coronavirus-argentina-234.jpg\",\"articleSection\":[\"Nacionales\"],\"inLanguage\":\"es\",\"potentialAction\":[{\"@type\":\"CommentAction\",\"name\":\"Comment\",\"target\":[\"https:\/\/noti-america.com\/site\/argentina\/2021\/06\/05\/dos-de-cada-tres-pacientes-que-entran-a-terapia-intensiva-por-covid-19-no-sale-con-vida\/#respond\"]}]},{\"@type\":\"WebPage\",\"@id\":\"https:\/\/noti-america.com\/site\/argentina\/2021\/06\/05\/dos-de-cada-tres-pacientes-que-entran-a-terapia-intensiva-por-covid-19-no-sale-con-vida\/\",\"url\":\"https:\/\/noti-america.com\/site\/argentina\/2021\/06\/05\/dos-de-cada-tres-pacientes-que-entran-a-terapia-intensiva-por-covid-19-no-sale-con-vida\/\",\"name\":\"Dos de cada tres pacientes que entran a Terapia Intensiva por Covid-19 no sale con vida - Argentina | Noti-America.com\",\"isPartOf\":{\"@id\":\"https:\/\/noti-america.com\/site\/argentina\/#website\"},\"primaryImageOfPage\":{\"@id\":\"https:\/\/noti-america.com\/site\/argentina\/2021\/06\/05\/dos-de-cada-tres-pacientes-que-entran-a-terapia-intensiva-por-covid-19-no-sale-con-vida\/#primaryimage\"},\"image\":{\"@id\":\"https:\/\/noti-america.com\/site\/argentina\/2021\/06\/05\/dos-de-cada-tres-pacientes-que-entran-a-terapia-intensiva-por-covid-19-no-sale-con-vida\/#primaryimage\"},\"thumbnailUrl\":\"https:\/\/noti-america.com\/site\/argentina\/wp-content\/uploads\/sites\/24\/2020\/04\/coronavirus-argentina-234.jpg\",\"datePublished\":\"2021-06-05T03:07:06+00:00\",\"breadcrumb\":{\"@id\":\"https:\/\/noti-america.com\/site\/argentina\/2021\/06\/05\/dos-de-cada-tres-pacientes-que-entran-a-terapia-intensiva-por-covid-19-no-sale-con-vida\/#breadcrumb\"},\"inLanguage\":\"es\",\"potentialAction\":[{\"@type\":\"ReadAction\",\"target\":[\"https:\/\/noti-america.com\/site\/argentina\/2021\/06\/05\/dos-de-cada-tres-pacientes-que-entran-a-terapia-intensiva-por-covid-19-no-sale-con-vida\/\"]}]},{\"@type\":\"ImageObject\",\"inLanguage\":\"es\",\"@id\":\"https:\/\/noti-america.com\/site\/argentina\/2021\/06\/05\/dos-de-cada-tres-pacientes-que-entran-a-terapia-intensiva-por-covid-19-no-sale-con-vida\/#primaryimage\",\"url\":\"https:\/\/noti-america.com\/site\/argentina\/wp-content\/uploads\/sites\/24\/2020\/04\/coronavirus-argentina-234.jpg\",\"contentUrl\":\"https:\/\/noti-america.com\/site\/argentina\/wp-content\/uploads\/sites\/24\/2020\/04\/coronavirus-argentina-234.jpg\",\"width\":2000,\"height\":1333},{\"@type\":\"BreadcrumbList\",\"@id\":\"https:\/\/noti-america.com\/site\/argentina\/2021\/06\/05\/dos-de-cada-tres-pacientes-que-entran-a-terapia-intensiva-por-covid-19-no-sale-con-vida\/#breadcrumb\",\"itemListElement\":[{\"@type\":\"ListItem\",\"position\":1,\"name\":\"Portada\",\"item\":\"https:\/\/noti-america.com\/site\/argentina\/\"},{\"@type\":\"ListItem\",\"position\":2,\"name\":\"Dos de cada tres pacientes que entran a Terapia Intensiva por Covid-19 no sale con vida\"}]},{\"@type\":\"WebSite\",\"@id\":\"https:\/\/noti-america.com\/site\/argentina\/#website\",\"url\":\"https:\/\/noti-america.com\/site\/argentina\/\",\"name\":\"Argentina | Noti-America.com\",\"description\":\"\",\"publisher\":{\"@id\":\"https:\/\/noti-america.com\/site\/argentina\/#organization\"},\"potentialAction\":[{\"@type\":\"SearchAction\",\"target\":{\"@type\":\"EntryPoint\",\"urlTemplate\":\"https:\/\/noti-america.com\/site\/argentina\/?s={search_term_string}\"},\"query-input\":{\"@type\":\"PropertyValueSpecification\",\"valueRequired\":true,\"valueName\":\"search_term_string\"}}],\"inLanguage\":\"es\"},{\"@type\":\"Organization\",\"@id\":\"https:\/\/noti-america.com\/site\/argentina\/#organization\",\"name\":\"Noti-America LLC | Argentina\",\"url\":\"https:\/\/noti-america.com\/site\/argentina\/\",\"logo\":{\"@type\":\"ImageObject\",\"inLanguage\":\"es\",\"@id\":\"https:\/\/noti-america.com\/site\/argentina\/#\/schema\/logo\/image\/\",\"url\":\"https:\/\/noti-america.com\/site\/argentina\/wp-content\/uploads\/sites\/24\/2020\/07\/LogoNA-4x3-1.jpg\",\"contentUrl\":\"https:\/\/noti-america.com\/site\/argentina\/wp-content\/uploads\/sites\/24\/2020\/07\/LogoNA-4x3-1.jpg\",\"width\":1236,\"height\":1080,\"caption\":\"Noti-America LLC | Argentina\"},\"image\":{\"@id\":\"https:\/\/noti-america.com\/site\/argentina\/#\/schema\/logo\/image\/\"},\"sameAs\":[\"https:\/\/x.com\/inotiamerica\"]},{\"@type\":\"Person\",\"@id\":\"https:\/\/noti-america.com\/site\/argentina\/#\/schema\/person\/ecc92a381c1cbae63f7fc5147b36f5e2\",\"name\":\"Lizardo Aguilar\",\"image\":{\"@type\":\"ImageObject\",\"inLanguage\":\"es\",\"@id\":\"https:\/\/secure.gravatar.com\/avatar\/94eb8cb922e0232c98b9ab7f0924ca9834d570cb4baa09fef036d1ca1de06a17?s=96&d=mm&r=g\",\"url\":\"https:\/\/secure.gravatar.com\/avatar\/94eb8cb922e0232c98b9ab7f0924ca9834d570cb4baa09fef036d1ca1de06a17?s=96&d=mm&r=g\",\"contentUrl\":\"https:\/\/secure.gravatar.com\/avatar\/94eb8cb922e0232c98b9ab7f0924ca9834d570cb4baa09fef036d1ca1de06a17?s=96&d=mm&r=g\",\"caption\":\"Lizardo Aguilar\"},\"description\":\"Periodista de radio, prensa y TV, graduado en la Universidad Santa Mar\u00eda, Barcelona, Venezuela. Editor de noticias con 20 a\u00f1os de experiencia. Productor de TV y radio.\",\"sameAs\":[\"https:\/\/www.facebok.com\/lizardo.a.rojas\",\"https:\/\/x.com\/lizardoaguilar\"],\"url\":\"https:\/\/noti-america.com\/site\/argentina\/author\/laguilar\/\"}]}<\/script>\n<!-- \/ Yoast SEO Premium plugin. -->","yoast_head_json":{"title":"Dos de cada tres pacientes que entran a Terapia Intensiva por Covid-19 no sale con vida - Argentina | Noti-America.com","robots":{"index":"index","follow":"follow","max-snippet":"max-snippet:-1","max-image-preview":"max-image-preview:large","max-video-preview":"max-video-preview:-1"},"canonical":"https:\/\/noti-america.com\/site\/argentina\/2021\/06\/05\/dos-de-cada-tres-pacientes-que-entran-a-terapia-intensiva-por-covid-19-no-sale-con-vida\/","og_locale":"es_ES","og_type":"article","og_title":"Dos de cada tres pacientes que entran a Terapia Intensiva por Covid-19 no sale con vida","og_description":"ARGENTINA | NOTI-AMERICA.COM Este viernes la cifra de v\u00edctimas fatales por Covid-19 se elev\u00f3 a 80.411 en la Argentina: 15 mil m\u00e1s que hace un mes atr\u00e1s. Arnaldo Dubin, terapista e investigador de la&#46;&#46;&#46;","og_url":"https:\/\/noti-america.com\/site\/argentina\/2021\/06\/05\/dos-de-cada-tres-pacientes-que-entran-a-terapia-intensiva-por-covid-19-no-sale-con-vida\/","og_site_name":"Argentina | Noti-America.com","article_published_time":"2021-06-05T03:07:06+00:00","og_image":[{"width":2000,"height":1333,"url":"https:\/\/noti-america.com\/site\/argentina\/wp-content\/uploads\/sites\/24\/2020\/04\/coronavirus-argentina-234.jpg","type":"image\/jpeg"}],"author":"Lizardo Aguilar","twitter_card":"summary_large_image","twitter_creator":"@lizardoaguilar","twitter_site":"@inotiamerica","twitter_misc":{"Escrito por":"Lizardo Aguilar","Tiempo estimado de lectura":"2 minutos"},"schema":{"@context":"https:\/\/schema.org","@graph":[{"@type":"Article","@id":"https:\/\/noti-america.com\/site\/argentina\/2021\/06\/05\/dos-de-cada-tres-pacientes-que-entran-a-terapia-intensiva-por-covid-19-no-sale-con-vida\/#article","isPartOf":{"@id":"https:\/\/noti-america.com\/site\/argentina\/2021\/06\/05\/dos-de-cada-tres-pacientes-que-entran-a-terapia-intensiva-por-covid-19-no-sale-con-vida\/"},"author":{"name":"Lizardo Aguilar","@id":"https:\/\/noti-america.com\/site\/argentina\/#\/schema\/person\/ecc92a381c1cbae63f7fc5147b36f5e2"},"headline":"Dos de cada tres pacientes que entran a Terapia Intensiva por Covid-19 no sale con vida","datePublished":"2021-06-05T03:07:06+00:00","mainEntityOfPage":{"@id":"https:\/\/noti-america.com\/site\/argentina\/2021\/06\/05\/dos-de-cada-tres-pacientes-que-entran-a-terapia-intensiva-por-covid-19-no-sale-con-vida\/"},"wordCount":321,"commentCount":0,"publisher":{"@id":"https:\/\/noti-america.com\/site\/argentina\/#organization"},"image":{"@id":"https:\/\/noti-america.com\/site\/argentina\/2021\/06\/05\/dos-de-cada-tres-pacientes-que-entran-a-terapia-intensiva-por-covid-19-no-sale-con-vida\/#primaryimage"},"thumbnailUrl":"https:\/\/noti-america.com\/site\/argentina\/wp-content\/uploads\/sites\/24\/2020\/04\/coronavirus-argentina-234.jpg","articleSection":["Nacionales"],"inLanguage":"es","potentialAction":[{"@type":"CommentAction","name":"Comment","target":["https:\/\/noti-america.com\/site\/argentina\/2021\/06\/05\/dos-de-cada-tres-pacientes-que-entran-a-terapia-intensiva-por-covid-19-no-sale-con-vida\/#respond"]}]},{"@type":"WebPage","@id":"https:\/\/noti-america.com\/site\/argentina\/2021\/06\/05\/dos-de-cada-tres-pacientes-que-entran-a-terapia-intensiva-por-covid-19-no-sale-con-vida\/","url":"https:\/\/noti-america.com\/site\/argentina\/2021\/06\/05\/dos-de-cada-tres-pacientes-que-entran-a-terapia-intensiva-por-covid-19-no-sale-con-vida\/","name":"Dos de cada tres pacientes que entran a Terapia Intensiva por Covid-19 no sale con vida - Argentina | Noti-America.com","isPartOf":{"@id":"https:\/\/noti-america.com\/site\/argentina\/#website"},"primaryImageOfPage":{"@id":"https:\/\/noti-america.com\/site\/argentina\/2021\/06\/05\/dos-de-cada-tres-pacientes-que-entran-a-terapia-intensiva-por-covid-19-no-sale-con-vida\/#primaryimage"},"image":{"@id":"https:\/\/noti-america.com\/site\/argentina\/2021\/06\/05\/dos-de-cada-tres-pacientes-que-entran-a-terapia-intensiva-por-covid-19-no-sale-con-vida\/#primaryimage"},"thumbnailUrl":"https:\/\/noti-america.com\/site\/argentina\/wp-content\/uploads\/sites\/24\/2020\/04\/coronavirus-argentina-234.jpg","datePublished":"2021-06-05T03:07:06+00:00","breadcrumb":{"@id":"https:\/\/noti-america.com\/site\/argentina\/2021\/06\/05\/dos-de-cada-tres-pacientes-que-entran-a-terapia-intensiva-por-covid-19-no-sale-con-vida\/#breadcrumb"},"inLanguage":"es","potentialAction":[{"@type":"ReadAction","target":["https:\/\/noti-america.com\/site\/argentina\/2021\/06\/05\/dos-de-cada-tres-pacientes-que-entran-a-terapia-intensiva-por-covid-19-no-sale-con-vida\/"]}]},{"@type":"ImageObject","inLanguage":"es","@id":"https:\/\/noti-america.com\/site\/argentina\/2021\/06\/05\/dos-de-cada-tres-pacientes-que-entran-a-terapia-intensiva-por-covid-19-no-sale-con-vida\/#primaryimage","url":"https:\/\/noti-america.com\/site\/argentina\/wp-content\/uploads\/sites\/24\/2020\/04\/coronavirus-argentina-234.jpg","contentUrl":"https:\/\/noti-america.com\/site\/argentina\/wp-content\/uploads\/sites\/24\/2020\/04\/coronavirus-argentina-234.jpg","width":2000,"height":1333},{"@type":"BreadcrumbList","@id":"https:\/\/noti-america.com\/site\/argentina\/2021\/06\/05\/dos-de-cada-tres-pacientes-que-entran-a-terapia-intensiva-por-covid-19-no-sale-con-vida\/#breadcrumb","itemListElement":[{"@type":"ListItem","position":1,"name":"Portada","item":"https:\/\/noti-america.com\/site\/argentina\/"},{"@type":"ListItem","position":2,"name":"Dos de cada tres pacientes que entran a Terapia Intensiva por Covid-19 no sale con vida"}]},{"@type":"WebSite","@id":"https:\/\/noti-america.com\/site\/argentina\/#website","url":"https:\/\/noti-america.com\/site\/argentina\/","name":"Argentina | Noti-America.com","description":"","publisher":{"@id":"https:\/\/noti-america.com\/site\/argentina\/#organization"},"potentialAction":[{"@type":"SearchAction","target":{"@type":"EntryPoint","urlTemplate":"https:\/\/noti-america.com\/site\/argentina\/?s={search_term_string}"},"query-input":{"@type":"PropertyValueSpecification","valueRequired":true,"valueName":"search_term_string"}}],"inLanguage":"es"},{"@type":"Organization","@id":"https:\/\/noti-america.com\/site\/argentina\/#organization","name":"Noti-America LLC | Argentina","url":"https:\/\/noti-america.com\/site\/argentina\/","logo":{"@type":"ImageObject","inLanguage":"es","@id":"https:\/\/noti-america.com\/site\/argentina\/#\/schema\/logo\/image\/","url":"https:\/\/noti-america.com\/site\/argentina\/wp-content\/uploads\/sites\/24\/2020\/07\/LogoNA-4x3-1.jpg","contentUrl":"https:\/\/noti-america.com\/site\/argentina\/wp-content\/uploads\/sites\/24\/2020\/07\/LogoNA-4x3-1.jpg","width":1236,"height":1080,"caption":"Noti-America LLC | Argentina"},"image":{"@id":"https:\/\/noti-america.com\/site\/argentina\/#\/schema\/logo\/image\/"},"sameAs":["https:\/\/x.com\/inotiamerica"]},{"@type":"Person","@id":"https:\/\/noti-america.com\/site\/argentina\/#\/schema\/person\/ecc92a381c1cbae63f7fc5147b36f5e2","name":"Lizardo Aguilar","image":{"@type":"ImageObject","inLanguage":"es","@id":"https:\/\/secure.gravatar.com\/avatar\/94eb8cb922e0232c98b9ab7f0924ca9834d570cb4baa09fef036d1ca1de06a17?s=96&d=mm&r=g","url":"https:\/\/secure.gravatar.com\/avatar\/94eb8cb922e0232c98b9ab7f0924ca9834d570cb4baa09fef036d1ca1de06a17?s=96&d=mm&r=g","contentUrl":"https:\/\/secure.gravatar.com\/avatar\/94eb8cb922e0232c98b9ab7f0924ca9834d570cb4baa09fef036d1ca1de06a17?s=96&d=mm&r=g","caption":"Lizardo Aguilar"},"description":"Periodista de radio, prensa y TV, graduado en la Universidad Santa Mar\u00eda, Barcelona, Venezuela. Editor de noticias con 20 a\u00f1os de experiencia. Productor de TV y radio.","sameAs":["https:\/\/www.facebok.com\/lizardo.a.rojas","https:\/\/x.com\/lizardoaguilar"],"url":"https:\/\/noti-america.com\/site\/argentina\/author\/laguilar\/"}]}},"_links":{"self":[{"href":"https:\/\/noti-america.com\/site\/argentina\/wp-json\/wp\/v2\/posts\/3530","targetHints":{"allow":["GET"]}}],"collection":[{"href":"https:\/\/noti-america.com\/site\/argentina\/wp-json\/wp\/v2\/posts"}],"about":[{"href":"https:\/\/noti-america.com\/site\/argentina\/wp-json\/wp\/v2\/types\/post"}],"author":[{"embeddable":true,"href":"https:\/\/noti-america.com\/site\/argentina\/wp-json\/wp\/v2\/users\/119"}],"replies":[{"embeddable":true,"href":"https:\/\/noti-america.com\/site\/argentina\/wp-json\/wp\/v2\/comments?post=3530"}],"version-history":[{"count":1,"href":"https:\/\/noti-america.com\/site\/argentina\/wp-json\/wp\/v2\/posts\/3530\/revisions"}],"predecessor-version":[{"id":3531,"href":"https:\/\/noti-america.com\/site\/argentina\/wp-json\/wp\/v2\/posts\/3530\/revisions\/3531"}],"wp:featuredmedia":[{"embeddable":true,"href":"https:\/\/noti-america.com\/site\/argentina\/wp-json\/wp\/v2\/media\/2642"}],"wp:attachment":[{"href":"https:\/\/noti-america.com\/site\/argentina\/wp-json\/wp\/v2\/media?parent=3530"}],"wp:term":[{"taxonomy":"category","embeddable":true,"href":"https:\/\/noti-america.com\/site\/argentina\/wp-json\/wp\/v2\/categories?post=3530"},{"taxonomy":"post_tag","embeddable":true,"href":"https:\/\/noti-america.com\/site\/argentina\/wp-json\/wp\/v2\/tags?post=3530"}],"curies":[{"name":"wp","href":"https:\/\/api.w.org\/{rel}","templated":true}]}}