{"id":3371,"date":"2021-05-13T02:40:15","date_gmt":"2021-05-13T05:40:15","guid":{"rendered":"https:\/\/noti-america.com\/site\/argentina\/?p=3371"},"modified":"2021-05-13T02:40:15","modified_gmt":"2021-05-13T05:40:15","slug":"gobierno-argentino-elimino-feriado-de-24-de-mayo-para-desalentar-turismo-frente-a-pandemia","status":"publish","type":"post","link":"https:\/\/noti-america.com\/site\/argentina\/2021\/05\/13\/gobierno-argentino-elimino-feriado-de-24-de-mayo-para-desalentar-turismo-frente-a-pandemia\/","title":{"rendered":"Gobierno argentino elimin\u00f3 feriado de 24 de mayo para desalentar turismo frente a pandemia"},"content":{"rendered":"<p>ARGENTINA | NOTI-AMERICA.COM<\/p>\n<p style=\"text-align: justify\">El gobierno argentino decidi\u00f3 eliminar el feriado del 24 de mayo, con el objetivo de desalentar la movilizaci\u00f3n de personas y as\u00ed contrarrestar los altos niveles de contagio de Covid-19 en el pa\u00eds.<\/p>\n<p style=\"text-align: justify\">Desde hace un mes y medio, la naci\u00f3n atraviesa por una nueva ola de transmisi\u00f3n del pat\u00f3geno, situaci\u00f3n que hasta la fecha ha dejado a casi 70.000 personas fallecidas en todo el territorio nacional.<\/p>\n<p style=\"text-align: justify\">C\u00f3mo es de recordar, el 24 de mayo completaba un llamado puente, pues se enlazaba con un fin de semana, en el que se preve\u00eda que cientos de ciudadanos lo utilizar\u00edan para viajar hacia otras ciudades de la provincia.<\/p>\n<p style=\"text-align: justify\">El objetivo es evitar que se repita la misma situaci\u00f3n que se registr\u00f3 durante la temporada de Semana Santa, la cual dej\u00f3 como resultado miles de personas afectadas por el virus.<\/p>\n<p style=\"text-align: justify\">Durante la semana mayor, unas\u00a04 millones de personas se movilizaron con un gasto total $14.066 millones.<\/p>\n<p>Esto despert\u00f3 las alarmas del equipo de Salud de Alberto Fern\u00e1ndez y tomaron esta medida que ser\u00e1 confirmada en las pr\u00f3ximas jornadas.<\/p>\n<p><img loading=\"lazy\" decoding=\"async\" class=\"aligncenter size-medium wp-image-3197\" src=\"https:\/\/noti-america.com\/site\/argentina\/wp-content\/uploads\/sites\/24\/2021\/04\/473909-300x162.jpg\" alt=\"\" width=\"300\" height=\"162\" srcset=\"https:\/\/noti-america.com\/site\/argentina\/wp-content\/uploads\/sites\/24\/2021\/04\/473909-300x162.jpg 300w, https:\/\/noti-america.com\/site\/argentina\/wp-content\/uploads\/sites\/24\/2021\/04\/473909.jpg 370w\" sizes=\"auto, (max-width: 300px) 100vw, 300px\" \/><\/p>\n","protected":false},"excerpt":{"rendered":"<p>ARGENTINA | NOTI-AMERICA.COM El gobierno argentino decidi\u00f3 eliminar el feriado del 24 de mayo, con el objetivo de desalentar la movilizaci\u00f3n de personas y as\u00ed contrarrestar los altos niveles de contagio de Covid-19 en&#46;&#46;&#46;<\/p>\n","protected":false},"author":119,"featured_media":3197,"comment_status":"open","ping_status":"open","sticky":false,"template":"","format":"standard","meta":{"_acf_changed":false,"om_disable_all_campaigns":false,"rop_custom_images_group":[],"rop_custom_messages_group":[],"rop_publish_now":"initial","rop_publish_now_accounts":{"twitter_242054905_242054905":""},"rop_publish_now_history":[],"rop_publish_now_status":"pending","_uf_show_specific_survey":0,"_uf_disable_surveys":false,"footnotes":""},"categories":[164],"tags":[],"class_list":["post-3371","post","type-post","status-publish","format-standard","has-post-thumbnail","hentry","category-nacionales"],"acf":[],"aioseo_notices":[],"yoast_head":"<!-- This site is optimized with the Yoast SEO Premium plugin v24.9 (Yoast SEO v27.2) - https:\/\/yoast.com\/product\/yoast-seo-premium-wordpress\/ -->\n<title>Gobierno argentino elimin\u00f3 feriado de 24 de mayo para desalentar turismo frente a pandemia - Argentina | Noti-America.com<\/title>\n<meta name=\"robots\" content=\"index, follow, max-snippet:-1, max-image-preview:large, max-video-preview:-1\" \/>\n<link rel=\"canonical\" href=\"https:\/\/noti-america.com\/site\/argentina\/2021\/05\/13\/gobierno-argentino-elimino-feriado-de-24-de-mayo-para-desalentar-turismo-frente-a-pandemia\/\" \/>\n<meta property=\"og:locale\" content=\"es_ES\" \/>\n<meta property=\"og:type\" content=\"article\" \/>\n<meta property=\"og:title\" content=\"Gobierno argentino elimin\u00f3 feriado de 24 de mayo para desalentar turismo frente a pandemia\" \/>\n<meta property=\"og:description\" content=\"ARGENTINA | NOTI-AMERICA.COM El gobierno argentino decidi\u00f3 eliminar el feriado del 24 de mayo, con el objetivo de desalentar la movilizaci\u00f3n de personas y as\u00ed contrarrestar los altos niveles de contagio de Covid-19 en&#046;&#046;&#046;\" \/>\n<meta property=\"og:url\" content=\"https:\/\/noti-america.com\/site\/argentina\/2021\/05\/13\/gobierno-argentino-elimino-feriado-de-24-de-mayo-para-desalentar-turismo-frente-a-pandemia\/\" \/>\n<meta property=\"og:site_name\" content=\"Argentina | Noti-America.com\" \/>\n<meta property=\"article:published_time\" content=\"2021-05-13T05:40:15+00:00\" \/>\n<meta property=\"og:image\" content=\"https:\/\/noti-america.com\/site\/argentina\/wp-content\/uploads\/sites\/24\/2021\/04\/473909.jpg\" \/>\n\t<meta property=\"og:image:width\" content=\"370\" \/>\n\t<meta property=\"og:image:height\" content=\"200\" \/>\n\t<meta property=\"og:image:type\" content=\"image\/jpeg\" \/>\n<meta name=\"author\" content=\"Lizardo Aguilar\" \/>\n<meta name=\"twitter:card\" content=\"summary_large_image\" \/>\n<meta name=\"twitter:creator\" content=\"@lizardoaguilar\" \/>\n<meta name=\"twitter:site\" content=\"@inotiamerica\" \/>\n<meta name=\"twitter:label1\" content=\"Escrito por\" \/>\n\t<meta name=\"twitter:data1\" content=\"Lizardo Aguilar\" \/>\n\t<meta name=\"twitter:label2\" content=\"Tiempo estimado de lectura\" \/>\n\t<meta name=\"twitter:data2\" content=\"1 minuto\" \/>\n<script type=\"application\/ld+json\" class=\"yoast-schema-graph\">{\"@context\":\"https:\/\/schema.org\",\"@graph\":[{\"@type\":\"Article\",\"@id\":\"https:\/\/noti-america.com\/site\/argentina\/2021\/05\/13\/gobierno-argentino-elimino-feriado-de-24-de-mayo-para-desalentar-turismo-frente-a-pandemia\/#article\",\"isPartOf\":{\"@id\":\"https:\/\/noti-america.com\/site\/argentina\/2021\/05\/13\/gobierno-argentino-elimino-feriado-de-24-de-mayo-para-desalentar-turismo-frente-a-pandemia\/\"},\"author\":{\"name\":\"Lizardo Aguilar\",\"@id\":\"https:\/\/noti-america.com\/site\/argentina\/#\/schema\/person\/ecc92a381c1cbae63f7fc5147b36f5e2\"},\"headline\":\"Gobierno argentino elimin\u00f3 feriado de 24 de mayo para desalentar turismo frente a pandemia\",\"datePublished\":\"2021-05-13T05:40:15+00:00\",\"mainEntityOfPage\":{\"@id\":\"https:\/\/noti-america.com\/site\/argentina\/2021\/05\/13\/gobierno-argentino-elimino-feriado-de-24-de-mayo-para-desalentar-turismo-frente-a-pandemia\/\"},\"wordCount\":199,\"commentCount\":0,\"publisher\":{\"@id\":\"https:\/\/noti-america.com\/site\/argentina\/#organization\"},\"image\":{\"@id\":\"https:\/\/noti-america.com\/site\/argentina\/2021\/05\/13\/gobierno-argentino-elimino-feriado-de-24-de-mayo-para-desalentar-turismo-frente-a-pandemia\/#primaryimage\"},\"thumbnailUrl\":\"https:\/\/noti-america.com\/site\/argentina\/wp-content\/uploads\/sites\/24\/2021\/04\/473909.jpg\",\"articleSection\":[\"Nacionales\"],\"inLanguage\":\"es\",\"potentialAction\":[{\"@type\":\"CommentAction\",\"name\":\"Comment\",\"target\":[\"https:\/\/noti-america.com\/site\/argentina\/2021\/05\/13\/gobierno-argentino-elimino-feriado-de-24-de-mayo-para-desalentar-turismo-frente-a-pandemia\/#respond\"]}]},{\"@type\":\"WebPage\",\"@id\":\"https:\/\/noti-america.com\/site\/argentina\/2021\/05\/13\/gobierno-argentino-elimino-feriado-de-24-de-mayo-para-desalentar-turismo-frente-a-pandemia\/\",\"url\":\"https:\/\/noti-america.com\/site\/argentina\/2021\/05\/13\/gobierno-argentino-elimino-feriado-de-24-de-mayo-para-desalentar-turismo-frente-a-pandemia\/\",\"name\":\"Gobierno argentino elimin\u00f3 feriado de 24 de mayo para desalentar turismo frente a pandemia - Argentina | Noti-America.com\",\"isPartOf\":{\"@id\":\"https:\/\/noti-america.com\/site\/argentina\/#website\"},\"primaryImageOfPage\":{\"@id\":\"https:\/\/noti-america.com\/site\/argentina\/2021\/05\/13\/gobierno-argentino-elimino-feriado-de-24-de-mayo-para-desalentar-turismo-frente-a-pandemia\/#primaryimage\"},\"image\":{\"@id\":\"https:\/\/noti-america.com\/site\/argentina\/2021\/05\/13\/gobierno-argentino-elimino-feriado-de-24-de-mayo-para-desalentar-turismo-frente-a-pandemia\/#primaryimage\"},\"thumbnailUrl\":\"https:\/\/noti-america.com\/site\/argentina\/wp-content\/uploads\/sites\/24\/2021\/04\/473909.jpg\",\"datePublished\":\"2021-05-13T05:40:15+00:00\",\"breadcrumb\":{\"@id\":\"https:\/\/noti-america.com\/site\/argentina\/2021\/05\/13\/gobierno-argentino-elimino-feriado-de-24-de-mayo-para-desalentar-turismo-frente-a-pandemia\/#breadcrumb\"},\"inLanguage\":\"es\",\"potentialAction\":[{\"@type\":\"ReadAction\",\"target\":[\"https:\/\/noti-america.com\/site\/argentina\/2021\/05\/13\/gobierno-argentino-elimino-feriado-de-24-de-mayo-para-desalentar-turismo-frente-a-pandemia\/\"]}]},{\"@type\":\"ImageObject\",\"inLanguage\":\"es\",\"@id\":\"https:\/\/noti-america.com\/site\/argentina\/2021\/05\/13\/gobierno-argentino-elimino-feriado-de-24-de-mayo-para-desalentar-turismo-frente-a-pandemia\/#primaryimage\",\"url\":\"https:\/\/noti-america.com\/site\/argentina\/wp-content\/uploads\/sites\/24\/2021\/04\/473909.jpg\",\"contentUrl\":\"https:\/\/noti-america.com\/site\/argentina\/wp-content\/uploads\/sites\/24\/2021\/04\/473909.jpg\",\"width\":370,\"height\":200},{\"@type\":\"BreadcrumbList\",\"@id\":\"https:\/\/noti-america.com\/site\/argentina\/2021\/05\/13\/gobierno-argentino-elimino-feriado-de-24-de-mayo-para-desalentar-turismo-frente-a-pandemia\/#breadcrumb\",\"itemListElement\":[{\"@type\":\"ListItem\",\"position\":1,\"name\":\"Portada\",\"item\":\"https:\/\/noti-america.com\/site\/argentina\/\"},{\"@type\":\"ListItem\",\"position\":2,\"name\":\"Gobierno argentino elimin\u00f3 feriado de 24 de mayo para desalentar turismo frente a pandemia\"}]},{\"@type\":\"WebSite\",\"@id\":\"https:\/\/noti-america.com\/site\/argentina\/#website\",\"url\":\"https:\/\/noti-america.com\/site\/argentina\/\",\"name\":\"Argentina | Noti-America.com\",\"description\":\"\",\"publisher\":{\"@id\":\"https:\/\/noti-america.com\/site\/argentina\/#organization\"},\"potentialAction\":[{\"@type\":\"SearchAction\",\"target\":{\"@type\":\"EntryPoint\",\"urlTemplate\":\"https:\/\/noti-america.com\/site\/argentina\/?s={search_term_string}\"},\"query-input\":{\"@type\":\"PropertyValueSpecification\",\"valueRequired\":true,\"valueName\":\"search_term_string\"}}],\"inLanguage\":\"es\"},{\"@type\":\"Organization\",\"@id\":\"https:\/\/noti-america.com\/site\/argentina\/#organization\",\"name\":\"Noti-America LLC | Argentina\",\"url\":\"https:\/\/noti-america.com\/site\/argentina\/\",\"logo\":{\"@type\":\"ImageObject\",\"inLanguage\":\"es\",\"@id\":\"https:\/\/noti-america.com\/site\/argentina\/#\/schema\/logo\/image\/\",\"url\":\"https:\/\/noti-america.com\/site\/argentina\/wp-content\/uploads\/sites\/24\/2020\/07\/LogoNA-4x3-1.jpg\",\"contentUrl\":\"https:\/\/noti-america.com\/site\/argentina\/wp-content\/uploads\/sites\/24\/2020\/07\/LogoNA-4x3-1.jpg\",\"width\":1236,\"height\":1080,\"caption\":\"Noti-America LLC | Argentina\"},\"image\":{\"@id\":\"https:\/\/noti-america.com\/site\/argentina\/#\/schema\/logo\/image\/\"},\"sameAs\":[\"https:\/\/x.com\/inotiamerica\"]},{\"@type\":\"Person\",\"@id\":\"https:\/\/noti-america.com\/site\/argentina\/#\/schema\/person\/ecc92a381c1cbae63f7fc5147b36f5e2\",\"name\":\"Lizardo Aguilar\",\"image\":{\"@type\":\"ImageObject\",\"inLanguage\":\"es\",\"@id\":\"https:\/\/secure.gravatar.com\/avatar\/94eb8cb922e0232c98b9ab7f0924ca9834d570cb4baa09fef036d1ca1de06a17?s=96&d=mm&r=g\",\"url\":\"https:\/\/secure.gravatar.com\/avatar\/94eb8cb922e0232c98b9ab7f0924ca9834d570cb4baa09fef036d1ca1de06a17?s=96&d=mm&r=g\",\"contentUrl\":\"https:\/\/secure.gravatar.com\/avatar\/94eb8cb922e0232c98b9ab7f0924ca9834d570cb4baa09fef036d1ca1de06a17?s=96&d=mm&r=g\",\"caption\":\"Lizardo Aguilar\"},\"description\":\"Periodista de radio, prensa y TV, graduado en la Universidad Santa Mar\u00eda, Barcelona, Venezuela. Editor de noticias con 20 a\u00f1os de experiencia. Productor de TV y radio.\",\"sameAs\":[\"https:\/\/www.facebok.com\/lizardo.a.rojas\",\"https:\/\/x.com\/lizardoaguilar\"],\"url\":\"https:\/\/noti-america.com\/site\/argentina\/author\/laguilar\/\"}]}<\/script>\n<!-- \/ Yoast SEO Premium plugin. -->","yoast_head_json":{"title":"Gobierno argentino elimin\u00f3 feriado de 24 de mayo para desalentar turismo frente a pandemia - Argentina | Noti-America.com","robots":{"index":"index","follow":"follow","max-snippet":"max-snippet:-1","max-image-preview":"max-image-preview:large","max-video-preview":"max-video-preview:-1"},"canonical":"https:\/\/noti-america.com\/site\/argentina\/2021\/05\/13\/gobierno-argentino-elimino-feriado-de-24-de-mayo-para-desalentar-turismo-frente-a-pandemia\/","og_locale":"es_ES","og_type":"article","og_title":"Gobierno argentino elimin\u00f3 feriado de 24 de mayo para desalentar turismo frente a pandemia","og_description":"ARGENTINA | NOTI-AMERICA.COM El gobierno argentino decidi\u00f3 eliminar el feriado del 24 de mayo, con el objetivo de desalentar la movilizaci\u00f3n de personas y as\u00ed contrarrestar los altos niveles de contagio de Covid-19 en&#46;&#46;&#46;","og_url":"https:\/\/noti-america.com\/site\/argentina\/2021\/05\/13\/gobierno-argentino-elimino-feriado-de-24-de-mayo-para-desalentar-turismo-frente-a-pandemia\/","og_site_name":"Argentina | Noti-America.com","article_published_time":"2021-05-13T05:40:15+00:00","og_image":[{"width":370,"height":200,"url":"https:\/\/noti-america.com\/site\/argentina\/wp-content\/uploads\/sites\/24\/2021\/04\/473909.jpg","type":"image\/jpeg"}],"author":"Lizardo Aguilar","twitter_card":"summary_large_image","twitter_creator":"@lizardoaguilar","twitter_site":"@inotiamerica","twitter_misc":{"Escrito por":"Lizardo Aguilar","Tiempo estimado de lectura":"1 minuto"},"schema":{"@context":"https:\/\/schema.org","@graph":[{"@type":"Article","@id":"https:\/\/noti-america.com\/site\/argentina\/2021\/05\/13\/gobierno-argentino-elimino-feriado-de-24-de-mayo-para-desalentar-turismo-frente-a-pandemia\/#article","isPartOf":{"@id":"https:\/\/noti-america.com\/site\/argentina\/2021\/05\/13\/gobierno-argentino-elimino-feriado-de-24-de-mayo-para-desalentar-turismo-frente-a-pandemia\/"},"author":{"name":"Lizardo Aguilar","@id":"https:\/\/noti-america.com\/site\/argentina\/#\/schema\/person\/ecc92a381c1cbae63f7fc5147b36f5e2"},"headline":"Gobierno argentino elimin\u00f3 feriado de 24 de mayo para desalentar turismo frente a pandemia","datePublished":"2021-05-13T05:40:15+00:00","mainEntityOfPage":{"@id":"https:\/\/noti-america.com\/site\/argentina\/2021\/05\/13\/gobierno-argentino-elimino-feriado-de-24-de-mayo-para-desalentar-turismo-frente-a-pandemia\/"},"wordCount":199,"commentCount":0,"publisher":{"@id":"https:\/\/noti-america.com\/site\/argentina\/#organization"},"image":{"@id":"https:\/\/noti-america.com\/site\/argentina\/2021\/05\/13\/gobierno-argentino-elimino-feriado-de-24-de-mayo-para-desalentar-turismo-frente-a-pandemia\/#primaryimage"},"thumbnailUrl":"https:\/\/noti-america.com\/site\/argentina\/wp-content\/uploads\/sites\/24\/2021\/04\/473909.jpg","articleSection":["Nacionales"],"inLanguage":"es","potentialAction":[{"@type":"CommentAction","name":"Comment","target":["https:\/\/noti-america.com\/site\/argentina\/2021\/05\/13\/gobierno-argentino-elimino-feriado-de-24-de-mayo-para-desalentar-turismo-frente-a-pandemia\/#respond"]}]},{"@type":"WebPage","@id":"https:\/\/noti-america.com\/site\/argentina\/2021\/05\/13\/gobierno-argentino-elimino-feriado-de-24-de-mayo-para-desalentar-turismo-frente-a-pandemia\/","url":"https:\/\/noti-america.com\/site\/argentina\/2021\/05\/13\/gobierno-argentino-elimino-feriado-de-24-de-mayo-para-desalentar-turismo-frente-a-pandemia\/","name":"Gobierno argentino elimin\u00f3 feriado de 24 de mayo para desalentar turismo frente a pandemia - Argentina | Noti-America.com","isPartOf":{"@id":"https:\/\/noti-america.com\/site\/argentina\/#website"},"primaryImageOfPage":{"@id":"https:\/\/noti-america.com\/site\/argentina\/2021\/05\/13\/gobierno-argentino-elimino-feriado-de-24-de-mayo-para-desalentar-turismo-frente-a-pandemia\/#primaryimage"},"image":{"@id":"https:\/\/noti-america.com\/site\/argentina\/2021\/05\/13\/gobierno-argentino-elimino-feriado-de-24-de-mayo-para-desalentar-turismo-frente-a-pandemia\/#primaryimage"},"thumbnailUrl":"https:\/\/noti-america.com\/site\/argentina\/wp-content\/uploads\/sites\/24\/2021\/04\/473909.jpg","datePublished":"2021-05-13T05:40:15+00:00","breadcrumb":{"@id":"https:\/\/noti-america.com\/site\/argentina\/2021\/05\/13\/gobierno-argentino-elimino-feriado-de-24-de-mayo-para-desalentar-turismo-frente-a-pandemia\/#breadcrumb"},"inLanguage":"es","potentialAction":[{"@type":"ReadAction","target":["https:\/\/noti-america.com\/site\/argentina\/2021\/05\/13\/gobierno-argentino-elimino-feriado-de-24-de-mayo-para-desalentar-turismo-frente-a-pandemia\/"]}]},{"@type":"ImageObject","inLanguage":"es","@id":"https:\/\/noti-america.com\/site\/argentina\/2021\/05\/13\/gobierno-argentino-elimino-feriado-de-24-de-mayo-para-desalentar-turismo-frente-a-pandemia\/#primaryimage","url":"https:\/\/noti-america.com\/site\/argentina\/wp-content\/uploads\/sites\/24\/2021\/04\/473909.jpg","contentUrl":"https:\/\/noti-america.com\/site\/argentina\/wp-content\/uploads\/sites\/24\/2021\/04\/473909.jpg","width":370,"height":200},{"@type":"BreadcrumbList","@id":"https:\/\/noti-america.com\/site\/argentina\/2021\/05\/13\/gobierno-argentino-elimino-feriado-de-24-de-mayo-para-desalentar-turismo-frente-a-pandemia\/#breadcrumb","itemListElement":[{"@type":"ListItem","position":1,"name":"Portada","item":"https:\/\/noti-america.com\/site\/argentina\/"},{"@type":"ListItem","position":2,"name":"Gobierno argentino elimin\u00f3 feriado de 24 de mayo para desalentar turismo frente a pandemia"}]},{"@type":"WebSite","@id":"https:\/\/noti-america.com\/site\/argentina\/#website","url":"https:\/\/noti-america.com\/site\/argentina\/","name":"Argentina | Noti-America.com","description":"","publisher":{"@id":"https:\/\/noti-america.com\/site\/argentina\/#organization"},"potentialAction":[{"@type":"SearchAction","target":{"@type":"EntryPoint","urlTemplate":"https:\/\/noti-america.com\/site\/argentina\/?s={search_term_string}"},"query-input":{"@type":"PropertyValueSpecification","valueRequired":true,"valueName":"search_term_string"}}],"inLanguage":"es"},{"@type":"Organization","@id":"https:\/\/noti-america.com\/site\/argentina\/#organization","name":"Noti-America LLC | Argentina","url":"https:\/\/noti-america.com\/site\/argentina\/","logo":{"@type":"ImageObject","inLanguage":"es","@id":"https:\/\/noti-america.com\/site\/argentina\/#\/schema\/logo\/image\/","url":"https:\/\/noti-america.com\/site\/argentina\/wp-content\/uploads\/sites\/24\/2020\/07\/LogoNA-4x3-1.jpg","contentUrl":"https:\/\/noti-america.com\/site\/argentina\/wp-content\/uploads\/sites\/24\/2020\/07\/LogoNA-4x3-1.jpg","width":1236,"height":1080,"caption":"Noti-America LLC | Argentina"},"image":{"@id":"https:\/\/noti-america.com\/site\/argentina\/#\/schema\/logo\/image\/"},"sameAs":["https:\/\/x.com\/inotiamerica"]},{"@type":"Person","@id":"https:\/\/noti-america.com\/site\/argentina\/#\/schema\/person\/ecc92a381c1cbae63f7fc5147b36f5e2","name":"Lizardo Aguilar","image":{"@type":"ImageObject","inLanguage":"es","@id":"https:\/\/secure.gravatar.com\/avatar\/94eb8cb922e0232c98b9ab7f0924ca9834d570cb4baa09fef036d1ca1de06a17?s=96&d=mm&r=g","url":"https:\/\/secure.gravatar.com\/avatar\/94eb8cb922e0232c98b9ab7f0924ca9834d570cb4baa09fef036d1ca1de06a17?s=96&d=mm&r=g","contentUrl":"https:\/\/secure.gravatar.com\/avatar\/94eb8cb922e0232c98b9ab7f0924ca9834d570cb4baa09fef036d1ca1de06a17?s=96&d=mm&r=g","caption":"Lizardo Aguilar"},"description":"Periodista de radio, prensa y TV, graduado en la Universidad Santa Mar\u00eda, Barcelona, Venezuela. Editor de noticias con 20 a\u00f1os de experiencia. Productor de TV y radio.","sameAs":["https:\/\/www.facebok.com\/lizardo.a.rojas","https:\/\/x.com\/lizardoaguilar"],"url":"https:\/\/noti-america.com\/site\/argentina\/author\/laguilar\/"}]}},"_links":{"self":[{"href":"https:\/\/noti-america.com\/site\/argentina\/wp-json\/wp\/v2\/posts\/3371","targetHints":{"allow":["GET"]}}],"collection":[{"href":"https:\/\/noti-america.com\/site\/argentina\/wp-json\/wp\/v2\/posts"}],"about":[{"href":"https:\/\/noti-america.com\/site\/argentina\/wp-json\/wp\/v2\/types\/post"}],"author":[{"embeddable":true,"href":"https:\/\/noti-america.com\/site\/argentina\/wp-json\/wp\/v2\/users\/119"}],"replies":[{"embeddable":true,"href":"https:\/\/noti-america.com\/site\/argentina\/wp-json\/wp\/v2\/comments?post=3371"}],"version-history":[{"count":1,"href":"https:\/\/noti-america.com\/site\/argentina\/wp-json\/wp\/v2\/posts\/3371\/revisions"}],"predecessor-version":[{"id":3372,"href":"https:\/\/noti-america.com\/site\/argentina\/wp-json\/wp\/v2\/posts\/3371\/revisions\/3372"}],"wp:featuredmedia":[{"embeddable":true,"href":"https:\/\/noti-america.com\/site\/argentina\/wp-json\/wp\/v2\/media\/3197"}],"wp:attachment":[{"href":"https:\/\/noti-america.com\/site\/argentina\/wp-json\/wp\/v2\/media?parent=3371"}],"wp:term":[{"taxonomy":"category","embeddable":true,"href":"https:\/\/noti-america.com\/site\/argentina\/wp-json\/wp\/v2\/categories?post=3371"},{"taxonomy":"post_tag","embeddable":true,"href":"https:\/\/noti-america.com\/site\/argentina\/wp-json\/wp\/v2\/tags?post=3371"}],"curies":[{"name":"wp","href":"https:\/\/api.w.org\/{rel}","templated":true}]}}