{"id":3279,"date":"2021-05-02T21:47:13","date_gmt":"2021-05-03T00:47:13","guid":{"rendered":"https:\/\/noti-america.com\/site\/argentina\/?p=3279"},"modified":"2021-05-02T21:47:13","modified_gmt":"2021-05-03T00:47:13","slug":"fuerte-sismo-en-chile-se-sintio-en-cuatro-provincias-argentinas","status":"publish","type":"post","link":"https:\/\/noti-america.com\/site\/argentina\/2021\/05\/02\/fuerte-sismo-en-chile-se-sintio-en-cuatro-provincias-argentinas\/","title":{"rendered":"Fuerte sismo en Chile se sinti\u00f3 en cuatro provincias argentinas"},"content":{"rendered":"<p><img loading=\"lazy\" decoding=\"async\" class=\"aligncenter size-medium wp-image-3280\" src=\"https:\/\/noti-america.com\/site\/argentina\/wp-content\/uploads\/sites\/24\/2021\/05\/image-300x216.jpeg\" alt=\"\" width=\"300\" height=\"216\" srcset=\"https:\/\/noti-america.com\/site\/argentina\/wp-content\/uploads\/sites\/24\/2021\/05\/image-300x216.jpeg 300w, https:\/\/noti-america.com\/site\/argentina\/wp-content\/uploads\/sites\/24\/2021\/05\/image-768x552.jpeg 768w, https:\/\/noti-america.com\/site\/argentina\/wp-content\/uploads\/sites\/24\/2021\/05\/image.jpeg 1024w\" sizes=\"auto, (max-width: 300px) 100vw, 300px\" \/><\/p>\n<p>ARGENTINA | NOTI-AM\u00c9RICA.COM<\/p>\n<p style=\"text-align: justify\">Un fuerte sismo ocurrido en Chile se sinti\u00f3 este domingo en cinco provincias argentinas.<\/p>\n<p style=\"text-align: justify\">\u00a0Seg\u00fan autoridades, el movimiento tel\u00farico tuvo una magnitud de 6,2 grados en la escala de Richter y se registr\u00f3 a eso de las 4:20 de la tarde, en la comunidad de Coquimbo.<\/p>\n<p style=\"text-align: justify\">\u00a0Las provincias argentinas de Mendoza, San Juan, La Rioja, Tucum\u00e1n y C\u00f3rdoba, habr\u00edan sentido los coletazos del movimiento s\u00edsmico que aterr\u00f3 a los chilenos casi al final de la tarde.<\/p>\n<p style=\"text-align: justify\">\u00a0De acuerdo con autoridades de este pa\u00eds, hasta ahora no se ha reportado ninguna v\u00edctima fatal como consecuencia del temblor.<\/p>\n<p style=\"text-align: justify\">\u00a0Fuentes indicaron que un segundo movimiento habr\u00eda ocurrido a eso de las 8:37 de la noche en la misma comunidad donde se produjo el primer terremoto.<\/p>\n<p style=\"text-align: justify\">\u00a0El gobierno chileno se mantiene alerta ante la posibilidad de que se repitan otros episodios, por lo que solicit\u00f3 \u00a0a los ciudadanos mantenerse atentos ante cualquier nueva situaci\u00f3n.<\/p>\n<p>&nbsp;<\/p>\n","protected":false},"excerpt":{"rendered":"<p>ARGENTINA | NOTI-AM\u00c9RICA.COM Un fuerte sismo ocurrido en Chile se sinti\u00f3 este domingo en cinco provincias argentinas. \u00a0Seg\u00fan autoridades, el movimiento tel\u00farico tuvo una magnitud de 6,2 grados en la escala de Richter y&#46;&#46;&#46;<\/p>\n","protected":false},"author":119,"featured_media":3280,"comment_status":"open","ping_status":"open","sticky":false,"template":"","format":"standard","meta":{"_acf_changed":false,"om_disable_all_campaigns":false,"rop_custom_images_group":[],"rop_custom_messages_group":[],"rop_publish_now":"initial","rop_publish_now_accounts":{"twitter_242054905_242054905":""},"rop_publish_now_history":[],"rop_publish_now_status":"pending","_uf_show_specific_survey":0,"_uf_disable_surveys":false,"footnotes":""},"categories":[164],"tags":[],"class_list":["post-3279","post","type-post","status-publish","format-standard","has-post-thumbnail","hentry","category-nacionales"],"acf":[],"aioseo_notices":[],"yoast_head":"<!-- This site is optimized with the Yoast SEO Premium plugin v24.9 (Yoast SEO v27.2) - https:\/\/yoast.com\/product\/yoast-seo-premium-wordpress\/ -->\n<title>Fuerte sismo en Chile se sinti\u00f3 en cuatro provincias argentinas - Argentina | Noti-America.com<\/title>\n<meta name=\"robots\" content=\"index, follow, max-snippet:-1, max-image-preview:large, max-video-preview:-1\" \/>\n<link rel=\"canonical\" href=\"https:\/\/noti-america.com\/site\/argentina\/2021\/05\/02\/fuerte-sismo-en-chile-se-sintio-en-cuatro-provincias-argentinas\/\" \/>\n<meta property=\"og:locale\" content=\"es_ES\" \/>\n<meta property=\"og:type\" content=\"article\" \/>\n<meta property=\"og:title\" content=\"Fuerte sismo en Chile se sinti\u00f3 en cuatro provincias argentinas\" \/>\n<meta property=\"og:description\" content=\"ARGENTINA | NOTI-AM\u00c9RICA.COM Un fuerte sismo ocurrido en Chile se sinti\u00f3 este domingo en cinco provincias argentinas. \u00a0Seg\u00fan autoridades, el movimiento tel\u00farico tuvo una magnitud de 6,2 grados en la escala de Richter y&#046;&#046;&#046;\" \/>\n<meta property=\"og:url\" content=\"https:\/\/noti-america.com\/site\/argentina\/2021\/05\/02\/fuerte-sismo-en-chile-se-sintio-en-cuatro-provincias-argentinas\/\" \/>\n<meta property=\"og:site_name\" content=\"Argentina | Noti-America.com\" \/>\n<meta property=\"article:published_time\" content=\"2021-05-03T00:47:13+00:00\" \/>\n<meta property=\"og:image\" content=\"https:\/\/noti-america.com\/site\/argentina\/wp-content\/uploads\/sites\/24\/2021\/05\/image.jpeg\" \/>\n\t<meta property=\"og:image:width\" content=\"1024\" \/>\n\t<meta property=\"og:image:height\" content=\"736\" \/>\n\t<meta property=\"og:image:type\" content=\"image\/jpeg\" \/>\n<meta name=\"author\" content=\"Lizardo Aguilar\" \/>\n<meta name=\"twitter:card\" content=\"summary_large_image\" \/>\n<meta name=\"twitter:creator\" content=\"@lizardoaguilar\" \/>\n<meta name=\"twitter:site\" content=\"@inotiamerica\" \/>\n<meta name=\"twitter:label1\" content=\"Escrito por\" \/>\n\t<meta name=\"twitter:data1\" content=\"Lizardo Aguilar\" \/>\n\t<meta name=\"twitter:label2\" content=\"Tiempo estimado de lectura\" \/>\n\t<meta name=\"twitter:data2\" content=\"1 minuto\" \/>\n<script type=\"application\/ld+json\" class=\"yoast-schema-graph\">{\"@context\":\"https:\/\/schema.org\",\"@graph\":[{\"@type\":\"Article\",\"@id\":\"https:\/\/noti-america.com\/site\/argentina\/2021\/05\/02\/fuerte-sismo-en-chile-se-sintio-en-cuatro-provincias-argentinas\/#article\",\"isPartOf\":{\"@id\":\"https:\/\/noti-america.com\/site\/argentina\/2021\/05\/02\/fuerte-sismo-en-chile-se-sintio-en-cuatro-provincias-argentinas\/\"},\"author\":{\"name\":\"Lizardo Aguilar\",\"@id\":\"https:\/\/noti-america.com\/site\/argentina\/#\/schema\/person\/ecc92a381c1cbae63f7fc5147b36f5e2\"},\"headline\":\"Fuerte sismo en Chile se sinti\u00f3 en cuatro provincias argentinas\",\"datePublished\":\"2021-05-03T00:47:13+00:00\",\"mainEntityOfPage\":{\"@id\":\"https:\/\/noti-america.com\/site\/argentina\/2021\/05\/02\/fuerte-sismo-en-chile-se-sintio-en-cuatro-provincias-argentinas\/\"},\"wordCount\":172,\"commentCount\":0,\"publisher\":{\"@id\":\"https:\/\/noti-america.com\/site\/argentina\/#organization\"},\"image\":{\"@id\":\"https:\/\/noti-america.com\/site\/argentina\/2021\/05\/02\/fuerte-sismo-en-chile-se-sintio-en-cuatro-provincias-argentinas\/#primaryimage\"},\"thumbnailUrl\":\"https:\/\/noti-america.com\/site\/argentina\/wp-content\/uploads\/sites\/24\/2021\/05\/image.jpeg\",\"articleSection\":[\"Nacionales\"],\"inLanguage\":\"es\",\"potentialAction\":[{\"@type\":\"CommentAction\",\"name\":\"Comment\",\"target\":[\"https:\/\/noti-america.com\/site\/argentina\/2021\/05\/02\/fuerte-sismo-en-chile-se-sintio-en-cuatro-provincias-argentinas\/#respond\"]}]},{\"@type\":\"WebPage\",\"@id\":\"https:\/\/noti-america.com\/site\/argentina\/2021\/05\/02\/fuerte-sismo-en-chile-se-sintio-en-cuatro-provincias-argentinas\/\",\"url\":\"https:\/\/noti-america.com\/site\/argentina\/2021\/05\/02\/fuerte-sismo-en-chile-se-sintio-en-cuatro-provincias-argentinas\/\",\"name\":\"Fuerte sismo en Chile se sinti\u00f3 en cuatro provincias argentinas - Argentina | Noti-America.com\",\"isPartOf\":{\"@id\":\"https:\/\/noti-america.com\/site\/argentina\/#website\"},\"primaryImageOfPage\":{\"@id\":\"https:\/\/noti-america.com\/site\/argentina\/2021\/05\/02\/fuerte-sismo-en-chile-se-sintio-en-cuatro-provincias-argentinas\/#primaryimage\"},\"image\":{\"@id\":\"https:\/\/noti-america.com\/site\/argentina\/2021\/05\/02\/fuerte-sismo-en-chile-se-sintio-en-cuatro-provincias-argentinas\/#primaryimage\"},\"thumbnailUrl\":\"https:\/\/noti-america.com\/site\/argentina\/wp-content\/uploads\/sites\/24\/2021\/05\/image.jpeg\",\"datePublished\":\"2021-05-03T00:47:13+00:00\",\"breadcrumb\":{\"@id\":\"https:\/\/noti-america.com\/site\/argentina\/2021\/05\/02\/fuerte-sismo-en-chile-se-sintio-en-cuatro-provincias-argentinas\/#breadcrumb\"},\"inLanguage\":\"es\",\"potentialAction\":[{\"@type\":\"ReadAction\",\"target\":[\"https:\/\/noti-america.com\/site\/argentina\/2021\/05\/02\/fuerte-sismo-en-chile-se-sintio-en-cuatro-provincias-argentinas\/\"]}]},{\"@type\":\"ImageObject\",\"inLanguage\":\"es\",\"@id\":\"https:\/\/noti-america.com\/site\/argentina\/2021\/05\/02\/fuerte-sismo-en-chile-se-sintio-en-cuatro-provincias-argentinas\/#primaryimage\",\"url\":\"https:\/\/noti-america.com\/site\/argentina\/wp-content\/uploads\/sites\/24\/2021\/05\/image.jpeg\",\"contentUrl\":\"https:\/\/noti-america.com\/site\/argentina\/wp-content\/uploads\/sites\/24\/2021\/05\/image.jpeg\",\"width\":1024,\"height\":736},{\"@type\":\"BreadcrumbList\",\"@id\":\"https:\/\/noti-america.com\/site\/argentina\/2021\/05\/02\/fuerte-sismo-en-chile-se-sintio-en-cuatro-provincias-argentinas\/#breadcrumb\",\"itemListElement\":[{\"@type\":\"ListItem\",\"position\":1,\"name\":\"Portada\",\"item\":\"https:\/\/noti-america.com\/site\/argentina\/\"},{\"@type\":\"ListItem\",\"position\":2,\"name\":\"Fuerte sismo en Chile se sinti\u00f3 en cuatro provincias argentinas\"}]},{\"@type\":\"WebSite\",\"@id\":\"https:\/\/noti-america.com\/site\/argentina\/#website\",\"url\":\"https:\/\/noti-america.com\/site\/argentina\/\",\"name\":\"Argentina | Noti-America.com\",\"description\":\"\",\"publisher\":{\"@id\":\"https:\/\/noti-america.com\/site\/argentina\/#organization\"},\"potentialAction\":[{\"@type\":\"SearchAction\",\"target\":{\"@type\":\"EntryPoint\",\"urlTemplate\":\"https:\/\/noti-america.com\/site\/argentina\/?s={search_term_string}\"},\"query-input\":{\"@type\":\"PropertyValueSpecification\",\"valueRequired\":true,\"valueName\":\"search_term_string\"}}],\"inLanguage\":\"es\"},{\"@type\":\"Organization\",\"@id\":\"https:\/\/noti-america.com\/site\/argentina\/#organization\",\"name\":\"Noti-America LLC | Argentina\",\"url\":\"https:\/\/noti-america.com\/site\/argentina\/\",\"logo\":{\"@type\":\"ImageObject\",\"inLanguage\":\"es\",\"@id\":\"https:\/\/noti-america.com\/site\/argentina\/#\/schema\/logo\/image\/\",\"url\":\"https:\/\/noti-america.com\/site\/argentina\/wp-content\/uploads\/sites\/24\/2020\/07\/LogoNA-4x3-1.jpg\",\"contentUrl\":\"https:\/\/noti-america.com\/site\/argentina\/wp-content\/uploads\/sites\/24\/2020\/07\/LogoNA-4x3-1.jpg\",\"width\":1236,\"height\":1080,\"caption\":\"Noti-America LLC | Argentina\"},\"image\":{\"@id\":\"https:\/\/noti-america.com\/site\/argentina\/#\/schema\/logo\/image\/\"},\"sameAs\":[\"https:\/\/x.com\/inotiamerica\"]},{\"@type\":\"Person\",\"@id\":\"https:\/\/noti-america.com\/site\/argentina\/#\/schema\/person\/ecc92a381c1cbae63f7fc5147b36f5e2\",\"name\":\"Lizardo Aguilar\",\"image\":{\"@type\":\"ImageObject\",\"inLanguage\":\"es\",\"@id\":\"https:\/\/secure.gravatar.com\/avatar\/94eb8cb922e0232c98b9ab7f0924ca9834d570cb4baa09fef036d1ca1de06a17?s=96&d=mm&r=g\",\"url\":\"https:\/\/secure.gravatar.com\/avatar\/94eb8cb922e0232c98b9ab7f0924ca9834d570cb4baa09fef036d1ca1de06a17?s=96&d=mm&r=g\",\"contentUrl\":\"https:\/\/secure.gravatar.com\/avatar\/94eb8cb922e0232c98b9ab7f0924ca9834d570cb4baa09fef036d1ca1de06a17?s=96&d=mm&r=g\",\"caption\":\"Lizardo Aguilar\"},\"description\":\"Periodista de radio, prensa y TV, graduado en la Universidad Santa Mar\u00eda, Barcelona, Venezuela. Editor de noticias con 20 a\u00f1os de experiencia. Productor de TV y radio.\",\"sameAs\":[\"https:\/\/www.facebok.com\/lizardo.a.rojas\",\"https:\/\/x.com\/lizardoaguilar\"],\"url\":\"https:\/\/noti-america.com\/site\/argentina\/author\/laguilar\/\"}]}<\/script>\n<!-- \/ Yoast SEO Premium plugin. -->","yoast_head_json":{"title":"Fuerte sismo en Chile se sinti\u00f3 en cuatro provincias argentinas - Argentina | Noti-America.com","robots":{"index":"index","follow":"follow","max-snippet":"max-snippet:-1","max-image-preview":"max-image-preview:large","max-video-preview":"max-video-preview:-1"},"canonical":"https:\/\/noti-america.com\/site\/argentina\/2021\/05\/02\/fuerte-sismo-en-chile-se-sintio-en-cuatro-provincias-argentinas\/","og_locale":"es_ES","og_type":"article","og_title":"Fuerte sismo en Chile se sinti\u00f3 en cuatro provincias argentinas","og_description":"ARGENTINA | NOTI-AM\u00c9RICA.COM Un fuerte sismo ocurrido en Chile se sinti\u00f3 este domingo en cinco provincias argentinas. \u00a0Seg\u00fan autoridades, el movimiento tel\u00farico tuvo una magnitud de 6,2 grados en la escala de Richter y&#46;&#46;&#46;","og_url":"https:\/\/noti-america.com\/site\/argentina\/2021\/05\/02\/fuerte-sismo-en-chile-se-sintio-en-cuatro-provincias-argentinas\/","og_site_name":"Argentina | Noti-America.com","article_published_time":"2021-05-03T00:47:13+00:00","og_image":[{"width":1024,"height":736,"url":"https:\/\/noti-america.com\/site\/argentina\/wp-content\/uploads\/sites\/24\/2021\/05\/image.jpeg","type":"image\/jpeg"}],"author":"Lizardo Aguilar","twitter_card":"summary_large_image","twitter_creator":"@lizardoaguilar","twitter_site":"@inotiamerica","twitter_misc":{"Escrito por":"Lizardo Aguilar","Tiempo estimado de lectura":"1 minuto"},"schema":{"@context":"https:\/\/schema.org","@graph":[{"@type":"Article","@id":"https:\/\/noti-america.com\/site\/argentina\/2021\/05\/02\/fuerte-sismo-en-chile-se-sintio-en-cuatro-provincias-argentinas\/#article","isPartOf":{"@id":"https:\/\/noti-america.com\/site\/argentina\/2021\/05\/02\/fuerte-sismo-en-chile-se-sintio-en-cuatro-provincias-argentinas\/"},"author":{"name":"Lizardo Aguilar","@id":"https:\/\/noti-america.com\/site\/argentina\/#\/schema\/person\/ecc92a381c1cbae63f7fc5147b36f5e2"},"headline":"Fuerte sismo en Chile se sinti\u00f3 en cuatro provincias argentinas","datePublished":"2021-05-03T00:47:13+00:00","mainEntityOfPage":{"@id":"https:\/\/noti-america.com\/site\/argentina\/2021\/05\/02\/fuerte-sismo-en-chile-se-sintio-en-cuatro-provincias-argentinas\/"},"wordCount":172,"commentCount":0,"publisher":{"@id":"https:\/\/noti-america.com\/site\/argentina\/#organization"},"image":{"@id":"https:\/\/noti-america.com\/site\/argentina\/2021\/05\/02\/fuerte-sismo-en-chile-se-sintio-en-cuatro-provincias-argentinas\/#primaryimage"},"thumbnailUrl":"https:\/\/noti-america.com\/site\/argentina\/wp-content\/uploads\/sites\/24\/2021\/05\/image.jpeg","articleSection":["Nacionales"],"inLanguage":"es","potentialAction":[{"@type":"CommentAction","name":"Comment","target":["https:\/\/noti-america.com\/site\/argentina\/2021\/05\/02\/fuerte-sismo-en-chile-se-sintio-en-cuatro-provincias-argentinas\/#respond"]}]},{"@type":"WebPage","@id":"https:\/\/noti-america.com\/site\/argentina\/2021\/05\/02\/fuerte-sismo-en-chile-se-sintio-en-cuatro-provincias-argentinas\/","url":"https:\/\/noti-america.com\/site\/argentina\/2021\/05\/02\/fuerte-sismo-en-chile-se-sintio-en-cuatro-provincias-argentinas\/","name":"Fuerte sismo en Chile se sinti\u00f3 en cuatro provincias argentinas - Argentina | Noti-America.com","isPartOf":{"@id":"https:\/\/noti-america.com\/site\/argentina\/#website"},"primaryImageOfPage":{"@id":"https:\/\/noti-america.com\/site\/argentina\/2021\/05\/02\/fuerte-sismo-en-chile-se-sintio-en-cuatro-provincias-argentinas\/#primaryimage"},"image":{"@id":"https:\/\/noti-america.com\/site\/argentina\/2021\/05\/02\/fuerte-sismo-en-chile-se-sintio-en-cuatro-provincias-argentinas\/#primaryimage"},"thumbnailUrl":"https:\/\/noti-america.com\/site\/argentina\/wp-content\/uploads\/sites\/24\/2021\/05\/image.jpeg","datePublished":"2021-05-03T00:47:13+00:00","breadcrumb":{"@id":"https:\/\/noti-america.com\/site\/argentina\/2021\/05\/02\/fuerte-sismo-en-chile-se-sintio-en-cuatro-provincias-argentinas\/#breadcrumb"},"inLanguage":"es","potentialAction":[{"@type":"ReadAction","target":["https:\/\/noti-america.com\/site\/argentina\/2021\/05\/02\/fuerte-sismo-en-chile-se-sintio-en-cuatro-provincias-argentinas\/"]}]},{"@type":"ImageObject","inLanguage":"es","@id":"https:\/\/noti-america.com\/site\/argentina\/2021\/05\/02\/fuerte-sismo-en-chile-se-sintio-en-cuatro-provincias-argentinas\/#primaryimage","url":"https:\/\/noti-america.com\/site\/argentina\/wp-content\/uploads\/sites\/24\/2021\/05\/image.jpeg","contentUrl":"https:\/\/noti-america.com\/site\/argentina\/wp-content\/uploads\/sites\/24\/2021\/05\/image.jpeg","width":1024,"height":736},{"@type":"BreadcrumbList","@id":"https:\/\/noti-america.com\/site\/argentina\/2021\/05\/02\/fuerte-sismo-en-chile-se-sintio-en-cuatro-provincias-argentinas\/#breadcrumb","itemListElement":[{"@type":"ListItem","position":1,"name":"Portada","item":"https:\/\/noti-america.com\/site\/argentina\/"},{"@type":"ListItem","position":2,"name":"Fuerte sismo en Chile se sinti\u00f3 en cuatro provincias argentinas"}]},{"@type":"WebSite","@id":"https:\/\/noti-america.com\/site\/argentina\/#website","url":"https:\/\/noti-america.com\/site\/argentina\/","name":"Argentina | Noti-America.com","description":"","publisher":{"@id":"https:\/\/noti-america.com\/site\/argentina\/#organization"},"potentialAction":[{"@type":"SearchAction","target":{"@type":"EntryPoint","urlTemplate":"https:\/\/noti-america.com\/site\/argentina\/?s={search_term_string}"},"query-input":{"@type":"PropertyValueSpecification","valueRequired":true,"valueName":"search_term_string"}}],"inLanguage":"es"},{"@type":"Organization","@id":"https:\/\/noti-america.com\/site\/argentina\/#organization","name":"Noti-America LLC | Argentina","url":"https:\/\/noti-america.com\/site\/argentina\/","logo":{"@type":"ImageObject","inLanguage":"es","@id":"https:\/\/noti-america.com\/site\/argentina\/#\/schema\/logo\/image\/","url":"https:\/\/noti-america.com\/site\/argentina\/wp-content\/uploads\/sites\/24\/2020\/07\/LogoNA-4x3-1.jpg","contentUrl":"https:\/\/noti-america.com\/site\/argentina\/wp-content\/uploads\/sites\/24\/2020\/07\/LogoNA-4x3-1.jpg","width":1236,"height":1080,"caption":"Noti-America LLC | Argentina"},"image":{"@id":"https:\/\/noti-america.com\/site\/argentina\/#\/schema\/logo\/image\/"},"sameAs":["https:\/\/x.com\/inotiamerica"]},{"@type":"Person","@id":"https:\/\/noti-america.com\/site\/argentina\/#\/schema\/person\/ecc92a381c1cbae63f7fc5147b36f5e2","name":"Lizardo Aguilar","image":{"@type":"ImageObject","inLanguage":"es","@id":"https:\/\/secure.gravatar.com\/avatar\/94eb8cb922e0232c98b9ab7f0924ca9834d570cb4baa09fef036d1ca1de06a17?s=96&d=mm&r=g","url":"https:\/\/secure.gravatar.com\/avatar\/94eb8cb922e0232c98b9ab7f0924ca9834d570cb4baa09fef036d1ca1de06a17?s=96&d=mm&r=g","contentUrl":"https:\/\/secure.gravatar.com\/avatar\/94eb8cb922e0232c98b9ab7f0924ca9834d570cb4baa09fef036d1ca1de06a17?s=96&d=mm&r=g","caption":"Lizardo Aguilar"},"description":"Periodista de radio, prensa y TV, graduado en la Universidad Santa Mar\u00eda, Barcelona, Venezuela. Editor de noticias con 20 a\u00f1os de experiencia. Productor de TV y radio.","sameAs":["https:\/\/www.facebok.com\/lizardo.a.rojas","https:\/\/x.com\/lizardoaguilar"],"url":"https:\/\/noti-america.com\/site\/argentina\/author\/laguilar\/"}]}},"_links":{"self":[{"href":"https:\/\/noti-america.com\/site\/argentina\/wp-json\/wp\/v2\/posts\/3279","targetHints":{"allow":["GET"]}}],"collection":[{"href":"https:\/\/noti-america.com\/site\/argentina\/wp-json\/wp\/v2\/posts"}],"about":[{"href":"https:\/\/noti-america.com\/site\/argentina\/wp-json\/wp\/v2\/types\/post"}],"author":[{"embeddable":true,"href":"https:\/\/noti-america.com\/site\/argentina\/wp-json\/wp\/v2\/users\/119"}],"replies":[{"embeddable":true,"href":"https:\/\/noti-america.com\/site\/argentina\/wp-json\/wp\/v2\/comments?post=3279"}],"version-history":[{"count":1,"href":"https:\/\/noti-america.com\/site\/argentina\/wp-json\/wp\/v2\/posts\/3279\/revisions"}],"predecessor-version":[{"id":3281,"href":"https:\/\/noti-america.com\/site\/argentina\/wp-json\/wp\/v2\/posts\/3279\/revisions\/3281"}],"wp:featuredmedia":[{"embeddable":true,"href":"https:\/\/noti-america.com\/site\/argentina\/wp-json\/wp\/v2\/media\/3280"}],"wp:attachment":[{"href":"https:\/\/noti-america.com\/site\/argentina\/wp-json\/wp\/v2\/media?parent=3279"}],"wp:term":[{"taxonomy":"category","embeddable":true,"href":"https:\/\/noti-america.com\/site\/argentina\/wp-json\/wp\/v2\/categories?post=3279"},{"taxonomy":"post_tag","embeddable":true,"href":"https:\/\/noti-america.com\/site\/argentina\/wp-json\/wp\/v2\/tags?post=3279"}],"curies":[{"name":"wp","href":"https:\/\/api.w.org\/{rel}","templated":true}]}}