{"id":3247,"date":"2021-04-30T18:18:46","date_gmt":"2021-04-30T21:18:46","guid":{"rendered":"https:\/\/noti-america.com\/site\/argentina\/?p=3247"},"modified":"2021-04-30T18:18:46","modified_gmt":"2021-04-30T21:18:46","slug":"jeje-de-gobierno-de-buenos-aires-mantendra-presencialidad-de-las-clases-para-la-primaria-y-otros-niveles-iniciales","status":"publish","type":"post","link":"https:\/\/noti-america.com\/site\/argentina\/2021\/04\/30\/jeje-de-gobierno-de-buenos-aires-mantendra-presencialidad-de-las-clases-para-la-primaria-y-otros-niveles-iniciales\/","title":{"rendered":"Jeje de Gobierno de Buenos Aires mantendr\u00e1 presencialidad de las clases para la primaria y otros niveles iniciales"},"content":{"rendered":"<p><img loading=\"lazy\" decoding=\"async\" class=\"aligncenter size-medium wp-image-3090\" src=\"https:\/\/noti-america.com\/site\/argentina\/wp-content\/uploads\/sites\/24\/2021\/04\/horacio-rodriguez-larreta-300x225.jpg\" alt=\"\" width=\"300\" height=\"225\" srcset=\"https:\/\/noti-america.com\/site\/argentina\/wp-content\/uploads\/sites\/24\/2021\/04\/horacio-rodriguez-larreta-300x225.jpg 300w, https:\/\/noti-america.com\/site\/argentina\/wp-content\/uploads\/sites\/24\/2021\/04\/horacio-rodriguez-larreta.jpg 540w\" sizes=\"auto, (max-width: 300px) 100vw, 300px\" \/><\/p>\n<p>ARGENTINA | NOTI-AMERICA.COM<\/p>\n<p style=\"text-align: justify\">El jefe del Gobierno de la ciudad de Buenos Aires, Horacio Rodr\u00edguez Larreta, dispuso continuar con la presencialidad de las clases, pero s\u00f3lo en los niveles iniciales y primaria, mientras que en la secundaria deber\u00e1n alternarse con m\u00e9todos virtuales de imparci\u00f3n de materias.<\/p>\n<p style=\"text-align: justify\">As\u00ed lo asegur\u00f3 Larreta durante una transmisi\u00f3n en se\u00f1al abierta de radio y televisi\u00f3n la tarde de este viernes.<\/p>\n<p style=\"text-align: justify\">El jefe de Gobierno ha discrepado con el Decreto de Necesidad de Urgencias (DNU) emitido por el presidente Alberto Fern\u00e1ndez, en el cual se estipula el cierre de las escuelas en el \u00c1rea Metropolitana de Buenos Aires (Amba), debido al aumento en los casos de Covid-19, tras el inicio de la nueva ola de contagios desde hace aproximadamente un mes.<\/p>\n<p style=\"text-align: justify\">Rodr\u00edguez Larreta ha alegado que los centros de ense\u00f1anza no han\u00a0 sido focos de transmisi\u00f3n del virus, por cuanto, seg\u00fan apunta, s\u00f3lo 1% de la comunidad educativa (conformada por unas 700 mil personas) ha resultado infectada con Coronavirus.<\/p>\n<p style=\"text-align: justify\">En su alocuci\u00f3n, el Jefe del Gobierno de la ciudad anunci\u00f3 el cierre de centros comerciales, al tiempo que dispuso que los bares y restaurantes trabajen hasta las 7:00 de la noche y en espacios a cielo abierto.<\/p>\n<p style=\"text-align: justify\">Igualmente se estableci\u00f3 la prohibici\u00f3n de la prestaci\u00f3n de servicios profesionales de forma presencial, al tiempo que las empresas de distintos rubros deber\u00e1n iniciar m\u00e9todos de atenci\u00f3n mediante el teletrabajo, como parte de las medidas para contener el pat\u00f3geno.<\/p>\n","protected":false},"excerpt":{"rendered":"<p>ARGENTINA | NOTI-AMERICA.COM El jefe del Gobierno de la ciudad de Buenos Aires, Horacio Rodr\u00edguez Larreta, dispuso continuar con la presencialidad de las clases, pero s\u00f3lo en los niveles iniciales y primaria, mientras que&#46;&#46;&#46;<\/p>\n","protected":false},"author":119,"featured_media":3090,"comment_status":"open","ping_status":"open","sticky":false,"template":"","format":"standard","meta":{"_acf_changed":false,"om_disable_all_campaigns":false,"rop_custom_images_group":[],"rop_custom_messages_group":[],"rop_publish_now":"initial","rop_publish_now_accounts":{"twitter_242054905_242054905":""},"rop_publish_now_history":[],"rop_publish_now_status":"pending","_uf_show_specific_survey":0,"_uf_disable_surveys":false,"footnotes":""},"categories":[3],"tags":[],"class_list":["post-3247","post","type-post","status-publish","format-standard","has-post-thumbnail","hentry","category-politica"],"acf":[],"aioseo_notices":[],"yoast_head":"<!-- This site is optimized with the Yoast SEO Premium plugin v24.9 (Yoast SEO v27.2) - https:\/\/yoast.com\/product\/yoast-seo-premium-wordpress\/ -->\n<title>Jeje de Gobierno de Buenos Aires mantendr\u00e1 presencialidad de las clases para la primaria y otros niveles iniciales - Argentina | Noti-America.com<\/title>\n<meta name=\"robots\" content=\"index, follow, max-snippet:-1, max-image-preview:large, max-video-preview:-1\" \/>\n<link rel=\"canonical\" href=\"https:\/\/noti-america.com\/site\/argentina\/2021\/04\/30\/jeje-de-gobierno-de-buenos-aires-mantendra-presencialidad-de-las-clases-para-la-primaria-y-otros-niveles-iniciales\/\" \/>\n<meta property=\"og:locale\" content=\"es_ES\" \/>\n<meta property=\"og:type\" content=\"article\" \/>\n<meta property=\"og:title\" content=\"Jeje de Gobierno de Buenos Aires mantendr\u00e1 presencialidad de las clases para la primaria y otros niveles iniciales\" \/>\n<meta property=\"og:description\" content=\"ARGENTINA | NOTI-AMERICA.COM El jefe del Gobierno de la ciudad de Buenos Aires, Horacio Rodr\u00edguez Larreta, dispuso continuar con la presencialidad de las clases, pero s\u00f3lo en los niveles iniciales y primaria, mientras que&#046;&#046;&#046;\" \/>\n<meta property=\"og:url\" content=\"https:\/\/noti-america.com\/site\/argentina\/2021\/04\/30\/jeje-de-gobierno-de-buenos-aires-mantendra-presencialidad-de-las-clases-para-la-primaria-y-otros-niveles-iniciales\/\" \/>\n<meta property=\"og:site_name\" content=\"Argentina | Noti-America.com\" \/>\n<meta property=\"article:published_time\" content=\"2021-04-30T21:18:46+00:00\" \/>\n<meta property=\"og:image\" content=\"https:\/\/noti-america.com\/site\/argentina\/wp-content\/uploads\/sites\/24\/2021\/04\/horacio-rodriguez-larreta.jpg\" \/>\n\t<meta property=\"og:image:width\" content=\"540\" \/>\n\t<meta property=\"og:image:height\" content=\"405\" \/>\n\t<meta property=\"og:image:type\" content=\"image\/jpeg\" \/>\n<meta name=\"author\" content=\"Lizardo Aguilar\" \/>\n<meta name=\"twitter:card\" content=\"summary_large_image\" \/>\n<meta name=\"twitter:creator\" content=\"@lizardoaguilar\" \/>\n<meta name=\"twitter:site\" content=\"@inotiamerica\" \/>\n<meta name=\"twitter:label1\" content=\"Escrito por\" \/>\n\t<meta name=\"twitter:data1\" content=\"Lizardo Aguilar\" \/>\n\t<meta name=\"twitter:label2\" content=\"Tiempo estimado de lectura\" \/>\n\t<meta name=\"twitter:data2\" content=\"1 minuto\" \/>\n<script type=\"application\/ld+json\" class=\"yoast-schema-graph\">{\"@context\":\"https:\/\/schema.org\",\"@graph\":[{\"@type\":\"Article\",\"@id\":\"https:\/\/noti-america.com\/site\/argentina\/2021\/04\/30\/jeje-de-gobierno-de-buenos-aires-mantendra-presencialidad-de-las-clases-para-la-primaria-y-otros-niveles-iniciales\/#article\",\"isPartOf\":{\"@id\":\"https:\/\/noti-america.com\/site\/argentina\/2021\/04\/30\/jeje-de-gobierno-de-buenos-aires-mantendra-presencialidad-de-las-clases-para-la-primaria-y-otros-niveles-iniciales\/\"},\"author\":{\"name\":\"Lizardo Aguilar\",\"@id\":\"https:\/\/noti-america.com\/site\/argentina\/#\/schema\/person\/ecc92a381c1cbae63f7fc5147b36f5e2\"},\"headline\":\"Jeje de Gobierno de Buenos Aires mantendr\u00e1 presencialidad de las clases para la primaria y otros niveles iniciales\",\"datePublished\":\"2021-04-30T21:18:46+00:00\",\"mainEntityOfPage\":{\"@id\":\"https:\/\/noti-america.com\/site\/argentina\/2021\/04\/30\/jeje-de-gobierno-de-buenos-aires-mantendra-presencialidad-de-las-clases-para-la-primaria-y-otros-niveles-iniciales\/\"},\"wordCount\":276,\"commentCount\":0,\"publisher\":{\"@id\":\"https:\/\/noti-america.com\/site\/argentina\/#organization\"},\"image\":{\"@id\":\"https:\/\/noti-america.com\/site\/argentina\/2021\/04\/30\/jeje-de-gobierno-de-buenos-aires-mantendra-presencialidad-de-las-clases-para-la-primaria-y-otros-niveles-iniciales\/#primaryimage\"},\"thumbnailUrl\":\"https:\/\/noti-america.com\/site\/argentina\/wp-content\/uploads\/sites\/24\/2021\/04\/horacio-rodriguez-larreta.jpg\",\"articleSection\":[\"Pol\u00edtica\"],\"inLanguage\":\"es\",\"potentialAction\":[{\"@type\":\"CommentAction\",\"name\":\"Comment\",\"target\":[\"https:\/\/noti-america.com\/site\/argentina\/2021\/04\/30\/jeje-de-gobierno-de-buenos-aires-mantendra-presencialidad-de-las-clases-para-la-primaria-y-otros-niveles-iniciales\/#respond\"]}]},{\"@type\":\"WebPage\",\"@id\":\"https:\/\/noti-america.com\/site\/argentina\/2021\/04\/30\/jeje-de-gobierno-de-buenos-aires-mantendra-presencialidad-de-las-clases-para-la-primaria-y-otros-niveles-iniciales\/\",\"url\":\"https:\/\/noti-america.com\/site\/argentina\/2021\/04\/30\/jeje-de-gobierno-de-buenos-aires-mantendra-presencialidad-de-las-clases-para-la-primaria-y-otros-niveles-iniciales\/\",\"name\":\"Jeje de Gobierno de Buenos Aires mantendr\u00e1 presencialidad de las clases para la primaria y otros niveles iniciales - Argentina | Noti-America.com\",\"isPartOf\":{\"@id\":\"https:\/\/noti-america.com\/site\/argentina\/#website\"},\"primaryImageOfPage\":{\"@id\":\"https:\/\/noti-america.com\/site\/argentina\/2021\/04\/30\/jeje-de-gobierno-de-buenos-aires-mantendra-presencialidad-de-las-clases-para-la-primaria-y-otros-niveles-iniciales\/#primaryimage\"},\"image\":{\"@id\":\"https:\/\/noti-america.com\/site\/argentina\/2021\/04\/30\/jeje-de-gobierno-de-buenos-aires-mantendra-presencialidad-de-las-clases-para-la-primaria-y-otros-niveles-iniciales\/#primaryimage\"},\"thumbnailUrl\":\"https:\/\/noti-america.com\/site\/argentina\/wp-content\/uploads\/sites\/24\/2021\/04\/horacio-rodriguez-larreta.jpg\",\"datePublished\":\"2021-04-30T21:18:46+00:00\",\"breadcrumb\":{\"@id\":\"https:\/\/noti-america.com\/site\/argentina\/2021\/04\/30\/jeje-de-gobierno-de-buenos-aires-mantendra-presencialidad-de-las-clases-para-la-primaria-y-otros-niveles-iniciales\/#breadcrumb\"},\"inLanguage\":\"es\",\"potentialAction\":[{\"@type\":\"ReadAction\",\"target\":[\"https:\/\/noti-america.com\/site\/argentina\/2021\/04\/30\/jeje-de-gobierno-de-buenos-aires-mantendra-presencialidad-de-las-clases-para-la-primaria-y-otros-niveles-iniciales\/\"]}]},{\"@type\":\"ImageObject\",\"inLanguage\":\"es\",\"@id\":\"https:\/\/noti-america.com\/site\/argentina\/2021\/04\/30\/jeje-de-gobierno-de-buenos-aires-mantendra-presencialidad-de-las-clases-para-la-primaria-y-otros-niveles-iniciales\/#primaryimage\",\"url\":\"https:\/\/noti-america.com\/site\/argentina\/wp-content\/uploads\/sites\/24\/2021\/04\/horacio-rodriguez-larreta.jpg\",\"contentUrl\":\"https:\/\/noti-america.com\/site\/argentina\/wp-content\/uploads\/sites\/24\/2021\/04\/horacio-rodriguez-larreta.jpg\",\"width\":540,\"height\":405},{\"@type\":\"BreadcrumbList\",\"@id\":\"https:\/\/noti-america.com\/site\/argentina\/2021\/04\/30\/jeje-de-gobierno-de-buenos-aires-mantendra-presencialidad-de-las-clases-para-la-primaria-y-otros-niveles-iniciales\/#breadcrumb\",\"itemListElement\":[{\"@type\":\"ListItem\",\"position\":1,\"name\":\"Portada\",\"item\":\"https:\/\/noti-america.com\/site\/argentina\/\"},{\"@type\":\"ListItem\",\"position\":2,\"name\":\"Jeje de Gobierno de Buenos Aires mantendr\u00e1 presencialidad de las clases para la primaria y otros niveles iniciales\"}]},{\"@type\":\"WebSite\",\"@id\":\"https:\/\/noti-america.com\/site\/argentina\/#website\",\"url\":\"https:\/\/noti-america.com\/site\/argentina\/\",\"name\":\"Argentina | Noti-America.com\",\"description\":\"\",\"publisher\":{\"@id\":\"https:\/\/noti-america.com\/site\/argentina\/#organization\"},\"potentialAction\":[{\"@type\":\"SearchAction\",\"target\":{\"@type\":\"EntryPoint\",\"urlTemplate\":\"https:\/\/noti-america.com\/site\/argentina\/?s={search_term_string}\"},\"query-input\":{\"@type\":\"PropertyValueSpecification\",\"valueRequired\":true,\"valueName\":\"search_term_string\"}}],\"inLanguage\":\"es\"},{\"@type\":\"Organization\",\"@id\":\"https:\/\/noti-america.com\/site\/argentina\/#organization\",\"name\":\"Noti-America LLC | Argentina\",\"url\":\"https:\/\/noti-america.com\/site\/argentina\/\",\"logo\":{\"@type\":\"ImageObject\",\"inLanguage\":\"es\",\"@id\":\"https:\/\/noti-america.com\/site\/argentina\/#\/schema\/logo\/image\/\",\"url\":\"https:\/\/noti-america.com\/site\/argentina\/wp-content\/uploads\/sites\/24\/2020\/07\/LogoNA-4x3-1.jpg\",\"contentUrl\":\"https:\/\/noti-america.com\/site\/argentina\/wp-content\/uploads\/sites\/24\/2020\/07\/LogoNA-4x3-1.jpg\",\"width\":1236,\"height\":1080,\"caption\":\"Noti-America LLC | Argentina\"},\"image\":{\"@id\":\"https:\/\/noti-america.com\/site\/argentina\/#\/schema\/logo\/image\/\"},\"sameAs\":[\"https:\/\/x.com\/inotiamerica\"]},{\"@type\":\"Person\",\"@id\":\"https:\/\/noti-america.com\/site\/argentina\/#\/schema\/person\/ecc92a381c1cbae63f7fc5147b36f5e2\",\"name\":\"Lizardo Aguilar\",\"image\":{\"@type\":\"ImageObject\",\"inLanguage\":\"es\",\"@id\":\"https:\/\/secure.gravatar.com\/avatar\/94eb8cb922e0232c98b9ab7f0924ca9834d570cb4baa09fef036d1ca1de06a17?s=96&d=mm&r=g\",\"url\":\"https:\/\/secure.gravatar.com\/avatar\/94eb8cb922e0232c98b9ab7f0924ca9834d570cb4baa09fef036d1ca1de06a17?s=96&d=mm&r=g\",\"contentUrl\":\"https:\/\/secure.gravatar.com\/avatar\/94eb8cb922e0232c98b9ab7f0924ca9834d570cb4baa09fef036d1ca1de06a17?s=96&d=mm&r=g\",\"caption\":\"Lizardo Aguilar\"},\"description\":\"Periodista de radio, prensa y TV, graduado en la Universidad Santa Mar\u00eda, Barcelona, Venezuela. Editor de noticias con 20 a\u00f1os de experiencia. Productor de TV y radio.\",\"sameAs\":[\"https:\/\/www.facebok.com\/lizardo.a.rojas\",\"https:\/\/x.com\/lizardoaguilar\"],\"url\":\"https:\/\/noti-america.com\/site\/argentina\/author\/laguilar\/\"}]}<\/script>\n<!-- \/ Yoast SEO Premium plugin. -->","yoast_head_json":{"title":"Jeje de Gobierno de Buenos Aires mantendr\u00e1 presencialidad de las clases para la primaria y otros niveles iniciales - Argentina | Noti-America.com","robots":{"index":"index","follow":"follow","max-snippet":"max-snippet:-1","max-image-preview":"max-image-preview:large","max-video-preview":"max-video-preview:-1"},"canonical":"https:\/\/noti-america.com\/site\/argentina\/2021\/04\/30\/jeje-de-gobierno-de-buenos-aires-mantendra-presencialidad-de-las-clases-para-la-primaria-y-otros-niveles-iniciales\/","og_locale":"es_ES","og_type":"article","og_title":"Jeje de Gobierno de Buenos Aires mantendr\u00e1 presencialidad de las clases para la primaria y otros niveles iniciales","og_description":"ARGENTINA | NOTI-AMERICA.COM El jefe del Gobierno de la ciudad de Buenos Aires, Horacio Rodr\u00edguez Larreta, dispuso continuar con la presencialidad de las clases, pero s\u00f3lo en los niveles iniciales y primaria, mientras que&#46;&#46;&#46;","og_url":"https:\/\/noti-america.com\/site\/argentina\/2021\/04\/30\/jeje-de-gobierno-de-buenos-aires-mantendra-presencialidad-de-las-clases-para-la-primaria-y-otros-niveles-iniciales\/","og_site_name":"Argentina | Noti-America.com","article_published_time":"2021-04-30T21:18:46+00:00","og_image":[{"width":540,"height":405,"url":"https:\/\/noti-america.com\/site\/argentina\/wp-content\/uploads\/sites\/24\/2021\/04\/horacio-rodriguez-larreta.jpg","type":"image\/jpeg"}],"author":"Lizardo Aguilar","twitter_card":"summary_large_image","twitter_creator":"@lizardoaguilar","twitter_site":"@inotiamerica","twitter_misc":{"Escrito por":"Lizardo Aguilar","Tiempo estimado de lectura":"1 minuto"},"schema":{"@context":"https:\/\/schema.org","@graph":[{"@type":"Article","@id":"https:\/\/noti-america.com\/site\/argentina\/2021\/04\/30\/jeje-de-gobierno-de-buenos-aires-mantendra-presencialidad-de-las-clases-para-la-primaria-y-otros-niveles-iniciales\/#article","isPartOf":{"@id":"https:\/\/noti-america.com\/site\/argentina\/2021\/04\/30\/jeje-de-gobierno-de-buenos-aires-mantendra-presencialidad-de-las-clases-para-la-primaria-y-otros-niveles-iniciales\/"},"author":{"name":"Lizardo Aguilar","@id":"https:\/\/noti-america.com\/site\/argentina\/#\/schema\/person\/ecc92a381c1cbae63f7fc5147b36f5e2"},"headline":"Jeje de Gobierno de Buenos Aires mantendr\u00e1 presencialidad de las clases para la primaria y otros niveles iniciales","datePublished":"2021-04-30T21:18:46+00:00","mainEntityOfPage":{"@id":"https:\/\/noti-america.com\/site\/argentina\/2021\/04\/30\/jeje-de-gobierno-de-buenos-aires-mantendra-presencialidad-de-las-clases-para-la-primaria-y-otros-niveles-iniciales\/"},"wordCount":276,"commentCount":0,"publisher":{"@id":"https:\/\/noti-america.com\/site\/argentina\/#organization"},"image":{"@id":"https:\/\/noti-america.com\/site\/argentina\/2021\/04\/30\/jeje-de-gobierno-de-buenos-aires-mantendra-presencialidad-de-las-clases-para-la-primaria-y-otros-niveles-iniciales\/#primaryimage"},"thumbnailUrl":"https:\/\/noti-america.com\/site\/argentina\/wp-content\/uploads\/sites\/24\/2021\/04\/horacio-rodriguez-larreta.jpg","articleSection":["Pol\u00edtica"],"inLanguage":"es","potentialAction":[{"@type":"CommentAction","name":"Comment","target":["https:\/\/noti-america.com\/site\/argentina\/2021\/04\/30\/jeje-de-gobierno-de-buenos-aires-mantendra-presencialidad-de-las-clases-para-la-primaria-y-otros-niveles-iniciales\/#respond"]}]},{"@type":"WebPage","@id":"https:\/\/noti-america.com\/site\/argentina\/2021\/04\/30\/jeje-de-gobierno-de-buenos-aires-mantendra-presencialidad-de-las-clases-para-la-primaria-y-otros-niveles-iniciales\/","url":"https:\/\/noti-america.com\/site\/argentina\/2021\/04\/30\/jeje-de-gobierno-de-buenos-aires-mantendra-presencialidad-de-las-clases-para-la-primaria-y-otros-niveles-iniciales\/","name":"Jeje de Gobierno de Buenos Aires mantendr\u00e1 presencialidad de las clases para la primaria y otros niveles iniciales - Argentina | Noti-America.com","isPartOf":{"@id":"https:\/\/noti-america.com\/site\/argentina\/#website"},"primaryImageOfPage":{"@id":"https:\/\/noti-america.com\/site\/argentina\/2021\/04\/30\/jeje-de-gobierno-de-buenos-aires-mantendra-presencialidad-de-las-clases-para-la-primaria-y-otros-niveles-iniciales\/#primaryimage"},"image":{"@id":"https:\/\/noti-america.com\/site\/argentina\/2021\/04\/30\/jeje-de-gobierno-de-buenos-aires-mantendra-presencialidad-de-las-clases-para-la-primaria-y-otros-niveles-iniciales\/#primaryimage"},"thumbnailUrl":"https:\/\/noti-america.com\/site\/argentina\/wp-content\/uploads\/sites\/24\/2021\/04\/horacio-rodriguez-larreta.jpg","datePublished":"2021-04-30T21:18:46+00:00","breadcrumb":{"@id":"https:\/\/noti-america.com\/site\/argentina\/2021\/04\/30\/jeje-de-gobierno-de-buenos-aires-mantendra-presencialidad-de-las-clases-para-la-primaria-y-otros-niveles-iniciales\/#breadcrumb"},"inLanguage":"es","potentialAction":[{"@type":"ReadAction","target":["https:\/\/noti-america.com\/site\/argentina\/2021\/04\/30\/jeje-de-gobierno-de-buenos-aires-mantendra-presencialidad-de-las-clases-para-la-primaria-y-otros-niveles-iniciales\/"]}]},{"@type":"ImageObject","inLanguage":"es","@id":"https:\/\/noti-america.com\/site\/argentina\/2021\/04\/30\/jeje-de-gobierno-de-buenos-aires-mantendra-presencialidad-de-las-clases-para-la-primaria-y-otros-niveles-iniciales\/#primaryimage","url":"https:\/\/noti-america.com\/site\/argentina\/wp-content\/uploads\/sites\/24\/2021\/04\/horacio-rodriguez-larreta.jpg","contentUrl":"https:\/\/noti-america.com\/site\/argentina\/wp-content\/uploads\/sites\/24\/2021\/04\/horacio-rodriguez-larreta.jpg","width":540,"height":405},{"@type":"BreadcrumbList","@id":"https:\/\/noti-america.com\/site\/argentina\/2021\/04\/30\/jeje-de-gobierno-de-buenos-aires-mantendra-presencialidad-de-las-clases-para-la-primaria-y-otros-niveles-iniciales\/#breadcrumb","itemListElement":[{"@type":"ListItem","position":1,"name":"Portada","item":"https:\/\/noti-america.com\/site\/argentina\/"},{"@type":"ListItem","position":2,"name":"Jeje de Gobierno de Buenos Aires mantendr\u00e1 presencialidad de las clases para la primaria y otros niveles iniciales"}]},{"@type":"WebSite","@id":"https:\/\/noti-america.com\/site\/argentina\/#website","url":"https:\/\/noti-america.com\/site\/argentina\/","name":"Argentina | Noti-America.com","description":"","publisher":{"@id":"https:\/\/noti-america.com\/site\/argentina\/#organization"},"potentialAction":[{"@type":"SearchAction","target":{"@type":"EntryPoint","urlTemplate":"https:\/\/noti-america.com\/site\/argentina\/?s={search_term_string}"},"query-input":{"@type":"PropertyValueSpecification","valueRequired":true,"valueName":"search_term_string"}}],"inLanguage":"es"},{"@type":"Organization","@id":"https:\/\/noti-america.com\/site\/argentina\/#organization","name":"Noti-America LLC | Argentina","url":"https:\/\/noti-america.com\/site\/argentina\/","logo":{"@type":"ImageObject","inLanguage":"es","@id":"https:\/\/noti-america.com\/site\/argentina\/#\/schema\/logo\/image\/","url":"https:\/\/noti-america.com\/site\/argentina\/wp-content\/uploads\/sites\/24\/2020\/07\/LogoNA-4x3-1.jpg","contentUrl":"https:\/\/noti-america.com\/site\/argentina\/wp-content\/uploads\/sites\/24\/2020\/07\/LogoNA-4x3-1.jpg","width":1236,"height":1080,"caption":"Noti-America LLC | Argentina"},"image":{"@id":"https:\/\/noti-america.com\/site\/argentina\/#\/schema\/logo\/image\/"},"sameAs":["https:\/\/x.com\/inotiamerica"]},{"@type":"Person","@id":"https:\/\/noti-america.com\/site\/argentina\/#\/schema\/person\/ecc92a381c1cbae63f7fc5147b36f5e2","name":"Lizardo Aguilar","image":{"@type":"ImageObject","inLanguage":"es","@id":"https:\/\/secure.gravatar.com\/avatar\/94eb8cb922e0232c98b9ab7f0924ca9834d570cb4baa09fef036d1ca1de06a17?s=96&d=mm&r=g","url":"https:\/\/secure.gravatar.com\/avatar\/94eb8cb922e0232c98b9ab7f0924ca9834d570cb4baa09fef036d1ca1de06a17?s=96&d=mm&r=g","contentUrl":"https:\/\/secure.gravatar.com\/avatar\/94eb8cb922e0232c98b9ab7f0924ca9834d570cb4baa09fef036d1ca1de06a17?s=96&d=mm&r=g","caption":"Lizardo Aguilar"},"description":"Periodista de radio, prensa y TV, graduado en la Universidad Santa Mar\u00eda, Barcelona, Venezuela. Editor de noticias con 20 a\u00f1os de experiencia. Productor de TV y radio.","sameAs":["https:\/\/www.facebok.com\/lizardo.a.rojas","https:\/\/x.com\/lizardoaguilar"],"url":"https:\/\/noti-america.com\/site\/argentina\/author\/laguilar\/"}]}},"_links":{"self":[{"href":"https:\/\/noti-america.com\/site\/argentina\/wp-json\/wp\/v2\/posts\/3247","targetHints":{"allow":["GET"]}}],"collection":[{"href":"https:\/\/noti-america.com\/site\/argentina\/wp-json\/wp\/v2\/posts"}],"about":[{"href":"https:\/\/noti-america.com\/site\/argentina\/wp-json\/wp\/v2\/types\/post"}],"author":[{"embeddable":true,"href":"https:\/\/noti-america.com\/site\/argentina\/wp-json\/wp\/v2\/users\/119"}],"replies":[{"embeddable":true,"href":"https:\/\/noti-america.com\/site\/argentina\/wp-json\/wp\/v2\/comments?post=3247"}],"version-history":[{"count":1,"href":"https:\/\/noti-america.com\/site\/argentina\/wp-json\/wp\/v2\/posts\/3247\/revisions"}],"predecessor-version":[{"id":3248,"href":"https:\/\/noti-america.com\/site\/argentina\/wp-json\/wp\/v2\/posts\/3247\/revisions\/3248"}],"wp:featuredmedia":[{"embeddable":true,"href":"https:\/\/noti-america.com\/site\/argentina\/wp-json\/wp\/v2\/media\/3090"}],"wp:attachment":[{"href":"https:\/\/noti-america.com\/site\/argentina\/wp-json\/wp\/v2\/media?parent=3247"}],"wp:term":[{"taxonomy":"category","embeddable":true,"href":"https:\/\/noti-america.com\/site\/argentina\/wp-json\/wp\/v2\/categories?post=3247"},{"taxonomy":"post_tag","embeddable":true,"href":"https:\/\/noti-america.com\/site\/argentina\/wp-json\/wp\/v2\/tags?post=3247"}],"curies":[{"name":"wp","href":"https:\/\/api.w.org\/{rel}","templated":true}]}}