{"id":17604,"date":"2026-08-28T12:43:40","date_gmt":"2026-08-28T15:43:40","guid":{"rendered":"https:\/\/noti-america.com\/site\/argentina\/?p=17604"},"modified":"2026-08-28T12:43:40","modified_gmt":"2026-08-28T15:43:40","slug":"tini-stoessel-rompe-la-relacion-profesional-con-su-padre","status":"publish","type":"post","link":"https:\/\/noti-america.com\/site\/argentina\/2026\/08\/28\/tini-stoessel-rompe-la-relacion-profesional-con-su-padre\/","title":{"rendered":"Tini Stoessel rompe la relaci\u00f3n profesional con su padre"},"content":{"rendered":"<p>NOTI-AMERICA.COM | ARGENTINA<\/p>\n<p style=\"text-align: justify\">La cantante argentina <strong>Tini Stoessel ha decidido romper con la relaci\u00f3n profesional que mantuvo con su padre, Alejandro Stoessel, durante 15 a\u00f1os<\/strong>. Esta ruptura se dio hace tres meses tras una auditor\u00eda en la que la estrella pop se dio cuenta de c\u00f3mo llevaba la administraci\u00f3n de su dinero.<\/p>\n<p style=\"text-align: justify\"><strong>Tini fue representada por su padre desde que era una adolescente<\/strong>\u00a0y comenz\u00f3 su carrera protagonizando la serie de Disney \u201cVioletta\u201d, la cual marc\u00f3 a toda una generaci\u00f3n. Despu\u00e9s se dedic\u00f3 a desarrollar su carrera como cantante solista, convirti\u00e9ndose en una de las m\u00e1s importantes dentro de la m\u00fasica en espa\u00f1ol.<\/p>\n<p style=\"text-align: justify\">Seg\u00fan han informado medios argentinos, la decisi\u00f3n de romper relaci\u00f3n se dio luego de que <strong>Tini se percatara, tras una auditor\u00eda, de que los derechos econ\u00f3micos derivados de su carrera art\u00edstica e imagen estaban en manos de sociedades comerciales<\/strong>, con sede en Argentina y en el extranjero. En ninguna de ellas, la cantante figuraba como accionista ni ten\u00eda participaci\u00f3n alguna.<\/p>\n<p style=\"text-align: justify\">Fuentes consultadas por medios argentinos, las cuales han sido replicadas por otros medios como \u201cHola!\u201d y \u201cEl Pa\u00eds\u201d,\u00a0<strong>Tini tampoco estaba autorizada para realizar movimientos en las cuentas bancarias\u00a0<\/strong>de esas compa\u00f1\u00edas, mientras que su padre s\u00ed contaba con esa facultad.<\/p>\n<p style=\"text-align: justify\">Adem\u00e1s de la falta de control sobre el dinero que ha recaudado durante toda su carrera art\u00edstica, se dice que la argentina de 29 a\u00f1os tambi\u00e9n se enter\u00f3 de que existen $70 millones de d\u00f3lares que no pueden ser localizados dentro de las estructuras societarias auditadas.<\/p>\n<p style=\"text-align: justify\">Por ahora, Tini no ha dado declaraciones oficiales sobre el caso. Aunque se asegura que toda\u00a0<strong>la investigaci\u00f3n se dio a ra\u00edz de los preparativos de su boda con el futbolista argentino Rodrigo De Paul.\u00a0<\/strong>Seg\u00fan la reportera argentina Marcela Tauro, el padre de la cantante le sugiri\u00f3 un acuerdo de separaci\u00f3n de bienes antes de su boda y eso gener\u00f3 las primeras discusiones.<\/p>\n<p style=\"text-align: justify\">En programas de televisi\u00f3n de Argentina tambi\u00e9n se asegura que, adem\u00e1s de haber roto con su relaci\u00f3n profesional, padre e hija est\u00e1n completamente desconectados actualmente.<\/p>\n","protected":false},"excerpt":{"rendered":"<p>NOTI-AMERICA.COM | ARGENTINA La cantante argentina Tini Stoessel ha decidido romper con la relaci\u00f3n profesional que mantuvo con su padre, Alejandro Stoessel, durante 15 a\u00f1os. Esta ruptura se dio hace tres meses tras una&#46;&#46;&#46;<\/p>\n","protected":false},"author":133,"featured_media":17605,"comment_status":"open","ping_status":"open","sticky":false,"template":"","format":"image","meta":{"_acf_changed":false,"om_disable_all_campaigns":false,"rop_custom_images_group":[],"rop_custom_messages_group":[],"rop_publish_now":"initial","rop_publish_now_accounts":{"twitter_242054905_242054905":""},"rop_publish_now_history":[],"rop_publish_now_status":"pending","_uf_show_specific_survey":0,"_uf_disable_surveys":false,"footnotes":""},"categories":[287],"tags":[],"class_list":["post-17604","post","type-post","status-publish","format-image","has-post-thumbnail","hentry","category-actualidad","post_format-post-format-image"],"acf":[],"aioseo_notices":[],"yoast_head":"<!-- This site is optimized with the Yoast SEO Premium plugin v24.9 (Yoast SEO v27.2) - https:\/\/yoast.com\/product\/yoast-seo-premium-wordpress\/ -->\n<title>Tini Stoessel rompe la relaci\u00f3n profesional con su padre - Argentina | Noti-America.com<\/title>\n<meta name=\"robots\" content=\"index, follow, max-snippet:-1, max-image-preview:large, max-video-preview:-1\" \/>\n<link rel=\"canonical\" href=\"https:\/\/noti-america.com\/site\/argentina\/2026\/08\/28\/tini-stoessel-rompe-la-relacion-profesional-con-su-padre\/\" \/>\n<meta property=\"og:locale\" content=\"es_ES\" \/>\n<meta property=\"og:type\" content=\"article\" \/>\n<meta property=\"og:title\" content=\"Tini Stoessel rompe la relaci\u00f3n profesional con su padre\" \/>\n<meta property=\"og:description\" content=\"NOTI-AMERICA.COM | ARGENTINA La cantante argentina Tini Stoessel ha decidido romper con la relaci\u00f3n profesional que mantuvo con su padre, Alejandro Stoessel, durante 15 a\u00f1os. Esta ruptura se dio hace tres meses tras una&#046;&#046;&#046;\" \/>\n<meta property=\"og:url\" content=\"https:\/\/noti-america.com\/site\/argentina\/2026\/08\/28\/tini-stoessel-rompe-la-relacion-profesional-con-su-padre\/\" \/>\n<meta property=\"og:site_name\" content=\"Argentina | Noti-America.com\" \/>\n<meta property=\"article:author\" content=\"Mar\u00eda Valentina Noguera\" \/>\n<meta property=\"article:published_time\" content=\"2026-08-28T15:43:40+00:00\" \/>\n<meta property=\"og:image\" content=\"https:\/\/noti-america.com\/site\/argentina\/wp-content\/uploads\/sites\/24\/2026\/08\/f.elconfidencial.com_original_0c1_c0c_6f5_0c1c0c6f5e4ae956f28c21ddac201334.jpg\" \/>\n\t<meta property=\"og:image:width\" content=\"1200\" \/>\n\t<meta property=\"og:image:height\" content=\"900\" \/>\n\t<meta property=\"og:image:type\" content=\"image\/jpeg\" \/>\n<meta name=\"author\" content=\"Maria Valentina Noguera Medina\" \/>\n<meta name=\"twitter:card\" content=\"summary_large_image\" \/>\n<meta name=\"twitter:creator\" content=\"@inotiamerica\" \/>\n<meta name=\"twitter:site\" content=\"@inotiamerica\" \/>\n<meta name=\"twitter:label1\" content=\"Escrito por\" \/>\n\t<meta name=\"twitter:data1\" content=\"Maria Valentina Noguera Medina\" \/>\n\t<meta name=\"twitter:label2\" content=\"Tiempo estimado de lectura\" \/>\n\t<meta name=\"twitter:data2\" content=\"2 minutos\" \/>\n<script type=\"application\/ld+json\" class=\"yoast-schema-graph\">{\"@context\":\"https:\/\/schema.org\",\"@graph\":[{\"@type\":\"Article\",\"@id\":\"https:\/\/noti-america.com\/site\/argentina\/2026\/08\/28\/tini-stoessel-rompe-la-relacion-profesional-con-su-padre\/#article\",\"isPartOf\":{\"@id\":\"https:\/\/noti-america.com\/site\/argentina\/2026\/08\/28\/tini-stoessel-rompe-la-relacion-profesional-con-su-padre\/\"},\"author\":{\"name\":\"Maria Valentina Noguera Medina\",\"@id\":\"https:\/\/noti-america.com\/site\/argentina\/#\/schema\/person\/b0777fb8ad9a321dc446ddbbceae778f\"},\"headline\":\"Tini Stoessel rompe la relaci\u00f3n profesional con su padre\",\"datePublished\":\"2026-08-28T15:43:40+00:00\",\"mainEntityOfPage\":{\"@id\":\"https:\/\/noti-america.com\/site\/argentina\/2026\/08\/28\/tini-stoessel-rompe-la-relacion-profesional-con-su-padre\/\"},\"wordCount\":381,\"commentCount\":0,\"publisher\":{\"@id\":\"https:\/\/noti-america.com\/site\/argentina\/#organization\"},\"image\":{\"@id\":\"https:\/\/noti-america.com\/site\/argentina\/2026\/08\/28\/tini-stoessel-rompe-la-relacion-profesional-con-su-padre\/#primaryimage\"},\"thumbnailUrl\":\"https:\/\/noti-america.com\/site\/argentina\/wp-content\/uploads\/sites\/24\/2026\/08\/f.elconfidencial.com_original_0c1_c0c_6f5_0c1c0c6f5e4ae956f28c21ddac201334.jpg\",\"articleSection\":[\"Actualidad\"],\"inLanguage\":\"es\",\"potentialAction\":[{\"@type\":\"CommentAction\",\"name\":\"Comment\",\"target\":[\"https:\/\/noti-america.com\/site\/argentina\/2026\/08\/28\/tini-stoessel-rompe-la-relacion-profesional-con-su-padre\/#respond\"]}]},{\"@type\":\"WebPage\",\"@id\":\"https:\/\/noti-america.com\/site\/argentina\/2026\/08\/28\/tini-stoessel-rompe-la-relacion-profesional-con-su-padre\/\",\"url\":\"https:\/\/noti-america.com\/site\/argentina\/2026\/08\/28\/tini-stoessel-rompe-la-relacion-profesional-con-su-padre\/\",\"name\":\"Tini Stoessel rompe la relaci\u00f3n profesional con su padre - Argentina | Noti-America.com\",\"isPartOf\":{\"@id\":\"https:\/\/noti-america.com\/site\/argentina\/#website\"},\"primaryImageOfPage\":{\"@id\":\"https:\/\/noti-america.com\/site\/argentina\/2026\/08\/28\/tini-stoessel-rompe-la-relacion-profesional-con-su-padre\/#primaryimage\"},\"image\":{\"@id\":\"https:\/\/noti-america.com\/site\/argentina\/2026\/08\/28\/tini-stoessel-rompe-la-relacion-profesional-con-su-padre\/#primaryimage\"},\"thumbnailUrl\":\"https:\/\/noti-america.com\/site\/argentina\/wp-content\/uploads\/sites\/24\/2026\/08\/f.elconfidencial.com_original_0c1_c0c_6f5_0c1c0c6f5e4ae956f28c21ddac201334.jpg\",\"datePublished\":\"2026-08-28T15:43:40+00:00\",\"breadcrumb\":{\"@id\":\"https:\/\/noti-america.com\/site\/argentina\/2026\/08\/28\/tini-stoessel-rompe-la-relacion-profesional-con-su-padre\/#breadcrumb\"},\"inLanguage\":\"es\",\"potentialAction\":[{\"@type\":\"ReadAction\",\"target\":[\"https:\/\/noti-america.com\/site\/argentina\/2026\/08\/28\/tini-stoessel-rompe-la-relacion-profesional-con-su-padre\/\"]}]},{\"@type\":\"ImageObject\",\"inLanguage\":\"es\",\"@id\":\"https:\/\/noti-america.com\/site\/argentina\/2026\/08\/28\/tini-stoessel-rompe-la-relacion-profesional-con-su-padre\/#primaryimage\",\"url\":\"https:\/\/noti-america.com\/site\/argentina\/wp-content\/uploads\/sites\/24\/2026\/08\/f.elconfidencial.com_original_0c1_c0c_6f5_0c1c0c6f5e4ae956f28c21ddac201334.jpg\",\"contentUrl\":\"https:\/\/noti-america.com\/site\/argentina\/wp-content\/uploads\/sites\/24\/2026\/08\/f.elconfidencial.com_original_0c1_c0c_6f5_0c1c0c6f5e4ae956f28c21ddac201334.jpg\",\"width\":1200,\"height\":900},{\"@type\":\"BreadcrumbList\",\"@id\":\"https:\/\/noti-america.com\/site\/argentina\/2026\/08\/28\/tini-stoessel-rompe-la-relacion-profesional-con-su-padre\/#breadcrumb\",\"itemListElement\":[{\"@type\":\"ListItem\",\"position\":1,\"name\":\"Portada\",\"item\":\"https:\/\/noti-america.com\/site\/argentina\/\"},{\"@type\":\"ListItem\",\"position\":2,\"name\":\"Tini Stoessel rompe la relaci\u00f3n profesional con su padre\"}]},{\"@type\":\"WebSite\",\"@id\":\"https:\/\/noti-america.com\/site\/argentina\/#website\",\"url\":\"https:\/\/noti-america.com\/site\/argentina\/\",\"name\":\"Argentina | Noti-America.com\",\"description\":\"\",\"publisher\":{\"@id\":\"https:\/\/noti-america.com\/site\/argentina\/#organization\"},\"potentialAction\":[{\"@type\":\"SearchAction\",\"target\":{\"@type\":\"EntryPoint\",\"urlTemplate\":\"https:\/\/noti-america.com\/site\/argentina\/?s={search_term_string}\"},\"query-input\":{\"@type\":\"PropertyValueSpecification\",\"valueRequired\":true,\"valueName\":\"search_term_string\"}}],\"inLanguage\":\"es\"},{\"@type\":\"Organization\",\"@id\":\"https:\/\/noti-america.com\/site\/argentina\/#organization\",\"name\":\"Noti-America LLC | Argentina\",\"url\":\"https:\/\/noti-america.com\/site\/argentina\/\",\"logo\":{\"@type\":\"ImageObject\",\"inLanguage\":\"es\",\"@id\":\"https:\/\/noti-america.com\/site\/argentina\/#\/schema\/logo\/image\/\",\"url\":\"https:\/\/noti-america.com\/site\/argentina\/wp-content\/uploads\/sites\/24\/2020\/07\/LogoNA-4x3-1.jpg\",\"contentUrl\":\"https:\/\/noti-america.com\/site\/argentina\/wp-content\/uploads\/sites\/24\/2020\/07\/LogoNA-4x3-1.jpg\",\"width\":1236,\"height\":1080,\"caption\":\"Noti-America LLC | Argentina\"},\"image\":{\"@id\":\"https:\/\/noti-america.com\/site\/argentina\/#\/schema\/logo\/image\/\"},\"sameAs\":[\"https:\/\/x.com\/inotiamerica\"]},{\"@type\":\"Person\",\"@id\":\"https:\/\/noti-america.com\/site\/argentina\/#\/schema\/person\/b0777fb8ad9a321dc446ddbbceae778f\",\"name\":\"Maria Valentina Noguera Medina\",\"image\":{\"@type\":\"ImageObject\",\"inLanguage\":\"es\",\"@id\":\"https:\/\/secure.gravatar.com\/avatar\/4ec5eb9d099f2608a49c9df6f7341f66f04f819cdffa09d56a7a0e91d2819d56?s=96&d=mm&r=g\",\"url\":\"https:\/\/secure.gravatar.com\/avatar\/4ec5eb9d099f2608a49c9df6f7341f66f04f819cdffa09d56a7a0e91d2819d56?s=96&d=mm&r=g\",\"contentUrl\":\"https:\/\/secure.gravatar.com\/avatar\/4ec5eb9d099f2608a49c9df6f7341f66f04f819cdffa09d56a7a0e91d2819d56?s=96&d=mm&r=g\",\"caption\":\"Maria Valentina Noguera Medina\"},\"description\":\"Periodista - noti-america - Promar Community Manager - Talento Plus Dise\u00f1adora\/ creadora de contenido...\",\"sameAs\":[\"Mar\u00eda Valentina Noguera\",\"https:\/\/www.facebook.com\/mariavalentina.noguera\",\"https:\/\/www.linkedin.com\/in\/mara-valentina-noguera-medina-373075165\/\",\"https:\/\/www.pinterest.es\/valentinanoguera95\/\",\"https:\/\/www.youtube.com\/channel\/UCdek6mbUZ-Tqqw0I63i4nmQ\"],\"url\":\"https:\/\/noti-america.com\/site\/argentina\/author\/mnoguera\/\"}]}<\/script>\n<!-- \/ Yoast SEO Premium plugin. -->","yoast_head_json":{"title":"Tini Stoessel rompe la relaci\u00f3n profesional con su padre - Argentina | Noti-America.com","robots":{"index":"index","follow":"follow","max-snippet":"max-snippet:-1","max-image-preview":"max-image-preview:large","max-video-preview":"max-video-preview:-1"},"canonical":"https:\/\/noti-america.com\/site\/argentina\/2026\/08\/28\/tini-stoessel-rompe-la-relacion-profesional-con-su-padre\/","og_locale":"es_ES","og_type":"article","og_title":"Tini Stoessel rompe la relaci\u00f3n profesional con su padre","og_description":"NOTI-AMERICA.COM | ARGENTINA La cantante argentina Tini Stoessel ha decidido romper con la relaci\u00f3n profesional que mantuvo con su padre, Alejandro Stoessel, durante 15 a\u00f1os. Esta ruptura se dio hace tres meses tras una&#46;&#46;&#46;","og_url":"https:\/\/noti-america.com\/site\/argentina\/2026\/08\/28\/tini-stoessel-rompe-la-relacion-profesional-con-su-padre\/","og_site_name":"Argentina | Noti-America.com","article_author":"Mar\u00eda Valentina Noguera","article_published_time":"2026-08-28T15:43:40+00:00","og_image":[{"width":1200,"height":900,"url":"https:\/\/noti-america.com\/site\/argentina\/wp-content\/uploads\/sites\/24\/2026\/08\/f.elconfidencial.com_original_0c1_c0c_6f5_0c1c0c6f5e4ae956f28c21ddac201334.jpg","type":"image\/jpeg"}],"author":"Maria Valentina Noguera Medina","twitter_card":"summary_large_image","twitter_creator":"@inotiamerica","twitter_site":"@inotiamerica","twitter_misc":{"Escrito por":"Maria Valentina Noguera Medina","Tiempo estimado de lectura":"2 minutos"},"schema":{"@context":"https:\/\/schema.org","@graph":[{"@type":"Article","@id":"https:\/\/noti-america.com\/site\/argentina\/2026\/08\/28\/tini-stoessel-rompe-la-relacion-profesional-con-su-padre\/#article","isPartOf":{"@id":"https:\/\/noti-america.com\/site\/argentina\/2026\/08\/28\/tini-stoessel-rompe-la-relacion-profesional-con-su-padre\/"},"author":{"name":"Maria Valentina Noguera Medina","@id":"https:\/\/noti-america.com\/site\/argentina\/#\/schema\/person\/b0777fb8ad9a321dc446ddbbceae778f"},"headline":"Tini Stoessel rompe la relaci\u00f3n profesional con su padre","datePublished":"2026-08-28T15:43:40+00:00","mainEntityOfPage":{"@id":"https:\/\/noti-america.com\/site\/argentina\/2026\/08\/28\/tini-stoessel-rompe-la-relacion-profesional-con-su-padre\/"},"wordCount":381,"commentCount":0,"publisher":{"@id":"https:\/\/noti-america.com\/site\/argentina\/#organization"},"image":{"@id":"https:\/\/noti-america.com\/site\/argentina\/2026\/08\/28\/tini-stoessel-rompe-la-relacion-profesional-con-su-padre\/#primaryimage"},"thumbnailUrl":"https:\/\/noti-america.com\/site\/argentina\/wp-content\/uploads\/sites\/24\/2026\/08\/f.elconfidencial.com_original_0c1_c0c_6f5_0c1c0c6f5e4ae956f28c21ddac201334.jpg","articleSection":["Actualidad"],"inLanguage":"es","potentialAction":[{"@type":"CommentAction","name":"Comment","target":["https:\/\/noti-america.com\/site\/argentina\/2026\/08\/28\/tini-stoessel-rompe-la-relacion-profesional-con-su-padre\/#respond"]}]},{"@type":"WebPage","@id":"https:\/\/noti-america.com\/site\/argentina\/2026\/08\/28\/tini-stoessel-rompe-la-relacion-profesional-con-su-padre\/","url":"https:\/\/noti-america.com\/site\/argentina\/2026\/08\/28\/tini-stoessel-rompe-la-relacion-profesional-con-su-padre\/","name":"Tini Stoessel rompe la relaci\u00f3n profesional con su padre - Argentina | Noti-America.com","isPartOf":{"@id":"https:\/\/noti-america.com\/site\/argentina\/#website"},"primaryImageOfPage":{"@id":"https:\/\/noti-america.com\/site\/argentina\/2026\/08\/28\/tini-stoessel-rompe-la-relacion-profesional-con-su-padre\/#primaryimage"},"image":{"@id":"https:\/\/noti-america.com\/site\/argentina\/2026\/08\/28\/tini-stoessel-rompe-la-relacion-profesional-con-su-padre\/#primaryimage"},"thumbnailUrl":"https:\/\/noti-america.com\/site\/argentina\/wp-content\/uploads\/sites\/24\/2026\/08\/f.elconfidencial.com_original_0c1_c0c_6f5_0c1c0c6f5e4ae956f28c21ddac201334.jpg","datePublished":"2026-08-28T15:43:40+00:00","breadcrumb":{"@id":"https:\/\/noti-america.com\/site\/argentina\/2026\/08\/28\/tini-stoessel-rompe-la-relacion-profesional-con-su-padre\/#breadcrumb"},"inLanguage":"es","potentialAction":[{"@type":"ReadAction","target":["https:\/\/noti-america.com\/site\/argentina\/2026\/08\/28\/tini-stoessel-rompe-la-relacion-profesional-con-su-padre\/"]}]},{"@type":"ImageObject","inLanguage":"es","@id":"https:\/\/noti-america.com\/site\/argentina\/2026\/08\/28\/tini-stoessel-rompe-la-relacion-profesional-con-su-padre\/#primaryimage","url":"https:\/\/noti-america.com\/site\/argentina\/wp-content\/uploads\/sites\/24\/2026\/08\/f.elconfidencial.com_original_0c1_c0c_6f5_0c1c0c6f5e4ae956f28c21ddac201334.jpg","contentUrl":"https:\/\/noti-america.com\/site\/argentina\/wp-content\/uploads\/sites\/24\/2026\/08\/f.elconfidencial.com_original_0c1_c0c_6f5_0c1c0c6f5e4ae956f28c21ddac201334.jpg","width":1200,"height":900},{"@type":"BreadcrumbList","@id":"https:\/\/noti-america.com\/site\/argentina\/2026\/08\/28\/tini-stoessel-rompe-la-relacion-profesional-con-su-padre\/#breadcrumb","itemListElement":[{"@type":"ListItem","position":1,"name":"Portada","item":"https:\/\/noti-america.com\/site\/argentina\/"},{"@type":"ListItem","position":2,"name":"Tini Stoessel rompe la relaci\u00f3n profesional con su padre"}]},{"@type":"WebSite","@id":"https:\/\/noti-america.com\/site\/argentina\/#website","url":"https:\/\/noti-america.com\/site\/argentina\/","name":"Argentina | Noti-America.com","description":"","publisher":{"@id":"https:\/\/noti-america.com\/site\/argentina\/#organization"},"potentialAction":[{"@type":"SearchAction","target":{"@type":"EntryPoint","urlTemplate":"https:\/\/noti-america.com\/site\/argentina\/?s={search_term_string}"},"query-input":{"@type":"PropertyValueSpecification","valueRequired":true,"valueName":"search_term_string"}}],"inLanguage":"es"},{"@type":"Organization","@id":"https:\/\/noti-america.com\/site\/argentina\/#organization","name":"Noti-America LLC | Argentina","url":"https:\/\/noti-america.com\/site\/argentina\/","logo":{"@type":"ImageObject","inLanguage":"es","@id":"https:\/\/noti-america.com\/site\/argentina\/#\/schema\/logo\/image\/","url":"https:\/\/noti-america.com\/site\/argentina\/wp-content\/uploads\/sites\/24\/2020\/07\/LogoNA-4x3-1.jpg","contentUrl":"https:\/\/noti-america.com\/site\/argentina\/wp-content\/uploads\/sites\/24\/2020\/07\/LogoNA-4x3-1.jpg","width":1236,"height":1080,"caption":"Noti-America LLC | Argentina"},"image":{"@id":"https:\/\/noti-america.com\/site\/argentina\/#\/schema\/logo\/image\/"},"sameAs":["https:\/\/x.com\/inotiamerica"]},{"@type":"Person","@id":"https:\/\/noti-america.com\/site\/argentina\/#\/schema\/person\/b0777fb8ad9a321dc446ddbbceae778f","name":"Maria Valentina Noguera Medina","image":{"@type":"ImageObject","inLanguage":"es","@id":"https:\/\/secure.gravatar.com\/avatar\/4ec5eb9d099f2608a49c9df6f7341f66f04f819cdffa09d56a7a0e91d2819d56?s=96&d=mm&r=g","url":"https:\/\/secure.gravatar.com\/avatar\/4ec5eb9d099f2608a49c9df6f7341f66f04f819cdffa09d56a7a0e91d2819d56?s=96&d=mm&r=g","contentUrl":"https:\/\/secure.gravatar.com\/avatar\/4ec5eb9d099f2608a49c9df6f7341f66f04f819cdffa09d56a7a0e91d2819d56?s=96&d=mm&r=g","caption":"Maria Valentina Noguera Medina"},"description":"Periodista - noti-america - Promar Community Manager - Talento Plus Dise\u00f1adora\/ creadora de contenido...","sameAs":["Mar\u00eda Valentina Noguera","https:\/\/www.facebook.com\/mariavalentina.noguera","https:\/\/www.linkedin.com\/in\/mara-valentina-noguera-medina-373075165\/","https:\/\/www.pinterest.es\/valentinanoguera95\/","https:\/\/www.youtube.com\/channel\/UCdek6mbUZ-Tqqw0I63i4nmQ"],"url":"https:\/\/noti-america.com\/site\/argentina\/author\/mnoguera\/"}]}},"_links":{"self":[{"href":"https:\/\/noti-america.com\/site\/argentina\/wp-json\/wp\/v2\/posts\/17604","targetHints":{"allow":["GET"]}}],"collection":[{"href":"https:\/\/noti-america.com\/site\/argentina\/wp-json\/wp\/v2\/posts"}],"about":[{"href":"https:\/\/noti-america.com\/site\/argentina\/wp-json\/wp\/v2\/types\/post"}],"author":[{"embeddable":true,"href":"https:\/\/noti-america.com\/site\/argentina\/wp-json\/wp\/v2\/users\/133"}],"replies":[{"embeddable":true,"href":"https:\/\/noti-america.com\/site\/argentina\/wp-json\/wp\/v2\/comments?post=17604"}],"version-history":[{"count":1,"href":"https:\/\/noti-america.com\/site\/argentina\/wp-json\/wp\/v2\/posts\/17604\/revisions"}],"predecessor-version":[{"id":17606,"href":"https:\/\/noti-america.com\/site\/argentina\/wp-json\/wp\/v2\/posts\/17604\/revisions\/17606"}],"wp:featuredmedia":[{"embeddable":true,"href":"https:\/\/noti-america.com\/site\/argentina\/wp-json\/wp\/v2\/media\/17605"}],"wp:attachment":[{"href":"https:\/\/noti-america.com\/site\/argentina\/wp-json\/wp\/v2\/media?parent=17604"}],"wp:term":[{"taxonomy":"category","embeddable":true,"href":"https:\/\/noti-america.com\/site\/argentina\/wp-json\/wp\/v2\/categories?post=17604"},{"taxonomy":"post_tag","embeddable":true,"href":"https:\/\/noti-america.com\/site\/argentina\/wp-json\/wp\/v2\/tags?post=17604"}],"curies":[{"name":"wp","href":"https:\/\/api.w.org\/{rel}","templated":true}]}}