{"id":17598,"date":"2026-08-27T12:25:31","date_gmt":"2026-08-27T15:25:31","guid":{"rendered":"https:\/\/noti-america.com\/site\/argentina\/?p=17598"},"modified":"2026-08-27T12:25:31","modified_gmt":"2026-08-27T15:25:31","slug":"ariana-grande-anuncia-retiro-temporal-de-la-vida-publica","status":"publish","type":"post","link":"https:\/\/noti-america.com\/site\/argentina\/2026\/08\/27\/ariana-grande-anuncia-retiro-temporal-de-la-vida-publica\/","title":{"rendered":"Ariana Grande anuncia retiro temporal de la vida p\u00fablica"},"content":{"rendered":"<p>NOTI-AMERICA.COM | ARGENTINA<\/p>\n<p class=\"wp-block-paragraph\" style=\"text-align: justify\">La cantante estadounidense Ariana Grande se retirar\u00e1 de los escenarios y de los eventos p\u00fablicos una vez que concluya su gira internacional de conciertos Eternal Sunshine, programada para finalizar el pr\u00f3ximo 1 de septiembre en la capital brit\u00e1nica. La decisi\u00f3n laboral conllev\u00f3 adem\u00e1s la cancelaci\u00f3n de su participaci\u00f3n como protagonista en la obra teatral Sunday in the Park with George, cuyo estreno est\u00e1 previsto para el a\u00f1o 2027 en el West End de Londres.<\/p>\n<p class=\"wp-block-paragraph\" style=\"text-align: justify\">Un portavoz oficial de la int\u00e9rprete explic\u00f3 que la medida responde al intenso escrutinio de los medios de comunicaci\u00f3n respecto a su estado de salud y apariencia f\u00edsica, el cual se increment\u00f3 tras el reciente lanzamiento de su producci\u00f3n discogr\u00e1fica Petal. Desde su equipo de trabajo aclararon de forma indirecta que la artista cuenta con las condiciones f\u00edsicas \u00f3ptimas para afrontar sus compromisos actuales, pero busca completar la gira satisfactoriamente antes de alejarse de la atenci\u00f3n de la opini\u00f3n p\u00fablica.<\/p>\n<p class=\"wp-block-paragraph\" style=\"text-align: justify\">Como consecuencia de este receso, Grande no formar\u00e1 parte de la puesta en escena del compositor Stephen Sondheim, galardonada con el Premio Pulitzer, proyecto en el que iba a compartir elenco junto al actor brit\u00e1nico Jonathan Bailey, con quien coprotagoniz\u00f3 la adaptaci\u00f3n cinematogr\u00e1fica de Wicked.<\/p>\n<p class=\"wp-block-paragraph\" style=\"text-align: justify\">La empresa productora del montaje, Empire Street Productions, reconfirm\u00f3 los hechos mediante un comunicado transmitido a la cadena BBC, ratificando la continuidad del proyecto teatral.<\/p>\n<blockquote class=\"wp-block-quote is-layout-flow wp-block-quote-is-layout-flow\">\n<p class=\"wp-block-paragraph\" style=\"text-align: justify\">\u00abLa producci\u00f3n continuar\u00e1 en marcha\u00bb, expresaron de manera indirecta desde la organizaci\u00f3n al manifestar su respaldo total a la postura asumida por el entorno de la artista, calific\u00e1ndola como una determinaci\u00f3n dif\u00edcil pero comprensible, al tiempo que le desearon \u00e9xito en su periodo de descanso.<\/p>\n<\/blockquote>\n","protected":false},"excerpt":{"rendered":"<p>NOTI-AMERICA.COM | ARGENTINA La cantante estadounidense Ariana Grande se retirar\u00e1 de los escenarios y de los eventos p\u00fablicos una vez que concluya su gira internacional de conciertos Eternal Sunshine, programada para finalizar el pr\u00f3ximo&#46;&#46;&#46;<\/p>\n","protected":false},"author":133,"featured_media":17599,"comment_status":"open","ping_status":"open","sticky":false,"template":"","format":"image","meta":{"_acf_changed":false,"om_disable_all_campaigns":false,"rop_custom_images_group":[],"rop_custom_messages_group":[],"rop_publish_now":"initial","rop_publish_now_accounts":{"twitter_242054905_242054905":""},"rop_publish_now_history":[],"rop_publish_now_status":"pending","_uf_show_specific_survey":0,"_uf_disable_surveys":false,"footnotes":""},"categories":[287],"tags":[],"class_list":["post-17598","post","type-post","status-publish","format-image","has-post-thumbnail","hentry","category-actualidad","post_format-post-format-image"],"acf":[],"aioseo_notices":[],"yoast_head":"<!-- This site is optimized with the Yoast SEO Premium plugin v24.9 (Yoast SEO v27.2) - https:\/\/yoast.com\/product\/yoast-seo-premium-wordpress\/ -->\n<title>Ariana Grande anuncia retiro temporal de la vida p\u00fablica - Argentina | Noti-America.com<\/title>\n<meta name=\"robots\" content=\"index, follow, max-snippet:-1, max-image-preview:large, max-video-preview:-1\" \/>\n<link rel=\"canonical\" href=\"https:\/\/noti-america.com\/site\/argentina\/2026\/08\/27\/ariana-grande-anuncia-retiro-temporal-de-la-vida-publica\/\" \/>\n<meta property=\"og:locale\" content=\"es_ES\" \/>\n<meta property=\"og:type\" content=\"article\" \/>\n<meta property=\"og:title\" content=\"Ariana Grande anuncia retiro temporal de la vida p\u00fablica\" \/>\n<meta property=\"og:description\" content=\"NOTI-AMERICA.COM | ARGENTINA La cantante estadounidense Ariana Grande se retirar\u00e1 de los escenarios y de los eventos p\u00fablicos una vez que concluya su gira internacional de conciertos Eternal Sunshine, programada para finalizar el pr\u00f3ximo&#046;&#046;&#046;\" \/>\n<meta property=\"og:url\" content=\"https:\/\/noti-america.com\/site\/argentina\/2026\/08\/27\/ariana-grande-anuncia-retiro-temporal-de-la-vida-publica\/\" \/>\n<meta property=\"og:site_name\" content=\"Argentina | Noti-America.com\" \/>\n<meta property=\"article:author\" content=\"Mar\u00eda Valentina Noguera\" \/>\n<meta property=\"article:published_time\" content=\"2026-08-27T15:25:31+00:00\" \/>\n<meta property=\"og:image\" content=\"https:\/\/noti-america.com\/site\/argentina\/wp-content\/uploads\/sites\/24\/2026\/08\/Screenshot_27-8-2026_112412_encrypted-tbn0.gstatic.com_.jpeg\" \/>\n\t<meta property=\"og:image:width\" content=\"557\" \/>\n\t<meta property=\"og:image:height\" content=\"553\" \/>\n\t<meta property=\"og:image:type\" content=\"image\/jpeg\" \/>\n<meta name=\"author\" content=\"Maria Valentina Noguera Medina\" \/>\n<meta name=\"twitter:card\" content=\"summary_large_image\" \/>\n<meta name=\"twitter:creator\" content=\"@inotiamerica\" \/>\n<meta name=\"twitter:site\" content=\"@inotiamerica\" \/>\n<meta name=\"twitter:label1\" content=\"Escrito por\" \/>\n\t<meta name=\"twitter:data1\" content=\"Maria Valentina Noguera Medina\" \/>\n\t<meta name=\"twitter:label2\" content=\"Tiempo estimado de lectura\" \/>\n\t<meta name=\"twitter:data2\" content=\"2 minutos\" \/>\n<script type=\"application\/ld+json\" class=\"yoast-schema-graph\">{\"@context\":\"https:\/\/schema.org\",\"@graph\":[{\"@type\":\"Article\",\"@id\":\"https:\/\/noti-america.com\/site\/argentina\/2026\/08\/27\/ariana-grande-anuncia-retiro-temporal-de-la-vida-publica\/#article\",\"isPartOf\":{\"@id\":\"https:\/\/noti-america.com\/site\/argentina\/2026\/08\/27\/ariana-grande-anuncia-retiro-temporal-de-la-vida-publica\/\"},\"author\":{\"name\":\"Maria Valentina Noguera Medina\",\"@id\":\"https:\/\/noti-america.com\/site\/argentina\/#\/schema\/person\/b0777fb8ad9a321dc446ddbbceae778f\"},\"headline\":\"Ariana Grande anuncia retiro temporal de la vida p\u00fablica\",\"datePublished\":\"2026-08-27T15:25:31+00:00\",\"mainEntityOfPage\":{\"@id\":\"https:\/\/noti-america.com\/site\/argentina\/2026\/08\/27\/ariana-grande-anuncia-retiro-temporal-de-la-vida-publica\/\"},\"wordCount\":305,\"commentCount\":0,\"publisher\":{\"@id\":\"https:\/\/noti-america.com\/site\/argentina\/#organization\"},\"image\":{\"@id\":\"https:\/\/noti-america.com\/site\/argentina\/2026\/08\/27\/ariana-grande-anuncia-retiro-temporal-de-la-vida-publica\/#primaryimage\"},\"thumbnailUrl\":\"https:\/\/noti-america.com\/site\/argentina\/wp-content\/uploads\/sites\/24\/2026\/08\/Screenshot_27-8-2026_112412_encrypted-tbn0.gstatic.com_.jpeg\",\"articleSection\":[\"Actualidad\"],\"inLanguage\":\"es\",\"potentialAction\":[{\"@type\":\"CommentAction\",\"name\":\"Comment\",\"target\":[\"https:\/\/noti-america.com\/site\/argentina\/2026\/08\/27\/ariana-grande-anuncia-retiro-temporal-de-la-vida-publica\/#respond\"]}]},{\"@type\":\"WebPage\",\"@id\":\"https:\/\/noti-america.com\/site\/argentina\/2026\/08\/27\/ariana-grande-anuncia-retiro-temporal-de-la-vida-publica\/\",\"url\":\"https:\/\/noti-america.com\/site\/argentina\/2026\/08\/27\/ariana-grande-anuncia-retiro-temporal-de-la-vida-publica\/\",\"name\":\"Ariana Grande anuncia retiro temporal de la vida p\u00fablica - Argentina | Noti-America.com\",\"isPartOf\":{\"@id\":\"https:\/\/noti-america.com\/site\/argentina\/#website\"},\"primaryImageOfPage\":{\"@id\":\"https:\/\/noti-america.com\/site\/argentina\/2026\/08\/27\/ariana-grande-anuncia-retiro-temporal-de-la-vida-publica\/#primaryimage\"},\"image\":{\"@id\":\"https:\/\/noti-america.com\/site\/argentina\/2026\/08\/27\/ariana-grande-anuncia-retiro-temporal-de-la-vida-publica\/#primaryimage\"},\"thumbnailUrl\":\"https:\/\/noti-america.com\/site\/argentina\/wp-content\/uploads\/sites\/24\/2026\/08\/Screenshot_27-8-2026_112412_encrypted-tbn0.gstatic.com_.jpeg\",\"datePublished\":\"2026-08-27T15:25:31+00:00\",\"breadcrumb\":{\"@id\":\"https:\/\/noti-america.com\/site\/argentina\/2026\/08\/27\/ariana-grande-anuncia-retiro-temporal-de-la-vida-publica\/#breadcrumb\"},\"inLanguage\":\"es\",\"potentialAction\":[{\"@type\":\"ReadAction\",\"target\":[\"https:\/\/noti-america.com\/site\/argentina\/2026\/08\/27\/ariana-grande-anuncia-retiro-temporal-de-la-vida-publica\/\"]}]},{\"@type\":\"ImageObject\",\"inLanguage\":\"es\",\"@id\":\"https:\/\/noti-america.com\/site\/argentina\/2026\/08\/27\/ariana-grande-anuncia-retiro-temporal-de-la-vida-publica\/#primaryimage\",\"url\":\"https:\/\/noti-america.com\/site\/argentina\/wp-content\/uploads\/sites\/24\/2026\/08\/Screenshot_27-8-2026_112412_encrypted-tbn0.gstatic.com_.jpeg\",\"contentUrl\":\"https:\/\/noti-america.com\/site\/argentina\/wp-content\/uploads\/sites\/24\/2026\/08\/Screenshot_27-8-2026_112412_encrypted-tbn0.gstatic.com_.jpeg\",\"width\":557,\"height\":553},{\"@type\":\"BreadcrumbList\",\"@id\":\"https:\/\/noti-america.com\/site\/argentina\/2026\/08\/27\/ariana-grande-anuncia-retiro-temporal-de-la-vida-publica\/#breadcrumb\",\"itemListElement\":[{\"@type\":\"ListItem\",\"position\":1,\"name\":\"Portada\",\"item\":\"https:\/\/noti-america.com\/site\/argentina\/\"},{\"@type\":\"ListItem\",\"position\":2,\"name\":\"Ariana Grande anuncia retiro temporal de la vida p\u00fablica\"}]},{\"@type\":\"WebSite\",\"@id\":\"https:\/\/noti-america.com\/site\/argentina\/#website\",\"url\":\"https:\/\/noti-america.com\/site\/argentina\/\",\"name\":\"Argentina | Noti-America.com\",\"description\":\"\",\"publisher\":{\"@id\":\"https:\/\/noti-america.com\/site\/argentina\/#organization\"},\"potentialAction\":[{\"@type\":\"SearchAction\",\"target\":{\"@type\":\"EntryPoint\",\"urlTemplate\":\"https:\/\/noti-america.com\/site\/argentina\/?s={search_term_string}\"},\"query-input\":{\"@type\":\"PropertyValueSpecification\",\"valueRequired\":true,\"valueName\":\"search_term_string\"}}],\"inLanguage\":\"es\"},{\"@type\":\"Organization\",\"@id\":\"https:\/\/noti-america.com\/site\/argentina\/#organization\",\"name\":\"Noti-America LLC | Argentina\",\"url\":\"https:\/\/noti-america.com\/site\/argentina\/\",\"logo\":{\"@type\":\"ImageObject\",\"inLanguage\":\"es\",\"@id\":\"https:\/\/noti-america.com\/site\/argentina\/#\/schema\/logo\/image\/\",\"url\":\"https:\/\/noti-america.com\/site\/argentina\/wp-content\/uploads\/sites\/24\/2020\/07\/LogoNA-4x3-1.jpg\",\"contentUrl\":\"https:\/\/noti-america.com\/site\/argentina\/wp-content\/uploads\/sites\/24\/2020\/07\/LogoNA-4x3-1.jpg\",\"width\":1236,\"height\":1080,\"caption\":\"Noti-America LLC | Argentina\"},\"image\":{\"@id\":\"https:\/\/noti-america.com\/site\/argentina\/#\/schema\/logo\/image\/\"},\"sameAs\":[\"https:\/\/x.com\/inotiamerica\"]},{\"@type\":\"Person\",\"@id\":\"https:\/\/noti-america.com\/site\/argentina\/#\/schema\/person\/b0777fb8ad9a321dc446ddbbceae778f\",\"name\":\"Maria Valentina Noguera Medina\",\"image\":{\"@type\":\"ImageObject\",\"inLanguage\":\"es\",\"@id\":\"https:\/\/secure.gravatar.com\/avatar\/4ec5eb9d099f2608a49c9df6f7341f66f04f819cdffa09d56a7a0e91d2819d56?s=96&d=mm&r=g\",\"url\":\"https:\/\/secure.gravatar.com\/avatar\/4ec5eb9d099f2608a49c9df6f7341f66f04f819cdffa09d56a7a0e91d2819d56?s=96&d=mm&r=g\",\"contentUrl\":\"https:\/\/secure.gravatar.com\/avatar\/4ec5eb9d099f2608a49c9df6f7341f66f04f819cdffa09d56a7a0e91d2819d56?s=96&d=mm&r=g\",\"caption\":\"Maria Valentina Noguera Medina\"},\"description\":\"Periodista - noti-america - Promar Community Manager - Talento Plus Dise\u00f1adora\/ creadora de contenido...\",\"sameAs\":[\"Mar\u00eda Valentina Noguera\",\"https:\/\/www.facebook.com\/mariavalentina.noguera\",\"https:\/\/www.linkedin.com\/in\/mara-valentina-noguera-medina-373075165\/\",\"https:\/\/www.pinterest.es\/valentinanoguera95\/\",\"https:\/\/www.youtube.com\/channel\/UCdek6mbUZ-Tqqw0I63i4nmQ\"],\"url\":\"https:\/\/noti-america.com\/site\/argentina\/author\/mnoguera\/\"}]}<\/script>\n<!-- \/ Yoast SEO Premium plugin. -->","yoast_head_json":{"title":"Ariana Grande anuncia retiro temporal de la vida p\u00fablica - Argentina | Noti-America.com","robots":{"index":"index","follow":"follow","max-snippet":"max-snippet:-1","max-image-preview":"max-image-preview:large","max-video-preview":"max-video-preview:-1"},"canonical":"https:\/\/noti-america.com\/site\/argentina\/2026\/08\/27\/ariana-grande-anuncia-retiro-temporal-de-la-vida-publica\/","og_locale":"es_ES","og_type":"article","og_title":"Ariana Grande anuncia retiro temporal de la vida p\u00fablica","og_description":"NOTI-AMERICA.COM | ARGENTINA La cantante estadounidense Ariana Grande se retirar\u00e1 de los escenarios y de los eventos p\u00fablicos una vez que concluya su gira internacional de conciertos Eternal Sunshine, programada para finalizar el pr\u00f3ximo&#46;&#46;&#46;","og_url":"https:\/\/noti-america.com\/site\/argentina\/2026\/08\/27\/ariana-grande-anuncia-retiro-temporal-de-la-vida-publica\/","og_site_name":"Argentina | Noti-America.com","article_author":"Mar\u00eda Valentina Noguera","article_published_time":"2026-08-27T15:25:31+00:00","og_image":[{"width":557,"height":553,"url":"https:\/\/noti-america.com\/site\/argentina\/wp-content\/uploads\/sites\/24\/2026\/08\/Screenshot_27-8-2026_112412_encrypted-tbn0.gstatic.com_.jpeg","type":"image\/jpeg"}],"author":"Maria Valentina Noguera Medina","twitter_card":"summary_large_image","twitter_creator":"@inotiamerica","twitter_site":"@inotiamerica","twitter_misc":{"Escrito por":"Maria Valentina Noguera Medina","Tiempo estimado de lectura":"2 minutos"},"schema":{"@context":"https:\/\/schema.org","@graph":[{"@type":"Article","@id":"https:\/\/noti-america.com\/site\/argentina\/2026\/08\/27\/ariana-grande-anuncia-retiro-temporal-de-la-vida-publica\/#article","isPartOf":{"@id":"https:\/\/noti-america.com\/site\/argentina\/2026\/08\/27\/ariana-grande-anuncia-retiro-temporal-de-la-vida-publica\/"},"author":{"name":"Maria Valentina Noguera Medina","@id":"https:\/\/noti-america.com\/site\/argentina\/#\/schema\/person\/b0777fb8ad9a321dc446ddbbceae778f"},"headline":"Ariana Grande anuncia retiro temporal de la vida p\u00fablica","datePublished":"2026-08-27T15:25:31+00:00","mainEntityOfPage":{"@id":"https:\/\/noti-america.com\/site\/argentina\/2026\/08\/27\/ariana-grande-anuncia-retiro-temporal-de-la-vida-publica\/"},"wordCount":305,"commentCount":0,"publisher":{"@id":"https:\/\/noti-america.com\/site\/argentina\/#organization"},"image":{"@id":"https:\/\/noti-america.com\/site\/argentina\/2026\/08\/27\/ariana-grande-anuncia-retiro-temporal-de-la-vida-publica\/#primaryimage"},"thumbnailUrl":"https:\/\/noti-america.com\/site\/argentina\/wp-content\/uploads\/sites\/24\/2026\/08\/Screenshot_27-8-2026_112412_encrypted-tbn0.gstatic.com_.jpeg","articleSection":["Actualidad"],"inLanguage":"es","potentialAction":[{"@type":"CommentAction","name":"Comment","target":["https:\/\/noti-america.com\/site\/argentina\/2026\/08\/27\/ariana-grande-anuncia-retiro-temporal-de-la-vida-publica\/#respond"]}]},{"@type":"WebPage","@id":"https:\/\/noti-america.com\/site\/argentina\/2026\/08\/27\/ariana-grande-anuncia-retiro-temporal-de-la-vida-publica\/","url":"https:\/\/noti-america.com\/site\/argentina\/2026\/08\/27\/ariana-grande-anuncia-retiro-temporal-de-la-vida-publica\/","name":"Ariana Grande anuncia retiro temporal de la vida p\u00fablica - Argentina | Noti-America.com","isPartOf":{"@id":"https:\/\/noti-america.com\/site\/argentina\/#website"},"primaryImageOfPage":{"@id":"https:\/\/noti-america.com\/site\/argentina\/2026\/08\/27\/ariana-grande-anuncia-retiro-temporal-de-la-vida-publica\/#primaryimage"},"image":{"@id":"https:\/\/noti-america.com\/site\/argentina\/2026\/08\/27\/ariana-grande-anuncia-retiro-temporal-de-la-vida-publica\/#primaryimage"},"thumbnailUrl":"https:\/\/noti-america.com\/site\/argentina\/wp-content\/uploads\/sites\/24\/2026\/08\/Screenshot_27-8-2026_112412_encrypted-tbn0.gstatic.com_.jpeg","datePublished":"2026-08-27T15:25:31+00:00","breadcrumb":{"@id":"https:\/\/noti-america.com\/site\/argentina\/2026\/08\/27\/ariana-grande-anuncia-retiro-temporal-de-la-vida-publica\/#breadcrumb"},"inLanguage":"es","potentialAction":[{"@type":"ReadAction","target":["https:\/\/noti-america.com\/site\/argentina\/2026\/08\/27\/ariana-grande-anuncia-retiro-temporal-de-la-vida-publica\/"]}]},{"@type":"ImageObject","inLanguage":"es","@id":"https:\/\/noti-america.com\/site\/argentina\/2026\/08\/27\/ariana-grande-anuncia-retiro-temporal-de-la-vida-publica\/#primaryimage","url":"https:\/\/noti-america.com\/site\/argentina\/wp-content\/uploads\/sites\/24\/2026\/08\/Screenshot_27-8-2026_112412_encrypted-tbn0.gstatic.com_.jpeg","contentUrl":"https:\/\/noti-america.com\/site\/argentina\/wp-content\/uploads\/sites\/24\/2026\/08\/Screenshot_27-8-2026_112412_encrypted-tbn0.gstatic.com_.jpeg","width":557,"height":553},{"@type":"BreadcrumbList","@id":"https:\/\/noti-america.com\/site\/argentina\/2026\/08\/27\/ariana-grande-anuncia-retiro-temporal-de-la-vida-publica\/#breadcrumb","itemListElement":[{"@type":"ListItem","position":1,"name":"Portada","item":"https:\/\/noti-america.com\/site\/argentina\/"},{"@type":"ListItem","position":2,"name":"Ariana Grande anuncia retiro temporal de la vida p\u00fablica"}]},{"@type":"WebSite","@id":"https:\/\/noti-america.com\/site\/argentina\/#website","url":"https:\/\/noti-america.com\/site\/argentina\/","name":"Argentina | Noti-America.com","description":"","publisher":{"@id":"https:\/\/noti-america.com\/site\/argentina\/#organization"},"potentialAction":[{"@type":"SearchAction","target":{"@type":"EntryPoint","urlTemplate":"https:\/\/noti-america.com\/site\/argentina\/?s={search_term_string}"},"query-input":{"@type":"PropertyValueSpecification","valueRequired":true,"valueName":"search_term_string"}}],"inLanguage":"es"},{"@type":"Organization","@id":"https:\/\/noti-america.com\/site\/argentina\/#organization","name":"Noti-America LLC | Argentina","url":"https:\/\/noti-america.com\/site\/argentina\/","logo":{"@type":"ImageObject","inLanguage":"es","@id":"https:\/\/noti-america.com\/site\/argentina\/#\/schema\/logo\/image\/","url":"https:\/\/noti-america.com\/site\/argentina\/wp-content\/uploads\/sites\/24\/2020\/07\/LogoNA-4x3-1.jpg","contentUrl":"https:\/\/noti-america.com\/site\/argentina\/wp-content\/uploads\/sites\/24\/2020\/07\/LogoNA-4x3-1.jpg","width":1236,"height":1080,"caption":"Noti-America LLC | Argentina"},"image":{"@id":"https:\/\/noti-america.com\/site\/argentina\/#\/schema\/logo\/image\/"},"sameAs":["https:\/\/x.com\/inotiamerica"]},{"@type":"Person","@id":"https:\/\/noti-america.com\/site\/argentina\/#\/schema\/person\/b0777fb8ad9a321dc446ddbbceae778f","name":"Maria Valentina Noguera Medina","image":{"@type":"ImageObject","inLanguage":"es","@id":"https:\/\/secure.gravatar.com\/avatar\/4ec5eb9d099f2608a49c9df6f7341f66f04f819cdffa09d56a7a0e91d2819d56?s=96&d=mm&r=g","url":"https:\/\/secure.gravatar.com\/avatar\/4ec5eb9d099f2608a49c9df6f7341f66f04f819cdffa09d56a7a0e91d2819d56?s=96&d=mm&r=g","contentUrl":"https:\/\/secure.gravatar.com\/avatar\/4ec5eb9d099f2608a49c9df6f7341f66f04f819cdffa09d56a7a0e91d2819d56?s=96&d=mm&r=g","caption":"Maria Valentina Noguera Medina"},"description":"Periodista - noti-america - Promar Community Manager - Talento Plus Dise\u00f1adora\/ creadora de contenido...","sameAs":["Mar\u00eda Valentina Noguera","https:\/\/www.facebook.com\/mariavalentina.noguera","https:\/\/www.linkedin.com\/in\/mara-valentina-noguera-medina-373075165\/","https:\/\/www.pinterest.es\/valentinanoguera95\/","https:\/\/www.youtube.com\/channel\/UCdek6mbUZ-Tqqw0I63i4nmQ"],"url":"https:\/\/noti-america.com\/site\/argentina\/author\/mnoguera\/"}]}},"_links":{"self":[{"href":"https:\/\/noti-america.com\/site\/argentina\/wp-json\/wp\/v2\/posts\/17598","targetHints":{"allow":["GET"]}}],"collection":[{"href":"https:\/\/noti-america.com\/site\/argentina\/wp-json\/wp\/v2\/posts"}],"about":[{"href":"https:\/\/noti-america.com\/site\/argentina\/wp-json\/wp\/v2\/types\/post"}],"author":[{"embeddable":true,"href":"https:\/\/noti-america.com\/site\/argentina\/wp-json\/wp\/v2\/users\/133"}],"replies":[{"embeddable":true,"href":"https:\/\/noti-america.com\/site\/argentina\/wp-json\/wp\/v2\/comments?post=17598"}],"version-history":[{"count":1,"href":"https:\/\/noti-america.com\/site\/argentina\/wp-json\/wp\/v2\/posts\/17598\/revisions"}],"predecessor-version":[{"id":17600,"href":"https:\/\/noti-america.com\/site\/argentina\/wp-json\/wp\/v2\/posts\/17598\/revisions\/17600"}],"wp:featuredmedia":[{"embeddable":true,"href":"https:\/\/noti-america.com\/site\/argentina\/wp-json\/wp\/v2\/media\/17599"}],"wp:attachment":[{"href":"https:\/\/noti-america.com\/site\/argentina\/wp-json\/wp\/v2\/media?parent=17598"}],"wp:term":[{"taxonomy":"category","embeddable":true,"href":"https:\/\/noti-america.com\/site\/argentina\/wp-json\/wp\/v2\/categories?post=17598"},{"taxonomy":"post_tag","embeddable":true,"href":"https:\/\/noti-america.com\/site\/argentina\/wp-json\/wp\/v2\/tags?post=17598"}],"curies":[{"name":"wp","href":"https:\/\/api.w.org\/{rel}","templated":true}]}}