{"id":17595,"date":"2026-08-27T12:22:34","date_gmt":"2026-08-27T15:22:34","guid":{"rendered":"https:\/\/noti-america.com\/site\/argentina\/?p=17595"},"modified":"2026-08-27T12:22:34","modified_gmt":"2026-08-27T15:22:34","slug":"revelan-causa-de-muerte-de-la-cantante-dolly-parton","status":"publish","type":"post","link":"https:\/\/noti-america.com\/site\/argentina\/2026\/08\/27\/revelan-causa-de-muerte-de-la-cantante-dolly-parton\/","title":{"rendered":"Revelan causa de muerte de la cantante Dolly Parton"},"content":{"rendered":"<p>NOTI-AMERICA.COM | ARGENTINA<\/p>\n<p class=\"wp-block-paragraph\" style=\"text-align: justify\">La ic\u00f3nica cantante y fil\u00e1ntropa estadounidense Dolly Parton falleci\u00f3 a los 80 a\u00f1os en el Centro Oncol\u00f3gico Vanderbilt-Ingram de Nashville a causa de una batalla contra el c\u00e1ncer, seg\u00fan confirmaron sus representantes este martes al revelar formalmente el diagn\u00f3stico m\u00e9dico que provoc\u00f3 su deceso.<\/p>\n<p class=\"wp-block-paragraph\" style=\"text-align: justify\">El equipo de prensa de la artista dio a conocer la causa de su fallecimiento mediante un comunicado difundido por la revista People.<\/p>\n<blockquote class=\"wp-block-quote is-layout-flow wp-block-quote-is-layout-flow\">\n<p class=\"wp-block-paragraph\">\u00abNuestra querida Dolly Parton dedic\u00f3 su vida y su carrera a brindar alegr\u00eda, risas, esperanza e integridad a todo lo que tocaba. Su generosidad sin igual lleg\u00f3 a la vida de innumerables personas a las que nunca conoci\u00f3, pero siempre estuvo dispuesta a ayudar\u00bb, expresaron sus portavoces al confirmar el motivo de su partida.<\/p>\n<\/blockquote>\n<p class=\"wp-block-paragraph\" style=\"text-align: justify\">En el escrito oficial, los representantes repasaron la labor social de la artista y contextualizaron el desenlace de su afecci\u00f3n oncol\u00f3gica.<\/p>\n<blockquote class=\"wp-block-quote is-layout-flow wp-block-quote-is-layout-flow\">\n<p class=\"wp-block-paragraph\">\u00abYa sea por los cientos de millones de libros donados a trav\u00e9s de su invaluable Biblioteca de la Imaginaci\u00f3n o por la financiaci\u00f3n de investigaciones que ayudaron a crear una vacuna que salva vidas y que se utiliza en todo el mundo, el amor incondicional de Dolly por todas las personas fue la fuerza que gui\u00f3 su legado perdurable. Tras una valiente lucha contra el c\u00e1ncer, Dolly falleci\u00f3 hoy en el Centro Oncol\u00f3gico Vanderbilt-Ingram, rodeada de sus seres queridos\u00bb, precis\u00f3 el comunicado.<\/p>\n<\/blockquote>\n<p class=\"wp-block-paragraph\" style=\"text-align: justify\">La confirmaci\u00f3n del c\u00e1ncer como causa de muerte explica los quebrantos de salud que la artista ven\u00eda registrando de manera previa. Una semana antes de su fallecimiento, Parton present\u00f3 mareos y deshidrataci\u00f3n, s\u00edntomas que le impidieron acudir a su parque tem\u00e1tico Dollywood y la llevaron a recurrir a un video pregrabado para presentar la monta\u00f1a rusa Nightflight Expedition.<\/p>\n<p class=\"wp-block-paragraph\" style=\"text-align: justify\">Un a\u00f1o atr\u00e1s, la cantante ya hab\u00eda suspendido seis shows en Las Vegas argumentando problemas m\u00e9dicos, fechas que tampoco pudo cumplir en su reprogramaci\u00f3n de mayo.<\/p>\n<p class=\"wp-block-paragraph\" style=\"text-align: justify\">En esa oportunidad, Parton describi\u00f3 los malestares que experimentaba: \u00abMi sistema inmunol\u00f3gico y mi sistema digestivo se desequilibraron por completo en los \u00faltimos dos o tres a\u00f1os, y est\u00e1n trabajando arduamente para reconstruirlos y fortalecerlos, y espero estar en plena forma pronto\u00bb.<\/p>\n<p class=\"wp-block-paragraph\" style=\"text-align: justify\">Pocos d\u00edas antes de morir, la propia int\u00e9rprete vincul\u00f3 el descuido de su salud con la atenci\u00f3n brindada a su entorno cercano.<\/p>\n<blockquote class=\"wp-block-quote is-layout-flow wp-block-quote-is-layout-flow\">\n<p class=\"wp-block-paragraph\" style=\"text-align: justify\">\u00abTengo algunos problemas de salud a los que no les prest\u00e9 atenci\u00f3n cuando cuidaba de Carl\u00bb, dijo, haciendo referencia a su esposo Carl Dean, hab\u00eda fallecido el 3 de marzo de 2025 a la edad de 82 a\u00f1os.<\/p>\n<\/blockquote>\n","protected":false},"excerpt":{"rendered":"<p>NOTI-AMERICA.COM | ARGENTINA La ic\u00f3nica cantante y fil\u00e1ntropa estadounidense Dolly Parton falleci\u00f3 a los 80 a\u00f1os en el Centro Oncol\u00f3gico Vanderbilt-Ingram de Nashville a causa de una batalla contra el c\u00e1ncer, seg\u00fan confirmaron sus&#46;&#46;&#46;<\/p>\n","protected":false},"author":133,"featured_media":17596,"comment_status":"open","ping_status":"open","sticky":false,"template":"","format":"image","meta":{"_acf_changed":false,"om_disable_all_campaigns":false,"rop_custom_images_group":[],"rop_custom_messages_group":[],"rop_publish_now":"initial","rop_publish_now_accounts":{"twitter_242054905_242054905":""},"rop_publish_now_history":[],"rop_publish_now_status":"pending","_uf_show_specific_survey":0,"_uf_disable_surveys":false,"footnotes":""},"categories":[304],"tags":[],"class_list":["post-17595","post","type-post","status-publish","format-image","has-post-thumbnail","hentry","category-entretenimiento","post_format-post-format-image"],"acf":[],"aioseo_notices":[],"yoast_head":"<!-- This site is optimized with the Yoast SEO Premium plugin v24.9 (Yoast SEO v27.2) - https:\/\/yoast.com\/product\/yoast-seo-premium-wordpress\/ -->\n<title>Revelan causa de muerte de la cantante Dolly Parton - Argentina | Noti-America.com<\/title>\n<meta name=\"robots\" content=\"index, follow, max-snippet:-1, max-image-preview:large, max-video-preview:-1\" \/>\n<link rel=\"canonical\" href=\"https:\/\/noti-america.com\/site\/argentina\/2026\/08\/27\/revelan-causa-de-muerte-de-la-cantante-dolly-parton\/\" \/>\n<meta property=\"og:locale\" content=\"es_ES\" \/>\n<meta property=\"og:type\" content=\"article\" \/>\n<meta property=\"og:title\" content=\"Revelan causa de muerte de la cantante Dolly Parton\" \/>\n<meta property=\"og:description\" content=\"NOTI-AMERICA.COM | ARGENTINA La ic\u00f3nica cantante y fil\u00e1ntropa estadounidense Dolly Parton falleci\u00f3 a los 80 a\u00f1os en el Centro Oncol\u00f3gico Vanderbilt-Ingram de Nashville a causa de una batalla contra el c\u00e1ncer, seg\u00fan confirmaron sus&#046;&#046;&#046;\" \/>\n<meta property=\"og:url\" content=\"https:\/\/noti-america.com\/site\/argentina\/2026\/08\/27\/revelan-causa-de-muerte-de-la-cantante-dolly-parton\/\" \/>\n<meta property=\"og:site_name\" content=\"Argentina | Noti-America.com\" \/>\n<meta property=\"article:author\" content=\"Mar\u00eda Valentina Noguera\" \/>\n<meta property=\"article:published_time\" content=\"2026-08-27T15:22:34+00:00\" \/>\n<meta property=\"og:image\" content=\"https:\/\/noti-america.com\/site\/argentina\/wp-content\/uploads\/sites\/24\/2026\/08\/Screenshot_27-8-2026_111922_media-cldnry.s-nbcnews.com_.jpeg\" \/>\n\t<meta property=\"og:image:width\" content=\"746\" \/>\n\t<meta property=\"og:image:height\" content=\"502\" \/>\n\t<meta property=\"og:image:type\" content=\"image\/jpeg\" \/>\n<meta name=\"author\" content=\"Maria Valentina Noguera Medina\" \/>\n<meta name=\"twitter:card\" content=\"summary_large_image\" \/>\n<meta name=\"twitter:creator\" content=\"@inotiamerica\" \/>\n<meta name=\"twitter:site\" content=\"@inotiamerica\" \/>\n<meta name=\"twitter:label1\" content=\"Escrito por\" \/>\n\t<meta name=\"twitter:data1\" content=\"Maria Valentina Noguera Medina\" \/>\n\t<meta name=\"twitter:label2\" content=\"Tiempo estimado de lectura\" \/>\n\t<meta name=\"twitter:data2\" content=\"2 minutos\" \/>\n<script type=\"application\/ld+json\" class=\"yoast-schema-graph\">{\"@context\":\"https:\/\/schema.org\",\"@graph\":[{\"@type\":\"Article\",\"@id\":\"https:\/\/noti-america.com\/site\/argentina\/2026\/08\/27\/revelan-causa-de-muerte-de-la-cantante-dolly-parton\/#article\",\"isPartOf\":{\"@id\":\"https:\/\/noti-america.com\/site\/argentina\/2026\/08\/27\/revelan-causa-de-muerte-de-la-cantante-dolly-parton\/\"},\"author\":{\"name\":\"Maria Valentina Noguera Medina\",\"@id\":\"https:\/\/noti-america.com\/site\/argentina\/#\/schema\/person\/b0777fb8ad9a321dc446ddbbceae778f\"},\"headline\":\"Revelan causa de muerte de la cantante Dolly Parton\",\"datePublished\":\"2026-08-27T15:22:34+00:00\",\"mainEntityOfPage\":{\"@id\":\"https:\/\/noti-america.com\/site\/argentina\/2026\/08\/27\/revelan-causa-de-muerte-de-la-cantante-dolly-parton\/\"},\"wordCount\":455,\"commentCount\":0,\"publisher\":{\"@id\":\"https:\/\/noti-america.com\/site\/argentina\/#organization\"},\"image\":{\"@id\":\"https:\/\/noti-america.com\/site\/argentina\/2026\/08\/27\/revelan-causa-de-muerte-de-la-cantante-dolly-parton\/#primaryimage\"},\"thumbnailUrl\":\"https:\/\/noti-america.com\/site\/argentina\/wp-content\/uploads\/sites\/24\/2026\/08\/Screenshot_27-8-2026_111922_media-cldnry.s-nbcnews.com_.jpeg\",\"articleSection\":[\"Entretenimiento\"],\"inLanguage\":\"es\",\"potentialAction\":[{\"@type\":\"CommentAction\",\"name\":\"Comment\",\"target\":[\"https:\/\/noti-america.com\/site\/argentina\/2026\/08\/27\/revelan-causa-de-muerte-de-la-cantante-dolly-parton\/#respond\"]}]},{\"@type\":\"WebPage\",\"@id\":\"https:\/\/noti-america.com\/site\/argentina\/2026\/08\/27\/revelan-causa-de-muerte-de-la-cantante-dolly-parton\/\",\"url\":\"https:\/\/noti-america.com\/site\/argentina\/2026\/08\/27\/revelan-causa-de-muerte-de-la-cantante-dolly-parton\/\",\"name\":\"Revelan causa de muerte de la cantante Dolly Parton - Argentina | Noti-America.com\",\"isPartOf\":{\"@id\":\"https:\/\/noti-america.com\/site\/argentina\/#website\"},\"primaryImageOfPage\":{\"@id\":\"https:\/\/noti-america.com\/site\/argentina\/2026\/08\/27\/revelan-causa-de-muerte-de-la-cantante-dolly-parton\/#primaryimage\"},\"image\":{\"@id\":\"https:\/\/noti-america.com\/site\/argentina\/2026\/08\/27\/revelan-causa-de-muerte-de-la-cantante-dolly-parton\/#primaryimage\"},\"thumbnailUrl\":\"https:\/\/noti-america.com\/site\/argentina\/wp-content\/uploads\/sites\/24\/2026\/08\/Screenshot_27-8-2026_111922_media-cldnry.s-nbcnews.com_.jpeg\",\"datePublished\":\"2026-08-27T15:22:34+00:00\",\"breadcrumb\":{\"@id\":\"https:\/\/noti-america.com\/site\/argentina\/2026\/08\/27\/revelan-causa-de-muerte-de-la-cantante-dolly-parton\/#breadcrumb\"},\"inLanguage\":\"es\",\"potentialAction\":[{\"@type\":\"ReadAction\",\"target\":[\"https:\/\/noti-america.com\/site\/argentina\/2026\/08\/27\/revelan-causa-de-muerte-de-la-cantante-dolly-parton\/\"]}]},{\"@type\":\"ImageObject\",\"inLanguage\":\"es\",\"@id\":\"https:\/\/noti-america.com\/site\/argentina\/2026\/08\/27\/revelan-causa-de-muerte-de-la-cantante-dolly-parton\/#primaryimage\",\"url\":\"https:\/\/noti-america.com\/site\/argentina\/wp-content\/uploads\/sites\/24\/2026\/08\/Screenshot_27-8-2026_111922_media-cldnry.s-nbcnews.com_.jpeg\",\"contentUrl\":\"https:\/\/noti-america.com\/site\/argentina\/wp-content\/uploads\/sites\/24\/2026\/08\/Screenshot_27-8-2026_111922_media-cldnry.s-nbcnews.com_.jpeg\",\"width\":746,\"height\":502},{\"@type\":\"BreadcrumbList\",\"@id\":\"https:\/\/noti-america.com\/site\/argentina\/2026\/08\/27\/revelan-causa-de-muerte-de-la-cantante-dolly-parton\/#breadcrumb\",\"itemListElement\":[{\"@type\":\"ListItem\",\"position\":1,\"name\":\"Portada\",\"item\":\"https:\/\/noti-america.com\/site\/argentina\/\"},{\"@type\":\"ListItem\",\"position\":2,\"name\":\"Revelan causa de muerte de la cantante Dolly Parton\"}]},{\"@type\":\"WebSite\",\"@id\":\"https:\/\/noti-america.com\/site\/argentina\/#website\",\"url\":\"https:\/\/noti-america.com\/site\/argentina\/\",\"name\":\"Argentina | Noti-America.com\",\"description\":\"\",\"publisher\":{\"@id\":\"https:\/\/noti-america.com\/site\/argentina\/#organization\"},\"potentialAction\":[{\"@type\":\"SearchAction\",\"target\":{\"@type\":\"EntryPoint\",\"urlTemplate\":\"https:\/\/noti-america.com\/site\/argentina\/?s={search_term_string}\"},\"query-input\":{\"@type\":\"PropertyValueSpecification\",\"valueRequired\":true,\"valueName\":\"search_term_string\"}}],\"inLanguage\":\"es\"},{\"@type\":\"Organization\",\"@id\":\"https:\/\/noti-america.com\/site\/argentina\/#organization\",\"name\":\"Noti-America LLC | Argentina\",\"url\":\"https:\/\/noti-america.com\/site\/argentina\/\",\"logo\":{\"@type\":\"ImageObject\",\"inLanguage\":\"es\",\"@id\":\"https:\/\/noti-america.com\/site\/argentina\/#\/schema\/logo\/image\/\",\"url\":\"https:\/\/noti-america.com\/site\/argentina\/wp-content\/uploads\/sites\/24\/2020\/07\/LogoNA-4x3-1.jpg\",\"contentUrl\":\"https:\/\/noti-america.com\/site\/argentina\/wp-content\/uploads\/sites\/24\/2020\/07\/LogoNA-4x3-1.jpg\",\"width\":1236,\"height\":1080,\"caption\":\"Noti-America LLC | Argentina\"},\"image\":{\"@id\":\"https:\/\/noti-america.com\/site\/argentina\/#\/schema\/logo\/image\/\"},\"sameAs\":[\"https:\/\/x.com\/inotiamerica\"]},{\"@type\":\"Person\",\"@id\":\"https:\/\/noti-america.com\/site\/argentina\/#\/schema\/person\/b0777fb8ad9a321dc446ddbbceae778f\",\"name\":\"Maria Valentina Noguera Medina\",\"image\":{\"@type\":\"ImageObject\",\"inLanguage\":\"es\",\"@id\":\"https:\/\/secure.gravatar.com\/avatar\/4ec5eb9d099f2608a49c9df6f7341f66f04f819cdffa09d56a7a0e91d2819d56?s=96&d=mm&r=g\",\"url\":\"https:\/\/secure.gravatar.com\/avatar\/4ec5eb9d099f2608a49c9df6f7341f66f04f819cdffa09d56a7a0e91d2819d56?s=96&d=mm&r=g\",\"contentUrl\":\"https:\/\/secure.gravatar.com\/avatar\/4ec5eb9d099f2608a49c9df6f7341f66f04f819cdffa09d56a7a0e91d2819d56?s=96&d=mm&r=g\",\"caption\":\"Maria Valentina Noguera Medina\"},\"description\":\"Periodista - noti-america - Promar Community Manager - Talento Plus Dise\u00f1adora\/ creadora de contenido...\",\"sameAs\":[\"Mar\u00eda Valentina Noguera\",\"https:\/\/www.facebook.com\/mariavalentina.noguera\",\"https:\/\/www.linkedin.com\/in\/mara-valentina-noguera-medina-373075165\/\",\"https:\/\/www.pinterest.es\/valentinanoguera95\/\",\"https:\/\/www.youtube.com\/channel\/UCdek6mbUZ-Tqqw0I63i4nmQ\"],\"url\":\"https:\/\/noti-america.com\/site\/argentina\/author\/mnoguera\/\"}]}<\/script>\n<!-- \/ Yoast SEO Premium plugin. -->","yoast_head_json":{"title":"Revelan causa de muerte de la cantante Dolly Parton - Argentina | Noti-America.com","robots":{"index":"index","follow":"follow","max-snippet":"max-snippet:-1","max-image-preview":"max-image-preview:large","max-video-preview":"max-video-preview:-1"},"canonical":"https:\/\/noti-america.com\/site\/argentina\/2026\/08\/27\/revelan-causa-de-muerte-de-la-cantante-dolly-parton\/","og_locale":"es_ES","og_type":"article","og_title":"Revelan causa de muerte de la cantante Dolly Parton","og_description":"NOTI-AMERICA.COM | ARGENTINA La ic\u00f3nica cantante y fil\u00e1ntropa estadounidense Dolly Parton falleci\u00f3 a los 80 a\u00f1os en el Centro Oncol\u00f3gico Vanderbilt-Ingram de Nashville a causa de una batalla contra el c\u00e1ncer, seg\u00fan confirmaron sus&#46;&#46;&#46;","og_url":"https:\/\/noti-america.com\/site\/argentina\/2026\/08\/27\/revelan-causa-de-muerte-de-la-cantante-dolly-parton\/","og_site_name":"Argentina | Noti-America.com","article_author":"Mar\u00eda Valentina Noguera","article_published_time":"2026-08-27T15:22:34+00:00","og_image":[{"width":746,"height":502,"url":"https:\/\/noti-america.com\/site\/argentina\/wp-content\/uploads\/sites\/24\/2026\/08\/Screenshot_27-8-2026_111922_media-cldnry.s-nbcnews.com_.jpeg","type":"image\/jpeg"}],"author":"Maria Valentina Noguera Medina","twitter_card":"summary_large_image","twitter_creator":"@inotiamerica","twitter_site":"@inotiamerica","twitter_misc":{"Escrito por":"Maria Valentina Noguera Medina","Tiempo estimado de lectura":"2 minutos"},"schema":{"@context":"https:\/\/schema.org","@graph":[{"@type":"Article","@id":"https:\/\/noti-america.com\/site\/argentina\/2026\/08\/27\/revelan-causa-de-muerte-de-la-cantante-dolly-parton\/#article","isPartOf":{"@id":"https:\/\/noti-america.com\/site\/argentina\/2026\/08\/27\/revelan-causa-de-muerte-de-la-cantante-dolly-parton\/"},"author":{"name":"Maria Valentina Noguera Medina","@id":"https:\/\/noti-america.com\/site\/argentina\/#\/schema\/person\/b0777fb8ad9a321dc446ddbbceae778f"},"headline":"Revelan causa de muerte de la cantante Dolly Parton","datePublished":"2026-08-27T15:22:34+00:00","mainEntityOfPage":{"@id":"https:\/\/noti-america.com\/site\/argentina\/2026\/08\/27\/revelan-causa-de-muerte-de-la-cantante-dolly-parton\/"},"wordCount":455,"commentCount":0,"publisher":{"@id":"https:\/\/noti-america.com\/site\/argentina\/#organization"},"image":{"@id":"https:\/\/noti-america.com\/site\/argentina\/2026\/08\/27\/revelan-causa-de-muerte-de-la-cantante-dolly-parton\/#primaryimage"},"thumbnailUrl":"https:\/\/noti-america.com\/site\/argentina\/wp-content\/uploads\/sites\/24\/2026\/08\/Screenshot_27-8-2026_111922_media-cldnry.s-nbcnews.com_.jpeg","articleSection":["Entretenimiento"],"inLanguage":"es","potentialAction":[{"@type":"CommentAction","name":"Comment","target":["https:\/\/noti-america.com\/site\/argentina\/2026\/08\/27\/revelan-causa-de-muerte-de-la-cantante-dolly-parton\/#respond"]}]},{"@type":"WebPage","@id":"https:\/\/noti-america.com\/site\/argentina\/2026\/08\/27\/revelan-causa-de-muerte-de-la-cantante-dolly-parton\/","url":"https:\/\/noti-america.com\/site\/argentina\/2026\/08\/27\/revelan-causa-de-muerte-de-la-cantante-dolly-parton\/","name":"Revelan causa de muerte de la cantante Dolly Parton - Argentina | Noti-America.com","isPartOf":{"@id":"https:\/\/noti-america.com\/site\/argentina\/#website"},"primaryImageOfPage":{"@id":"https:\/\/noti-america.com\/site\/argentina\/2026\/08\/27\/revelan-causa-de-muerte-de-la-cantante-dolly-parton\/#primaryimage"},"image":{"@id":"https:\/\/noti-america.com\/site\/argentina\/2026\/08\/27\/revelan-causa-de-muerte-de-la-cantante-dolly-parton\/#primaryimage"},"thumbnailUrl":"https:\/\/noti-america.com\/site\/argentina\/wp-content\/uploads\/sites\/24\/2026\/08\/Screenshot_27-8-2026_111922_media-cldnry.s-nbcnews.com_.jpeg","datePublished":"2026-08-27T15:22:34+00:00","breadcrumb":{"@id":"https:\/\/noti-america.com\/site\/argentina\/2026\/08\/27\/revelan-causa-de-muerte-de-la-cantante-dolly-parton\/#breadcrumb"},"inLanguage":"es","potentialAction":[{"@type":"ReadAction","target":["https:\/\/noti-america.com\/site\/argentina\/2026\/08\/27\/revelan-causa-de-muerte-de-la-cantante-dolly-parton\/"]}]},{"@type":"ImageObject","inLanguage":"es","@id":"https:\/\/noti-america.com\/site\/argentina\/2026\/08\/27\/revelan-causa-de-muerte-de-la-cantante-dolly-parton\/#primaryimage","url":"https:\/\/noti-america.com\/site\/argentina\/wp-content\/uploads\/sites\/24\/2026\/08\/Screenshot_27-8-2026_111922_media-cldnry.s-nbcnews.com_.jpeg","contentUrl":"https:\/\/noti-america.com\/site\/argentina\/wp-content\/uploads\/sites\/24\/2026\/08\/Screenshot_27-8-2026_111922_media-cldnry.s-nbcnews.com_.jpeg","width":746,"height":502},{"@type":"BreadcrumbList","@id":"https:\/\/noti-america.com\/site\/argentina\/2026\/08\/27\/revelan-causa-de-muerte-de-la-cantante-dolly-parton\/#breadcrumb","itemListElement":[{"@type":"ListItem","position":1,"name":"Portada","item":"https:\/\/noti-america.com\/site\/argentina\/"},{"@type":"ListItem","position":2,"name":"Revelan causa de muerte de la cantante Dolly Parton"}]},{"@type":"WebSite","@id":"https:\/\/noti-america.com\/site\/argentina\/#website","url":"https:\/\/noti-america.com\/site\/argentina\/","name":"Argentina | Noti-America.com","description":"","publisher":{"@id":"https:\/\/noti-america.com\/site\/argentina\/#organization"},"potentialAction":[{"@type":"SearchAction","target":{"@type":"EntryPoint","urlTemplate":"https:\/\/noti-america.com\/site\/argentina\/?s={search_term_string}"},"query-input":{"@type":"PropertyValueSpecification","valueRequired":true,"valueName":"search_term_string"}}],"inLanguage":"es"},{"@type":"Organization","@id":"https:\/\/noti-america.com\/site\/argentina\/#organization","name":"Noti-America LLC | Argentina","url":"https:\/\/noti-america.com\/site\/argentina\/","logo":{"@type":"ImageObject","inLanguage":"es","@id":"https:\/\/noti-america.com\/site\/argentina\/#\/schema\/logo\/image\/","url":"https:\/\/noti-america.com\/site\/argentina\/wp-content\/uploads\/sites\/24\/2020\/07\/LogoNA-4x3-1.jpg","contentUrl":"https:\/\/noti-america.com\/site\/argentina\/wp-content\/uploads\/sites\/24\/2020\/07\/LogoNA-4x3-1.jpg","width":1236,"height":1080,"caption":"Noti-America LLC | Argentina"},"image":{"@id":"https:\/\/noti-america.com\/site\/argentina\/#\/schema\/logo\/image\/"},"sameAs":["https:\/\/x.com\/inotiamerica"]},{"@type":"Person","@id":"https:\/\/noti-america.com\/site\/argentina\/#\/schema\/person\/b0777fb8ad9a321dc446ddbbceae778f","name":"Maria Valentina Noguera Medina","image":{"@type":"ImageObject","inLanguage":"es","@id":"https:\/\/secure.gravatar.com\/avatar\/4ec5eb9d099f2608a49c9df6f7341f66f04f819cdffa09d56a7a0e91d2819d56?s=96&d=mm&r=g","url":"https:\/\/secure.gravatar.com\/avatar\/4ec5eb9d099f2608a49c9df6f7341f66f04f819cdffa09d56a7a0e91d2819d56?s=96&d=mm&r=g","contentUrl":"https:\/\/secure.gravatar.com\/avatar\/4ec5eb9d099f2608a49c9df6f7341f66f04f819cdffa09d56a7a0e91d2819d56?s=96&d=mm&r=g","caption":"Maria Valentina Noguera Medina"},"description":"Periodista - noti-america - Promar Community Manager - Talento Plus Dise\u00f1adora\/ creadora de contenido...","sameAs":["Mar\u00eda Valentina Noguera","https:\/\/www.facebook.com\/mariavalentina.noguera","https:\/\/www.linkedin.com\/in\/mara-valentina-noguera-medina-373075165\/","https:\/\/www.pinterest.es\/valentinanoguera95\/","https:\/\/www.youtube.com\/channel\/UCdek6mbUZ-Tqqw0I63i4nmQ"],"url":"https:\/\/noti-america.com\/site\/argentina\/author\/mnoguera\/"}]}},"_links":{"self":[{"href":"https:\/\/noti-america.com\/site\/argentina\/wp-json\/wp\/v2\/posts\/17595","targetHints":{"allow":["GET"]}}],"collection":[{"href":"https:\/\/noti-america.com\/site\/argentina\/wp-json\/wp\/v2\/posts"}],"about":[{"href":"https:\/\/noti-america.com\/site\/argentina\/wp-json\/wp\/v2\/types\/post"}],"author":[{"embeddable":true,"href":"https:\/\/noti-america.com\/site\/argentina\/wp-json\/wp\/v2\/users\/133"}],"replies":[{"embeddable":true,"href":"https:\/\/noti-america.com\/site\/argentina\/wp-json\/wp\/v2\/comments?post=17595"}],"version-history":[{"count":1,"href":"https:\/\/noti-america.com\/site\/argentina\/wp-json\/wp\/v2\/posts\/17595\/revisions"}],"predecessor-version":[{"id":17597,"href":"https:\/\/noti-america.com\/site\/argentina\/wp-json\/wp\/v2\/posts\/17595\/revisions\/17597"}],"wp:featuredmedia":[{"embeddable":true,"href":"https:\/\/noti-america.com\/site\/argentina\/wp-json\/wp\/v2\/media\/17596"}],"wp:attachment":[{"href":"https:\/\/noti-america.com\/site\/argentina\/wp-json\/wp\/v2\/media?parent=17595"}],"wp:term":[{"taxonomy":"category","embeddable":true,"href":"https:\/\/noti-america.com\/site\/argentina\/wp-json\/wp\/v2\/categories?post=17595"},{"taxonomy":"post_tag","embeddable":true,"href":"https:\/\/noti-america.com\/site\/argentina\/wp-json\/wp\/v2\/tags?post=17595"}],"curies":[{"name":"wp","href":"https:\/\/api.w.org\/{rel}","templated":true}]}}