{"id":17587,"date":"2026-08-26T12:41:58","date_gmt":"2026-08-26T15:41:58","guid":{"rendered":"https:\/\/noti-america.com\/site\/argentina\/?p=17587"},"modified":"2026-08-26T12:41:58","modified_gmt":"2026-08-26T15:41:58","slug":"jacob-elordi-evito-hablar-sobre-su-supuesta-audicion-para-ser-james-bond","status":"publish","type":"post","link":"https:\/\/noti-america.com\/site\/argentina\/2026\/08\/26\/jacob-elordi-evito-hablar-sobre-su-supuesta-audicion-para-ser-james-bond\/","title":{"rendered":"Jacob Elordi evit\u00f3 hablar sobre su supuesta audici\u00f3n para ser James Bond"},"content":{"rendered":"<p>NOTI-AMERICA.COM | ARGENTINA<\/p>\n<p style=\"text-align: justify\">En mayo de este a\u00f1o, Amazon MGM Studios comenz\u00f3 la b\u00fasqueda del nuevo James Bond\u00a0y entre los actores favoritos para el personaje est\u00e1 Jacob Elordi. Esta posibilidad es solo un rumor, pero en una reciente aparici\u00f3n p\u00fablica, el actor evit\u00f3 hablar sobre el tema.<\/p>\n<p style=\"text-align: justify\">Elordi particip\u00f3 esta semana en la alfombra roja del\u00a0<strong>estreno en Londres, Inglaterra, de la pel\u00edcula \u201cThe Dog Stars\u201d de Ridley Scott.<\/strong>\u00a0Tras su participaci\u00f3n en el evento, se hicieron virales las im\u00e1genes de Elordi posando junto con Rak Jasper, uno de los perros actores que fueron parte de la producci\u00f3n.<\/p>\n<p style=\"text-align: justify\">\u201cVariety\u201d aprovech\u00f3 el momento para preguntarle directamente si hab\u00eda participado en la audici\u00f3n de Amazon MGM Studios para este nuevo James Bond. Su respuesta fue: \u201cEstoy de vacaciones\u201d.<\/p>\n<p style=\"text-align: justify\">Hay que recordar que durante los \u00faltimos meses se han compartido fotos de Elordi disfrutando de vacaciones junto con Kendall Jenner, con quien tambi\u00e9n comenz\u00f3 una relaci\u00f3n sentimental este a\u00f1o.<\/p>\n<p style=\"text-align: justify\">Pese a los argumentos que\u00a0<strong>dejan a Elordi fuera de las posibilidades por no ser brit\u00e1nico y tampoco ser un actor desconocido<\/strong>, a\u00fan sigue siendo uno de los favoritos en redes para ser elegido. El otro rumor apunta a Callum Turner, quien este a\u00f1o se cas\u00f3 con la estrella pop Dua Lipa.<\/p>\n<h2 id=\"\" class=\"wp-block-contenthub-heading\" style=\"text-align: justify\">El regreso de Jacob Elordi al cine<\/h2>\n<p style=\"text-align: justify\">Despu\u00e9s de su aparici\u00f3n como protagonista en \u201cCumbres Borrascosas\u201d junto con Margot Robbie y del estreno de la tercera y \u00faltima temporada de \u201cEuphoria\u201d,<strong>\u00a0Jacob Elordi est\u00e1 participando en la promoci\u00f3n de \u201cThe Dog Stars\u201d<\/strong>, la cual llegar\u00e1 a las salas de cine el 28 de agosto.<\/p>\n<p style=\"text-align: justify\"><strong>\u201cThe Dog Stars\u201d es la nueva pel\u00edcula del cineasta brit\u00e1nico Ridley Scott,<\/strong>\u00a0conocido por producciones como \u201cGladiator\u201d (2000) y \u201cBlade Runner\u201d (1982).<\/p>\n<p style=\"text-align: justify\">Aunque evit\u00f3 hablar sobre sus posibilidades en la nueva etapa de James Bond,\u00a0<strong>Elordi s\u00ed respondi\u00f3 preguntas sobre lo que signific\u00f3 trabajar con Scott<\/strong>. Asegura que fue \u201cun verdadero placer, un sue\u00f1o hecho realidad\u201d.<\/p>\n<p style=\"text-align: justify\">Tambi\u00e9n apunt\u00f3: \u201cNo creo que vuelva a tener una experiencia as\u00ed. S\u00ed. Es \u00fanico y un pionero del cine moderno\u201d. Elordi interpreta en esta pel\u00edcula a Hig, un expiloto civil, que se junta con un exmarine para enfrentar amenazas externas.<\/p>\n<p style=\"text-align: justify\">\n","protected":false},"excerpt":{"rendered":"<p>NOTI-AMERICA.COM | ARGENTINA En mayo de este a\u00f1o, Amazon MGM Studios comenz\u00f3 la b\u00fasqueda del nuevo James Bond\u00a0y entre los actores favoritos para el personaje est\u00e1 Jacob Elordi. Esta posibilidad es solo un rumor,&#46;&#46;&#46;<\/p>\n","protected":false},"author":133,"featured_media":17588,"comment_status":"open","ping_status":"open","sticky":false,"template":"","format":"image","meta":{"_acf_changed":false,"om_disable_all_campaigns":false,"rop_custom_images_group":[],"rop_custom_messages_group":[],"rop_publish_now":"initial","rop_publish_now_accounts":{"twitter_242054905_242054905":""},"rop_publish_now_history":[],"rop_publish_now_status":"pending","_uf_show_specific_survey":0,"_uf_disable_surveys":false,"footnotes":""},"categories":[304],"tags":[],"class_list":["post-17587","post","type-post","status-publish","format-image","has-post-thumbnail","hentry","category-entretenimiento","post_format-post-format-image"],"acf":[],"aioseo_notices":[],"yoast_head":"<!-- This site is optimized with the Yoast SEO Premium plugin v24.9 (Yoast SEO v27.2) - https:\/\/yoast.com\/product\/yoast-seo-premium-wordpress\/ -->\n<title>Jacob Elordi evit\u00f3 hablar sobre su supuesta audici\u00f3n para ser James Bond - Argentina | Noti-America.com<\/title>\n<meta name=\"robots\" content=\"index, follow, max-snippet:-1, max-image-preview:large, max-video-preview:-1\" \/>\n<link rel=\"canonical\" href=\"https:\/\/noti-america.com\/site\/argentina\/2026\/08\/26\/jacob-elordi-evito-hablar-sobre-su-supuesta-audicion-para-ser-james-bond\/\" \/>\n<meta property=\"og:locale\" content=\"es_ES\" \/>\n<meta property=\"og:type\" content=\"article\" \/>\n<meta property=\"og:title\" content=\"Jacob Elordi evit\u00f3 hablar sobre su supuesta audici\u00f3n para ser James Bond\" \/>\n<meta property=\"og:description\" content=\"NOTI-AMERICA.COM | ARGENTINA En mayo de este a\u00f1o, Amazon MGM Studios comenz\u00f3 la b\u00fasqueda del nuevo James Bond\u00a0y entre los actores favoritos para el personaje est\u00e1 Jacob Elordi. Esta posibilidad es solo un rumor,&#046;&#046;&#046;\" \/>\n<meta property=\"og:url\" content=\"https:\/\/noti-america.com\/site\/argentina\/2026\/08\/26\/jacob-elordi-evito-hablar-sobre-su-supuesta-audicion-para-ser-james-bond\/\" \/>\n<meta property=\"og:site_name\" content=\"Argentina | Noti-America.com\" \/>\n<meta property=\"article:author\" content=\"Mar\u00eda Valentina Noguera\" \/>\n<meta property=\"article:published_time\" content=\"2026-08-26T15:41:58+00:00\" \/>\n<meta property=\"og:image\" content=\"https:\/\/noti-america.com\/site\/argentina\/wp-content\/uploads\/sites\/24\/2026\/08\/Screenshot_26-8-2026_111142_qpwebsite.s3.amazonaws.com_.jpeg\" \/>\n\t<meta property=\"og:image:width\" content=\"427\" \/>\n\t<meta property=\"og:image:height\" content=\"635\" \/>\n\t<meta property=\"og:image:type\" content=\"image\/jpeg\" \/>\n<meta name=\"author\" content=\"Maria Valentina Noguera Medina\" \/>\n<meta name=\"twitter:card\" content=\"summary_large_image\" \/>\n<meta name=\"twitter:creator\" content=\"@inotiamerica\" \/>\n<meta name=\"twitter:site\" content=\"@inotiamerica\" \/>\n<meta name=\"twitter:label1\" content=\"Escrito por\" \/>\n\t<meta name=\"twitter:data1\" content=\"Maria Valentina Noguera Medina\" \/>\n\t<meta name=\"twitter:label2\" content=\"Tiempo estimado de lectura\" \/>\n\t<meta name=\"twitter:data2\" content=\"2 minutos\" \/>\n<script type=\"application\/ld+json\" class=\"yoast-schema-graph\">{\"@context\":\"https:\/\/schema.org\",\"@graph\":[{\"@type\":\"Article\",\"@id\":\"https:\/\/noti-america.com\/site\/argentina\/2026\/08\/26\/jacob-elordi-evito-hablar-sobre-su-supuesta-audicion-para-ser-james-bond\/#article\",\"isPartOf\":{\"@id\":\"https:\/\/noti-america.com\/site\/argentina\/2026\/08\/26\/jacob-elordi-evito-hablar-sobre-su-supuesta-audicion-para-ser-james-bond\/\"},\"author\":{\"name\":\"Maria Valentina Noguera Medina\",\"@id\":\"https:\/\/noti-america.com\/site\/argentina\/#\/schema\/person\/b0777fb8ad9a321dc446ddbbceae778f\"},\"headline\":\"Jacob Elordi evit\u00f3 hablar sobre su supuesta audici\u00f3n para ser James Bond\",\"datePublished\":\"2026-08-26T15:41:58+00:00\",\"mainEntityOfPage\":{\"@id\":\"https:\/\/noti-america.com\/site\/argentina\/2026\/08\/26\/jacob-elordi-evito-hablar-sobre-su-supuesta-audicion-para-ser-james-bond\/\"},\"wordCount\":393,\"commentCount\":0,\"publisher\":{\"@id\":\"https:\/\/noti-america.com\/site\/argentina\/#organization\"},\"image\":{\"@id\":\"https:\/\/noti-america.com\/site\/argentina\/2026\/08\/26\/jacob-elordi-evito-hablar-sobre-su-supuesta-audicion-para-ser-james-bond\/#primaryimage\"},\"thumbnailUrl\":\"https:\/\/noti-america.com\/site\/argentina\/wp-content\/uploads\/sites\/24\/2026\/08\/Screenshot_26-8-2026_111142_qpwebsite.s3.amazonaws.com_.jpeg\",\"articleSection\":[\"Entretenimiento\"],\"inLanguage\":\"es\",\"potentialAction\":[{\"@type\":\"CommentAction\",\"name\":\"Comment\",\"target\":[\"https:\/\/noti-america.com\/site\/argentina\/2026\/08\/26\/jacob-elordi-evito-hablar-sobre-su-supuesta-audicion-para-ser-james-bond\/#respond\"]}]},{\"@type\":\"WebPage\",\"@id\":\"https:\/\/noti-america.com\/site\/argentina\/2026\/08\/26\/jacob-elordi-evito-hablar-sobre-su-supuesta-audicion-para-ser-james-bond\/\",\"url\":\"https:\/\/noti-america.com\/site\/argentina\/2026\/08\/26\/jacob-elordi-evito-hablar-sobre-su-supuesta-audicion-para-ser-james-bond\/\",\"name\":\"Jacob Elordi evit\u00f3 hablar sobre su supuesta audici\u00f3n para ser James Bond - Argentina | Noti-America.com\",\"isPartOf\":{\"@id\":\"https:\/\/noti-america.com\/site\/argentina\/#website\"},\"primaryImageOfPage\":{\"@id\":\"https:\/\/noti-america.com\/site\/argentina\/2026\/08\/26\/jacob-elordi-evito-hablar-sobre-su-supuesta-audicion-para-ser-james-bond\/#primaryimage\"},\"image\":{\"@id\":\"https:\/\/noti-america.com\/site\/argentina\/2026\/08\/26\/jacob-elordi-evito-hablar-sobre-su-supuesta-audicion-para-ser-james-bond\/#primaryimage\"},\"thumbnailUrl\":\"https:\/\/noti-america.com\/site\/argentina\/wp-content\/uploads\/sites\/24\/2026\/08\/Screenshot_26-8-2026_111142_qpwebsite.s3.amazonaws.com_.jpeg\",\"datePublished\":\"2026-08-26T15:41:58+00:00\",\"breadcrumb\":{\"@id\":\"https:\/\/noti-america.com\/site\/argentina\/2026\/08\/26\/jacob-elordi-evito-hablar-sobre-su-supuesta-audicion-para-ser-james-bond\/#breadcrumb\"},\"inLanguage\":\"es\",\"potentialAction\":[{\"@type\":\"ReadAction\",\"target\":[\"https:\/\/noti-america.com\/site\/argentina\/2026\/08\/26\/jacob-elordi-evito-hablar-sobre-su-supuesta-audicion-para-ser-james-bond\/\"]}]},{\"@type\":\"ImageObject\",\"inLanguage\":\"es\",\"@id\":\"https:\/\/noti-america.com\/site\/argentina\/2026\/08\/26\/jacob-elordi-evito-hablar-sobre-su-supuesta-audicion-para-ser-james-bond\/#primaryimage\",\"url\":\"https:\/\/noti-america.com\/site\/argentina\/wp-content\/uploads\/sites\/24\/2026\/08\/Screenshot_26-8-2026_111142_qpwebsite.s3.amazonaws.com_.jpeg\",\"contentUrl\":\"https:\/\/noti-america.com\/site\/argentina\/wp-content\/uploads\/sites\/24\/2026\/08\/Screenshot_26-8-2026_111142_qpwebsite.s3.amazonaws.com_.jpeg\",\"width\":427,\"height\":635},{\"@type\":\"BreadcrumbList\",\"@id\":\"https:\/\/noti-america.com\/site\/argentina\/2026\/08\/26\/jacob-elordi-evito-hablar-sobre-su-supuesta-audicion-para-ser-james-bond\/#breadcrumb\",\"itemListElement\":[{\"@type\":\"ListItem\",\"position\":1,\"name\":\"Portada\",\"item\":\"https:\/\/noti-america.com\/site\/argentina\/\"},{\"@type\":\"ListItem\",\"position\":2,\"name\":\"Jacob Elordi evit\u00f3 hablar sobre su supuesta audici\u00f3n para ser James Bond\"}]},{\"@type\":\"WebSite\",\"@id\":\"https:\/\/noti-america.com\/site\/argentina\/#website\",\"url\":\"https:\/\/noti-america.com\/site\/argentina\/\",\"name\":\"Argentina | Noti-America.com\",\"description\":\"\",\"publisher\":{\"@id\":\"https:\/\/noti-america.com\/site\/argentina\/#organization\"},\"potentialAction\":[{\"@type\":\"SearchAction\",\"target\":{\"@type\":\"EntryPoint\",\"urlTemplate\":\"https:\/\/noti-america.com\/site\/argentina\/?s={search_term_string}\"},\"query-input\":{\"@type\":\"PropertyValueSpecification\",\"valueRequired\":true,\"valueName\":\"search_term_string\"}}],\"inLanguage\":\"es\"},{\"@type\":\"Organization\",\"@id\":\"https:\/\/noti-america.com\/site\/argentina\/#organization\",\"name\":\"Noti-America LLC | Argentina\",\"url\":\"https:\/\/noti-america.com\/site\/argentina\/\",\"logo\":{\"@type\":\"ImageObject\",\"inLanguage\":\"es\",\"@id\":\"https:\/\/noti-america.com\/site\/argentina\/#\/schema\/logo\/image\/\",\"url\":\"https:\/\/noti-america.com\/site\/argentina\/wp-content\/uploads\/sites\/24\/2020\/07\/LogoNA-4x3-1.jpg\",\"contentUrl\":\"https:\/\/noti-america.com\/site\/argentina\/wp-content\/uploads\/sites\/24\/2020\/07\/LogoNA-4x3-1.jpg\",\"width\":1236,\"height\":1080,\"caption\":\"Noti-America LLC | Argentina\"},\"image\":{\"@id\":\"https:\/\/noti-america.com\/site\/argentina\/#\/schema\/logo\/image\/\"},\"sameAs\":[\"https:\/\/x.com\/inotiamerica\"]},{\"@type\":\"Person\",\"@id\":\"https:\/\/noti-america.com\/site\/argentina\/#\/schema\/person\/b0777fb8ad9a321dc446ddbbceae778f\",\"name\":\"Maria Valentina Noguera Medina\",\"image\":{\"@type\":\"ImageObject\",\"inLanguage\":\"es\",\"@id\":\"https:\/\/secure.gravatar.com\/avatar\/4ec5eb9d099f2608a49c9df6f7341f66f04f819cdffa09d56a7a0e91d2819d56?s=96&d=mm&r=g\",\"url\":\"https:\/\/secure.gravatar.com\/avatar\/4ec5eb9d099f2608a49c9df6f7341f66f04f819cdffa09d56a7a0e91d2819d56?s=96&d=mm&r=g\",\"contentUrl\":\"https:\/\/secure.gravatar.com\/avatar\/4ec5eb9d099f2608a49c9df6f7341f66f04f819cdffa09d56a7a0e91d2819d56?s=96&d=mm&r=g\",\"caption\":\"Maria Valentina Noguera Medina\"},\"description\":\"Periodista - noti-america - Promar Community Manager - Talento Plus Dise\u00f1adora\/ creadora de contenido...\",\"sameAs\":[\"Mar\u00eda Valentina Noguera\",\"https:\/\/www.facebook.com\/mariavalentina.noguera\",\"https:\/\/www.linkedin.com\/in\/mara-valentina-noguera-medina-373075165\/\",\"https:\/\/www.pinterest.es\/valentinanoguera95\/\",\"https:\/\/www.youtube.com\/channel\/UCdek6mbUZ-Tqqw0I63i4nmQ\"],\"url\":\"https:\/\/noti-america.com\/site\/argentina\/author\/mnoguera\/\"}]}<\/script>\n<!-- \/ Yoast SEO Premium plugin. -->","yoast_head_json":{"title":"Jacob Elordi evit\u00f3 hablar sobre su supuesta audici\u00f3n para ser James Bond - Argentina | Noti-America.com","robots":{"index":"index","follow":"follow","max-snippet":"max-snippet:-1","max-image-preview":"max-image-preview:large","max-video-preview":"max-video-preview:-1"},"canonical":"https:\/\/noti-america.com\/site\/argentina\/2026\/08\/26\/jacob-elordi-evito-hablar-sobre-su-supuesta-audicion-para-ser-james-bond\/","og_locale":"es_ES","og_type":"article","og_title":"Jacob Elordi evit\u00f3 hablar sobre su supuesta audici\u00f3n para ser James Bond","og_description":"NOTI-AMERICA.COM | ARGENTINA En mayo de este a\u00f1o, Amazon MGM Studios comenz\u00f3 la b\u00fasqueda del nuevo James Bond\u00a0y entre los actores favoritos para el personaje est\u00e1 Jacob Elordi. Esta posibilidad es solo un rumor,&#46;&#46;&#46;","og_url":"https:\/\/noti-america.com\/site\/argentina\/2026\/08\/26\/jacob-elordi-evito-hablar-sobre-su-supuesta-audicion-para-ser-james-bond\/","og_site_name":"Argentina | Noti-America.com","article_author":"Mar\u00eda Valentina Noguera","article_published_time":"2026-08-26T15:41:58+00:00","og_image":[{"width":427,"height":635,"url":"https:\/\/noti-america.com\/site\/argentina\/wp-content\/uploads\/sites\/24\/2026\/08\/Screenshot_26-8-2026_111142_qpwebsite.s3.amazonaws.com_.jpeg","type":"image\/jpeg"}],"author":"Maria Valentina Noguera Medina","twitter_card":"summary_large_image","twitter_creator":"@inotiamerica","twitter_site":"@inotiamerica","twitter_misc":{"Escrito por":"Maria Valentina Noguera Medina","Tiempo estimado de lectura":"2 minutos"},"schema":{"@context":"https:\/\/schema.org","@graph":[{"@type":"Article","@id":"https:\/\/noti-america.com\/site\/argentina\/2026\/08\/26\/jacob-elordi-evito-hablar-sobre-su-supuesta-audicion-para-ser-james-bond\/#article","isPartOf":{"@id":"https:\/\/noti-america.com\/site\/argentina\/2026\/08\/26\/jacob-elordi-evito-hablar-sobre-su-supuesta-audicion-para-ser-james-bond\/"},"author":{"name":"Maria Valentina Noguera Medina","@id":"https:\/\/noti-america.com\/site\/argentina\/#\/schema\/person\/b0777fb8ad9a321dc446ddbbceae778f"},"headline":"Jacob Elordi evit\u00f3 hablar sobre su supuesta audici\u00f3n para ser James Bond","datePublished":"2026-08-26T15:41:58+00:00","mainEntityOfPage":{"@id":"https:\/\/noti-america.com\/site\/argentina\/2026\/08\/26\/jacob-elordi-evito-hablar-sobre-su-supuesta-audicion-para-ser-james-bond\/"},"wordCount":393,"commentCount":0,"publisher":{"@id":"https:\/\/noti-america.com\/site\/argentina\/#organization"},"image":{"@id":"https:\/\/noti-america.com\/site\/argentina\/2026\/08\/26\/jacob-elordi-evito-hablar-sobre-su-supuesta-audicion-para-ser-james-bond\/#primaryimage"},"thumbnailUrl":"https:\/\/noti-america.com\/site\/argentina\/wp-content\/uploads\/sites\/24\/2026\/08\/Screenshot_26-8-2026_111142_qpwebsite.s3.amazonaws.com_.jpeg","articleSection":["Entretenimiento"],"inLanguage":"es","potentialAction":[{"@type":"CommentAction","name":"Comment","target":["https:\/\/noti-america.com\/site\/argentina\/2026\/08\/26\/jacob-elordi-evito-hablar-sobre-su-supuesta-audicion-para-ser-james-bond\/#respond"]}]},{"@type":"WebPage","@id":"https:\/\/noti-america.com\/site\/argentina\/2026\/08\/26\/jacob-elordi-evito-hablar-sobre-su-supuesta-audicion-para-ser-james-bond\/","url":"https:\/\/noti-america.com\/site\/argentina\/2026\/08\/26\/jacob-elordi-evito-hablar-sobre-su-supuesta-audicion-para-ser-james-bond\/","name":"Jacob Elordi evit\u00f3 hablar sobre su supuesta audici\u00f3n para ser James Bond - Argentina | Noti-America.com","isPartOf":{"@id":"https:\/\/noti-america.com\/site\/argentina\/#website"},"primaryImageOfPage":{"@id":"https:\/\/noti-america.com\/site\/argentina\/2026\/08\/26\/jacob-elordi-evito-hablar-sobre-su-supuesta-audicion-para-ser-james-bond\/#primaryimage"},"image":{"@id":"https:\/\/noti-america.com\/site\/argentina\/2026\/08\/26\/jacob-elordi-evito-hablar-sobre-su-supuesta-audicion-para-ser-james-bond\/#primaryimage"},"thumbnailUrl":"https:\/\/noti-america.com\/site\/argentina\/wp-content\/uploads\/sites\/24\/2026\/08\/Screenshot_26-8-2026_111142_qpwebsite.s3.amazonaws.com_.jpeg","datePublished":"2026-08-26T15:41:58+00:00","breadcrumb":{"@id":"https:\/\/noti-america.com\/site\/argentina\/2026\/08\/26\/jacob-elordi-evito-hablar-sobre-su-supuesta-audicion-para-ser-james-bond\/#breadcrumb"},"inLanguage":"es","potentialAction":[{"@type":"ReadAction","target":["https:\/\/noti-america.com\/site\/argentina\/2026\/08\/26\/jacob-elordi-evito-hablar-sobre-su-supuesta-audicion-para-ser-james-bond\/"]}]},{"@type":"ImageObject","inLanguage":"es","@id":"https:\/\/noti-america.com\/site\/argentina\/2026\/08\/26\/jacob-elordi-evito-hablar-sobre-su-supuesta-audicion-para-ser-james-bond\/#primaryimage","url":"https:\/\/noti-america.com\/site\/argentina\/wp-content\/uploads\/sites\/24\/2026\/08\/Screenshot_26-8-2026_111142_qpwebsite.s3.amazonaws.com_.jpeg","contentUrl":"https:\/\/noti-america.com\/site\/argentina\/wp-content\/uploads\/sites\/24\/2026\/08\/Screenshot_26-8-2026_111142_qpwebsite.s3.amazonaws.com_.jpeg","width":427,"height":635},{"@type":"BreadcrumbList","@id":"https:\/\/noti-america.com\/site\/argentina\/2026\/08\/26\/jacob-elordi-evito-hablar-sobre-su-supuesta-audicion-para-ser-james-bond\/#breadcrumb","itemListElement":[{"@type":"ListItem","position":1,"name":"Portada","item":"https:\/\/noti-america.com\/site\/argentina\/"},{"@type":"ListItem","position":2,"name":"Jacob Elordi evit\u00f3 hablar sobre su supuesta audici\u00f3n para ser James Bond"}]},{"@type":"WebSite","@id":"https:\/\/noti-america.com\/site\/argentina\/#website","url":"https:\/\/noti-america.com\/site\/argentina\/","name":"Argentina | Noti-America.com","description":"","publisher":{"@id":"https:\/\/noti-america.com\/site\/argentina\/#organization"},"potentialAction":[{"@type":"SearchAction","target":{"@type":"EntryPoint","urlTemplate":"https:\/\/noti-america.com\/site\/argentina\/?s={search_term_string}"},"query-input":{"@type":"PropertyValueSpecification","valueRequired":true,"valueName":"search_term_string"}}],"inLanguage":"es"},{"@type":"Organization","@id":"https:\/\/noti-america.com\/site\/argentina\/#organization","name":"Noti-America LLC | Argentina","url":"https:\/\/noti-america.com\/site\/argentina\/","logo":{"@type":"ImageObject","inLanguage":"es","@id":"https:\/\/noti-america.com\/site\/argentina\/#\/schema\/logo\/image\/","url":"https:\/\/noti-america.com\/site\/argentina\/wp-content\/uploads\/sites\/24\/2020\/07\/LogoNA-4x3-1.jpg","contentUrl":"https:\/\/noti-america.com\/site\/argentina\/wp-content\/uploads\/sites\/24\/2020\/07\/LogoNA-4x3-1.jpg","width":1236,"height":1080,"caption":"Noti-America LLC | Argentina"},"image":{"@id":"https:\/\/noti-america.com\/site\/argentina\/#\/schema\/logo\/image\/"},"sameAs":["https:\/\/x.com\/inotiamerica"]},{"@type":"Person","@id":"https:\/\/noti-america.com\/site\/argentina\/#\/schema\/person\/b0777fb8ad9a321dc446ddbbceae778f","name":"Maria Valentina Noguera Medina","image":{"@type":"ImageObject","inLanguage":"es","@id":"https:\/\/secure.gravatar.com\/avatar\/4ec5eb9d099f2608a49c9df6f7341f66f04f819cdffa09d56a7a0e91d2819d56?s=96&d=mm&r=g","url":"https:\/\/secure.gravatar.com\/avatar\/4ec5eb9d099f2608a49c9df6f7341f66f04f819cdffa09d56a7a0e91d2819d56?s=96&d=mm&r=g","contentUrl":"https:\/\/secure.gravatar.com\/avatar\/4ec5eb9d099f2608a49c9df6f7341f66f04f819cdffa09d56a7a0e91d2819d56?s=96&d=mm&r=g","caption":"Maria Valentina Noguera Medina"},"description":"Periodista - noti-america - Promar Community Manager - Talento Plus Dise\u00f1adora\/ creadora de contenido...","sameAs":["Mar\u00eda Valentina Noguera","https:\/\/www.facebook.com\/mariavalentina.noguera","https:\/\/www.linkedin.com\/in\/mara-valentina-noguera-medina-373075165\/","https:\/\/www.pinterest.es\/valentinanoguera95\/","https:\/\/www.youtube.com\/channel\/UCdek6mbUZ-Tqqw0I63i4nmQ"],"url":"https:\/\/noti-america.com\/site\/argentina\/author\/mnoguera\/"}]}},"_links":{"self":[{"href":"https:\/\/noti-america.com\/site\/argentina\/wp-json\/wp\/v2\/posts\/17587","targetHints":{"allow":["GET"]}}],"collection":[{"href":"https:\/\/noti-america.com\/site\/argentina\/wp-json\/wp\/v2\/posts"}],"about":[{"href":"https:\/\/noti-america.com\/site\/argentina\/wp-json\/wp\/v2\/types\/post"}],"author":[{"embeddable":true,"href":"https:\/\/noti-america.com\/site\/argentina\/wp-json\/wp\/v2\/users\/133"}],"replies":[{"embeddable":true,"href":"https:\/\/noti-america.com\/site\/argentina\/wp-json\/wp\/v2\/comments?post=17587"}],"version-history":[{"count":1,"href":"https:\/\/noti-america.com\/site\/argentina\/wp-json\/wp\/v2\/posts\/17587\/revisions"}],"predecessor-version":[{"id":17589,"href":"https:\/\/noti-america.com\/site\/argentina\/wp-json\/wp\/v2\/posts\/17587\/revisions\/17589"}],"wp:featuredmedia":[{"embeddable":true,"href":"https:\/\/noti-america.com\/site\/argentina\/wp-json\/wp\/v2\/media\/17588"}],"wp:attachment":[{"href":"https:\/\/noti-america.com\/site\/argentina\/wp-json\/wp\/v2\/media?parent=17587"}],"wp:term":[{"taxonomy":"category","embeddable":true,"href":"https:\/\/noti-america.com\/site\/argentina\/wp-json\/wp\/v2\/categories?post=17587"},{"taxonomy":"post_tag","embeddable":true,"href":"https:\/\/noti-america.com\/site\/argentina\/wp-json\/wp\/v2\/tags?post=17587"}],"curies":[{"name":"wp","href":"https:\/\/api.w.org\/{rel}","templated":true}]}}