{"id":16199,"date":"2026-03-09T12:57:53","date_gmt":"2026-03-09T15:57:53","guid":{"rendered":"https:\/\/noti-america.com\/site\/argentina\/?p=16199"},"modified":"2026-03-09T12:57:53","modified_gmt":"2026-03-09T15:57:53","slug":"como-evoluciona-la-calidad-del-sueno-con-la-edad","status":"publish","type":"post","link":"https:\/\/noti-america.com\/site\/argentina\/2026\/03\/09\/como-evoluciona-la-calidad-del-sueno-con-la-edad\/","title":{"rendered":"\u00bfC\u00f3mo evoluciona la calidad del sue\u00f1o con la edad?"},"content":{"rendered":"<p>NOTI-AMERICA.COM | ARGENTINA<\/p>\n<p style=\"text-align: justify\">La calidad y las necesidades de sue\u00f1o saludable evolucionan a lo largo de la vida, constituyendo un aspecto fundamental para el bienestar f\u00edsico, mental y emocional en cada etapa. Dormir bien no solo favorece el desarrollo y el rendimiento diario, sino que tambi\u00e9n fortalece el sistema inmunol\u00f3gico, regula el metabolismo y mejora el estado de \u00e1nimo.<\/p>\n<p>Seg\u00fan especialistas en h\u00e1bitos de sue\u00f1o citados por Real Simple, comprender c\u00f3mo se ajustan los patrones de descanso por d\u00e9cada permite adaptar rutinas y personalizar estrategias para mejorar el descanso nocturno en funci\u00f3n de los desaf\u00edos y caracter\u00edsticas de cada edad.<\/p>\n<p>El sue\u00f1o var\u00eda tanto por factores fisiol\u00f3gicos como por el estilo de vida. Elementos como la actividad f\u00edsica, la alimentaci\u00f3n, la hidrataci\u00f3n y el nivel de estr\u00e9s influyen directamente en la calidad del descanso en cualquier etapa vital. La experta Nicole M. Avena, profesora asociada de Neurociencia en la Escuela de Medicina Mount Sinai de Nueva York, y profesora visitante en la Universidad de Princeton, afirma: \u201cEl sue\u00f1o no solo refleja tu edad, sino tambi\u00e9n tu salud\u201d, seg\u00fan Real Simple.<\/p>\n<p>Durante los 20 a\u00f1os, el cuerpo mantiene flexibilidad fisiol\u00f3gica y un ciclo de sue\u00f1o-vigilia establecido. La doctora Charissa Chamorro, profesora adjunta en la Escuela de Medicina Icahn, explica que los adultos j\u00f3venes presentan patrones irregulares por motivos laborales, sociales y el uso de pantallas.<\/p>\n<p>Chamorro recomienda conservar horarios uniformes para dormir y despertar, con m\u00e1rgenes de una o dos horas. \u201cEstablecer un horario de sue\u00f1o estable puede sentar las bases para un sue\u00f1o saludable de por vida\u201d, subraya.<\/p>\n<p>Mantener la constancia, limitar la cafe\u00edna a una taza diaria, ejercitarse al menos 30 minutos y exponerse a la luz natural al levantarse son pautas beneficiosas para consolidar buenos h\u00e1bitos de sue\u00f1o. Para facilitar madrugar, se aconseja desayunar durante la primera hora tras despertar y levantarse a la misma hora cada d\u00eda.<\/p>\n<p>Cambios en los 30<\/p>\n<p>Durante los 30 a\u00f1os, el sue\u00f1o profundo comienza a reducirse. Seg\u00fan Nicole M. Avena, profesora asociada de Neurociencia en la Escuela de Medicina Mount Sinai de Nueva York y profesora visitante en la Universidad de Princeton, esta etapa disminuye en un 2% por cada d\u00e9cada hasta los 60 a\u00f1os. El sue\u00f1o REM tambi\u00e9n se acorta progresivamente. El doctor Paul Kaloostian, neurocirujano y profesor cl\u00ednico en la Universidad de California, Riverside, se\u00f1ala que en esta fase surgen retos como el equilibrio entre vida laboral y familiar, el estr\u00e9s y la exposici\u00f3n continua a dispositivos electr\u00f3nicos.<\/p>\n<p>En familias con ni\u00f1os peque\u00f1os, los padres ajustan sus propios patrones de sue\u00f1o a las rutinas de los hijos. La especialista Lynelle Schneeberg, profesora cl\u00ednica asociada en la Escuela de Medicina de Yale, indica que establecer rituales nocturnos constantes y emplear objetos reconfortantes apoya tanto el sue\u00f1o infantil como el de los padres, seg\u00fan Real Simple.<\/p>\n<p>Aprovechar los 30 a\u00f1os es ideal para abordar posibles trastornos como insomnio o apnea del sue\u00f1o. Mantener rutinas regulares, limitar estimulantes, cuidar la hidrataci\u00f3n y promover una alimentaci\u00f3n equilibrada siguen siendo recomendaciones b\u00e1sicas.<\/p>\n<p>Sue\u00f1o y estr\u00e9s en los 40 a\u00f1os<\/p>\n<p>A los 40 a\u00f1os, el estr\u00e9s derivado de las obligaciones laborales y personales suele afectar el descanso nocturno. Charissa Chamorro, profesora adjunta en la Escuela de Medicina Icahn en Mount Sinai, recomienda priorizar estrategias de relajaci\u00f3n, como la respiraci\u00f3n profunda o el yoga, practicadas antes de dormir y de forma habitual durante la semana. Avena sugiere individualizar las rutinas de sue\u00f1o adapt\u00e1ndolas al propio reloj biol\u00f3gico y atendiendo a los periodos de mayor energ\u00eda diurna.<\/p>\n<p>Construir rituales previos al sue\u00f1o, como ducharse o cepillarse los dientes, ayuda a preparar el cuerpo para el descanso. Evitar las siestas tard\u00edas tambi\u00e9n previene los despertares nocturnos. Seg\u00fan los expertos de Real Simple, ajustar las recomendaciones generales a necesidades individuales resulta esencial a mediana edad.<\/p>\n<p>El sue\u00f1o entre los 50 y 60 a\u00f1os<\/p>\n<p>A partir de los 50 a\u00f1os, cambios en la salud y la incorporaci\u00f3n de medicamentos pueden afectar la calidad del sue\u00f1o. Paul Kaloostian, de la Universidad de California, Riverside, destaca la importancia de consultar con el m\u00e9dico para detectar efectos secundarios y tratar el insomnio.<\/p>\n<p>En las mujeres, especialmente durante la menopausia, hasta un 26% experimenta insomnio, seg\u00fan Nicole M. Avena, de Mount Sinai y Princeton. Las alteraciones hormonales y las variaciones en el cortisol aumentan la fragmentaci\u00f3n del sue\u00f1o.<\/p>\n<p>Al llegar a los 60 a\u00f1os, el sue\u00f1o suele fragmentarse y perder profundidad. Problemas de salud y siestas diurnas pueden alterar el descanso, seg\u00fan los especialistas de Real Simple. Para mejorar la calidad del sue\u00f1o, se recomienda mantener horarios regulares, evitar la cafe\u00edna despu\u00e9s de las 13:00 y asegurar un ambiente tranquilo en el dormitorio.<\/p>\n<p>En cualquier etapa, un estilo de vida saludable y la consulta m\u00e9dica ante trastornos persistentes son fundamentales para un buen descanso.<\/p>\n","protected":false},"excerpt":{"rendered":"<p>NOTI-AMERICA.COM | ARGENTINA La calidad y las necesidades de sue\u00f1o saludable evolucionan a lo largo de la vida, constituyendo un aspecto fundamental para el bienestar f\u00edsico, mental y emocional en cada etapa. Dormir bien&#46;&#46;&#46;<\/p>\n","protected":false},"author":133,"featured_media":16200,"comment_status":"open","ping_status":"open","sticky":false,"template":"","format":"image","meta":{"_acf_changed":false,"om_disable_all_campaigns":false,"rop_custom_images_group":[],"rop_custom_messages_group":[],"rop_publish_now":"initial","rop_publish_now_accounts":{"twitter_242054905_242054905":""},"rop_publish_now_history":[],"rop_publish_now_status":"pending","_uf_show_specific_survey":0,"_uf_disable_surveys":false,"footnotes":""},"categories":[425],"tags":[],"class_list":["post-16199","post","type-post","status-publish","format-image","has-post-thumbnail","hentry","category-bienestar","post_format-post-format-image"],"acf":[],"aioseo_notices":[],"yoast_head":"<!-- This site is optimized with the Yoast SEO Premium plugin v24.9 (Yoast SEO v27.2) - https:\/\/yoast.com\/product\/yoast-seo-premium-wordpress\/ -->\n<title>\u00bfC\u00f3mo evoluciona la calidad del sue\u00f1o con la edad? - Argentina | Noti-America.com<\/title>\n<meta name=\"robots\" content=\"index, follow, max-snippet:-1, max-image-preview:large, max-video-preview:-1\" \/>\n<link rel=\"canonical\" href=\"https:\/\/noti-america.com\/site\/argentina\/2026\/03\/09\/como-evoluciona-la-calidad-del-sueno-con-la-edad\/\" \/>\n<meta property=\"og:locale\" content=\"es_ES\" \/>\n<meta property=\"og:type\" content=\"article\" \/>\n<meta property=\"og:title\" content=\"\u00bfC\u00f3mo evoluciona la calidad del sue\u00f1o con la edad?\" \/>\n<meta property=\"og:description\" content=\"NOTI-AMERICA.COM | ARGENTINA La calidad y las necesidades de sue\u00f1o saludable evolucionan a lo largo de la vida, constituyendo un aspecto fundamental para el bienestar f\u00edsico, mental y emocional en cada etapa. Dormir bien&#046;&#046;&#046;\" \/>\n<meta property=\"og:url\" content=\"https:\/\/noti-america.com\/site\/argentina\/2026\/03\/09\/como-evoluciona-la-calidad-del-sueno-con-la-edad\/\" \/>\n<meta property=\"og:site_name\" content=\"Argentina | Noti-America.com\" \/>\n<meta property=\"article:author\" content=\"Mar\u00eda Valentina Noguera\" \/>\n<meta property=\"article:published_time\" content=\"2026-03-09T15:57:53+00:00\" \/>\n<meta property=\"og:image\" content=\"https:\/\/noti-america.com\/site\/argentina\/wp-content\/uploads\/sites\/24\/2026\/03\/Screenshot_9-3-2026_115649_w2a-noticierovenevision-net.s3.amazonaws.com_.jpeg\" \/>\n\t<meta property=\"og:image:width\" content=\"1325\" \/>\n\t<meta property=\"og:image:height\" content=\"593\" \/>\n\t<meta property=\"og:image:type\" content=\"image\/jpeg\" \/>\n<meta name=\"author\" content=\"Maria Valentina Noguera Medina\" \/>\n<meta name=\"twitter:card\" content=\"summary_large_image\" \/>\n<meta name=\"twitter:creator\" content=\"@inotiamerica\" \/>\n<meta name=\"twitter:site\" content=\"@inotiamerica\" \/>\n<meta name=\"twitter:label1\" content=\"Escrito por\" \/>\n\t<meta name=\"twitter:data1\" content=\"Maria Valentina Noguera Medina\" \/>\n\t<meta name=\"twitter:label2\" content=\"Tiempo estimado de lectura\" \/>\n\t<meta name=\"twitter:data2\" content=\"4 minutos\" \/>\n<script type=\"application\/ld+json\" class=\"yoast-schema-graph\">{\"@context\":\"https:\/\/schema.org\",\"@graph\":[{\"@type\":\"Article\",\"@id\":\"https:\/\/noti-america.com\/site\/argentina\/2026\/03\/09\/como-evoluciona-la-calidad-del-sueno-con-la-edad\/#article\",\"isPartOf\":{\"@id\":\"https:\/\/noti-america.com\/site\/argentina\/2026\/03\/09\/como-evoluciona-la-calidad-del-sueno-con-la-edad\/\"},\"author\":{\"name\":\"Maria Valentina Noguera Medina\",\"@id\":\"https:\/\/noti-america.com\/site\/argentina\/#\/schema\/person\/22806efcc2cfc4b45efb0e17be210ea8\"},\"headline\":\"\u00bfC\u00f3mo evoluciona la calidad del sue\u00f1o con la edad?\",\"datePublished\":\"2026-03-09T15:57:53+00:00\",\"mainEntityOfPage\":{\"@id\":\"https:\/\/noti-america.com\/site\/argentina\/2026\/03\/09\/como-evoluciona-la-calidad-del-sueno-con-la-edad\/\"},\"wordCount\":872,\"commentCount\":0,\"publisher\":{\"@id\":\"https:\/\/noti-america.com\/site\/argentina\/#organization\"},\"image\":{\"@id\":\"https:\/\/noti-america.com\/site\/argentina\/2026\/03\/09\/como-evoluciona-la-calidad-del-sueno-con-la-edad\/#primaryimage\"},\"thumbnailUrl\":\"https:\/\/noti-america.com\/site\/argentina\/wp-content\/uploads\/sites\/24\/2026\/03\/Screenshot_9-3-2026_115649_w2a-noticierovenevision-net.s3.amazonaws.com_.jpeg\",\"articleSection\":[\"Bienestar\"],\"inLanguage\":\"es\",\"potentialAction\":[{\"@type\":\"CommentAction\",\"name\":\"Comment\",\"target\":[\"https:\/\/noti-america.com\/site\/argentina\/2026\/03\/09\/como-evoluciona-la-calidad-del-sueno-con-la-edad\/#respond\"]}]},{\"@type\":\"WebPage\",\"@id\":\"https:\/\/noti-america.com\/site\/argentina\/2026\/03\/09\/como-evoluciona-la-calidad-del-sueno-con-la-edad\/\",\"url\":\"https:\/\/noti-america.com\/site\/argentina\/2026\/03\/09\/como-evoluciona-la-calidad-del-sueno-con-la-edad\/\",\"name\":\"\u00bfC\u00f3mo evoluciona la calidad del sue\u00f1o con la edad? - Argentina | Noti-America.com\",\"isPartOf\":{\"@id\":\"https:\/\/noti-america.com\/site\/argentina\/#website\"},\"primaryImageOfPage\":{\"@id\":\"https:\/\/noti-america.com\/site\/argentina\/2026\/03\/09\/como-evoluciona-la-calidad-del-sueno-con-la-edad\/#primaryimage\"},\"image\":{\"@id\":\"https:\/\/noti-america.com\/site\/argentina\/2026\/03\/09\/como-evoluciona-la-calidad-del-sueno-con-la-edad\/#primaryimage\"},\"thumbnailUrl\":\"https:\/\/noti-america.com\/site\/argentina\/wp-content\/uploads\/sites\/24\/2026\/03\/Screenshot_9-3-2026_115649_w2a-noticierovenevision-net.s3.amazonaws.com_.jpeg\",\"datePublished\":\"2026-03-09T15:57:53+00:00\",\"breadcrumb\":{\"@id\":\"https:\/\/noti-america.com\/site\/argentina\/2026\/03\/09\/como-evoluciona-la-calidad-del-sueno-con-la-edad\/#breadcrumb\"},\"inLanguage\":\"es\",\"potentialAction\":[{\"@type\":\"ReadAction\",\"target\":[\"https:\/\/noti-america.com\/site\/argentina\/2026\/03\/09\/como-evoluciona-la-calidad-del-sueno-con-la-edad\/\"]}]},{\"@type\":\"ImageObject\",\"inLanguage\":\"es\",\"@id\":\"https:\/\/noti-america.com\/site\/argentina\/2026\/03\/09\/como-evoluciona-la-calidad-del-sueno-con-la-edad\/#primaryimage\",\"url\":\"https:\/\/noti-america.com\/site\/argentina\/wp-content\/uploads\/sites\/24\/2026\/03\/Screenshot_9-3-2026_115649_w2a-noticierovenevision-net.s3.amazonaws.com_.jpeg\",\"contentUrl\":\"https:\/\/noti-america.com\/site\/argentina\/wp-content\/uploads\/sites\/24\/2026\/03\/Screenshot_9-3-2026_115649_w2a-noticierovenevision-net.s3.amazonaws.com_.jpeg\",\"width\":1325,\"height\":593},{\"@type\":\"BreadcrumbList\",\"@id\":\"https:\/\/noti-america.com\/site\/argentina\/2026\/03\/09\/como-evoluciona-la-calidad-del-sueno-con-la-edad\/#breadcrumb\",\"itemListElement\":[{\"@type\":\"ListItem\",\"position\":1,\"name\":\"Portada\",\"item\":\"https:\/\/noti-america.com\/site\/argentina\/\"},{\"@type\":\"ListItem\",\"position\":2,\"name\":\"\u00bfC\u00f3mo evoluciona la calidad del sue\u00f1o con la edad?\"}]},{\"@type\":\"WebSite\",\"@id\":\"https:\/\/noti-america.com\/site\/argentina\/#website\",\"url\":\"https:\/\/noti-america.com\/site\/argentina\/\",\"name\":\"Argentina | Noti-America.com\",\"description\":\"\",\"publisher\":{\"@id\":\"https:\/\/noti-america.com\/site\/argentina\/#organization\"},\"potentialAction\":[{\"@type\":\"SearchAction\",\"target\":{\"@type\":\"EntryPoint\",\"urlTemplate\":\"https:\/\/noti-america.com\/site\/argentina\/?s={search_term_string}\"},\"query-input\":{\"@type\":\"PropertyValueSpecification\",\"valueRequired\":true,\"valueName\":\"search_term_string\"}}],\"inLanguage\":\"es\"},{\"@type\":\"Organization\",\"@id\":\"https:\/\/noti-america.com\/site\/argentina\/#organization\",\"name\":\"Noti-America LLC | Argentina\",\"url\":\"https:\/\/noti-america.com\/site\/argentina\/\",\"logo\":{\"@type\":\"ImageObject\",\"inLanguage\":\"es\",\"@id\":\"https:\/\/noti-america.com\/site\/argentina\/#\/schema\/logo\/image\/\",\"url\":\"https:\/\/noti-america.com\/site\/argentina\/wp-content\/uploads\/sites\/24\/2020\/07\/LogoNA-4x3-1.jpg\",\"contentUrl\":\"https:\/\/noti-america.com\/site\/argentina\/wp-content\/uploads\/sites\/24\/2020\/07\/LogoNA-4x3-1.jpg\",\"width\":1236,\"height\":1080,\"caption\":\"Noti-America LLC | Argentina\"},\"image\":{\"@id\":\"https:\/\/noti-america.com\/site\/argentina\/#\/schema\/logo\/image\/\"},\"sameAs\":[\"https:\/\/x.com\/inotiamerica\"]},{\"@type\":\"Person\",\"@id\":\"https:\/\/noti-america.com\/site\/argentina\/#\/schema\/person\/22806efcc2cfc4b45efb0e17be210ea8\",\"name\":\"Maria Valentina Noguera Medina\",\"image\":{\"@type\":\"ImageObject\",\"inLanguage\":\"es\",\"@id\":\"https:\/\/secure.gravatar.com\/avatar\/4ec5eb9d099f2608a49c9df6f7341f66f04f819cdffa09d56a7a0e91d2819d56?s=96&d=mm&r=g\",\"url\":\"https:\/\/secure.gravatar.com\/avatar\/4ec5eb9d099f2608a49c9df6f7341f66f04f819cdffa09d56a7a0e91d2819d56?s=96&d=mm&r=g\",\"contentUrl\":\"https:\/\/secure.gravatar.com\/avatar\/4ec5eb9d099f2608a49c9df6f7341f66f04f819cdffa09d56a7a0e91d2819d56?s=96&d=mm&r=g\",\"caption\":\"Maria Valentina Noguera Medina\"},\"description\":\"Periodista - noti-america - Promar Community Manager - Talento Plus Dise\u00f1adora\/ creadora de contenido...\",\"sameAs\":[\"Mar\u00eda Valentina Noguera\",\"https:\/\/www.facebook.com\/mariavalentina.noguera\",\"https:\/\/www.linkedin.com\/in\/mara-valentina-noguera-medina-373075165\/\",\"https:\/\/www.pinterest.es\/valentinanoguera95\/\",\"https:\/\/www.youtube.com\/channel\/UCdek6mbUZ-Tqqw0I63i4nmQ\"],\"url\":\"https:\/\/noti-america.com\/site\/argentina\/author\/mnoguera\/\"}]}<\/script>\n<!-- \/ Yoast SEO Premium plugin. -->","yoast_head_json":{"title":"\u00bfC\u00f3mo evoluciona la calidad del sue\u00f1o con la edad? - Argentina | Noti-America.com","robots":{"index":"index","follow":"follow","max-snippet":"max-snippet:-1","max-image-preview":"max-image-preview:large","max-video-preview":"max-video-preview:-1"},"canonical":"https:\/\/noti-america.com\/site\/argentina\/2026\/03\/09\/como-evoluciona-la-calidad-del-sueno-con-la-edad\/","og_locale":"es_ES","og_type":"article","og_title":"\u00bfC\u00f3mo evoluciona la calidad del sue\u00f1o con la edad?","og_description":"NOTI-AMERICA.COM | ARGENTINA La calidad y las necesidades de sue\u00f1o saludable evolucionan a lo largo de la vida, constituyendo un aspecto fundamental para el bienestar f\u00edsico, mental y emocional en cada etapa. Dormir bien&#46;&#46;&#46;","og_url":"https:\/\/noti-america.com\/site\/argentina\/2026\/03\/09\/como-evoluciona-la-calidad-del-sueno-con-la-edad\/","og_site_name":"Argentina | Noti-America.com","article_author":"Mar\u00eda Valentina Noguera","article_published_time":"2026-03-09T15:57:53+00:00","og_image":[{"width":1325,"height":593,"url":"https:\/\/noti-america.com\/site\/argentina\/wp-content\/uploads\/sites\/24\/2026\/03\/Screenshot_9-3-2026_115649_w2a-noticierovenevision-net.s3.amazonaws.com_.jpeg","type":"image\/jpeg"}],"author":"Maria Valentina Noguera Medina","twitter_card":"summary_large_image","twitter_creator":"@inotiamerica","twitter_site":"@inotiamerica","twitter_misc":{"Escrito por":"Maria Valentina Noguera Medina","Tiempo estimado de lectura":"4 minutos"},"schema":{"@context":"https:\/\/schema.org","@graph":[{"@type":"Article","@id":"https:\/\/noti-america.com\/site\/argentina\/2026\/03\/09\/como-evoluciona-la-calidad-del-sueno-con-la-edad\/#article","isPartOf":{"@id":"https:\/\/noti-america.com\/site\/argentina\/2026\/03\/09\/como-evoluciona-la-calidad-del-sueno-con-la-edad\/"},"author":{"name":"Maria Valentina Noguera Medina","@id":"https:\/\/noti-america.com\/site\/argentina\/#\/schema\/person\/22806efcc2cfc4b45efb0e17be210ea8"},"headline":"\u00bfC\u00f3mo evoluciona la calidad del sue\u00f1o con la edad?","datePublished":"2026-03-09T15:57:53+00:00","mainEntityOfPage":{"@id":"https:\/\/noti-america.com\/site\/argentina\/2026\/03\/09\/como-evoluciona-la-calidad-del-sueno-con-la-edad\/"},"wordCount":872,"commentCount":0,"publisher":{"@id":"https:\/\/noti-america.com\/site\/argentina\/#organization"},"image":{"@id":"https:\/\/noti-america.com\/site\/argentina\/2026\/03\/09\/como-evoluciona-la-calidad-del-sueno-con-la-edad\/#primaryimage"},"thumbnailUrl":"https:\/\/noti-america.com\/site\/argentina\/wp-content\/uploads\/sites\/24\/2026\/03\/Screenshot_9-3-2026_115649_w2a-noticierovenevision-net.s3.amazonaws.com_.jpeg","articleSection":["Bienestar"],"inLanguage":"es","potentialAction":[{"@type":"CommentAction","name":"Comment","target":["https:\/\/noti-america.com\/site\/argentina\/2026\/03\/09\/como-evoluciona-la-calidad-del-sueno-con-la-edad\/#respond"]}]},{"@type":"WebPage","@id":"https:\/\/noti-america.com\/site\/argentina\/2026\/03\/09\/como-evoluciona-la-calidad-del-sueno-con-la-edad\/","url":"https:\/\/noti-america.com\/site\/argentina\/2026\/03\/09\/como-evoluciona-la-calidad-del-sueno-con-la-edad\/","name":"\u00bfC\u00f3mo evoluciona la calidad del sue\u00f1o con la edad? - Argentina | Noti-America.com","isPartOf":{"@id":"https:\/\/noti-america.com\/site\/argentina\/#website"},"primaryImageOfPage":{"@id":"https:\/\/noti-america.com\/site\/argentina\/2026\/03\/09\/como-evoluciona-la-calidad-del-sueno-con-la-edad\/#primaryimage"},"image":{"@id":"https:\/\/noti-america.com\/site\/argentina\/2026\/03\/09\/como-evoluciona-la-calidad-del-sueno-con-la-edad\/#primaryimage"},"thumbnailUrl":"https:\/\/noti-america.com\/site\/argentina\/wp-content\/uploads\/sites\/24\/2026\/03\/Screenshot_9-3-2026_115649_w2a-noticierovenevision-net.s3.amazonaws.com_.jpeg","datePublished":"2026-03-09T15:57:53+00:00","breadcrumb":{"@id":"https:\/\/noti-america.com\/site\/argentina\/2026\/03\/09\/como-evoluciona-la-calidad-del-sueno-con-la-edad\/#breadcrumb"},"inLanguage":"es","potentialAction":[{"@type":"ReadAction","target":["https:\/\/noti-america.com\/site\/argentina\/2026\/03\/09\/como-evoluciona-la-calidad-del-sueno-con-la-edad\/"]}]},{"@type":"ImageObject","inLanguage":"es","@id":"https:\/\/noti-america.com\/site\/argentina\/2026\/03\/09\/como-evoluciona-la-calidad-del-sueno-con-la-edad\/#primaryimage","url":"https:\/\/noti-america.com\/site\/argentina\/wp-content\/uploads\/sites\/24\/2026\/03\/Screenshot_9-3-2026_115649_w2a-noticierovenevision-net.s3.amazonaws.com_.jpeg","contentUrl":"https:\/\/noti-america.com\/site\/argentina\/wp-content\/uploads\/sites\/24\/2026\/03\/Screenshot_9-3-2026_115649_w2a-noticierovenevision-net.s3.amazonaws.com_.jpeg","width":1325,"height":593},{"@type":"BreadcrumbList","@id":"https:\/\/noti-america.com\/site\/argentina\/2026\/03\/09\/como-evoluciona-la-calidad-del-sueno-con-la-edad\/#breadcrumb","itemListElement":[{"@type":"ListItem","position":1,"name":"Portada","item":"https:\/\/noti-america.com\/site\/argentina\/"},{"@type":"ListItem","position":2,"name":"\u00bfC\u00f3mo evoluciona la calidad del sue\u00f1o con la edad?"}]},{"@type":"WebSite","@id":"https:\/\/noti-america.com\/site\/argentina\/#website","url":"https:\/\/noti-america.com\/site\/argentina\/","name":"Argentina | Noti-America.com","description":"","publisher":{"@id":"https:\/\/noti-america.com\/site\/argentina\/#organization"},"potentialAction":[{"@type":"SearchAction","target":{"@type":"EntryPoint","urlTemplate":"https:\/\/noti-america.com\/site\/argentina\/?s={search_term_string}"},"query-input":{"@type":"PropertyValueSpecification","valueRequired":true,"valueName":"search_term_string"}}],"inLanguage":"es"},{"@type":"Organization","@id":"https:\/\/noti-america.com\/site\/argentina\/#organization","name":"Noti-America LLC | Argentina","url":"https:\/\/noti-america.com\/site\/argentina\/","logo":{"@type":"ImageObject","inLanguage":"es","@id":"https:\/\/noti-america.com\/site\/argentina\/#\/schema\/logo\/image\/","url":"https:\/\/noti-america.com\/site\/argentina\/wp-content\/uploads\/sites\/24\/2020\/07\/LogoNA-4x3-1.jpg","contentUrl":"https:\/\/noti-america.com\/site\/argentina\/wp-content\/uploads\/sites\/24\/2020\/07\/LogoNA-4x3-1.jpg","width":1236,"height":1080,"caption":"Noti-America LLC | Argentina"},"image":{"@id":"https:\/\/noti-america.com\/site\/argentina\/#\/schema\/logo\/image\/"},"sameAs":["https:\/\/x.com\/inotiamerica"]},{"@type":"Person","@id":"https:\/\/noti-america.com\/site\/argentina\/#\/schema\/person\/22806efcc2cfc4b45efb0e17be210ea8","name":"Maria Valentina Noguera Medina","image":{"@type":"ImageObject","inLanguage":"es","@id":"https:\/\/secure.gravatar.com\/avatar\/4ec5eb9d099f2608a49c9df6f7341f66f04f819cdffa09d56a7a0e91d2819d56?s=96&d=mm&r=g","url":"https:\/\/secure.gravatar.com\/avatar\/4ec5eb9d099f2608a49c9df6f7341f66f04f819cdffa09d56a7a0e91d2819d56?s=96&d=mm&r=g","contentUrl":"https:\/\/secure.gravatar.com\/avatar\/4ec5eb9d099f2608a49c9df6f7341f66f04f819cdffa09d56a7a0e91d2819d56?s=96&d=mm&r=g","caption":"Maria Valentina Noguera Medina"},"description":"Periodista - noti-america - Promar Community Manager - Talento Plus Dise\u00f1adora\/ creadora de contenido...","sameAs":["Mar\u00eda Valentina Noguera","https:\/\/www.facebook.com\/mariavalentina.noguera","https:\/\/www.linkedin.com\/in\/mara-valentina-noguera-medina-373075165\/","https:\/\/www.pinterest.es\/valentinanoguera95\/","https:\/\/www.youtube.com\/channel\/UCdek6mbUZ-Tqqw0I63i4nmQ"],"url":"https:\/\/noti-america.com\/site\/argentina\/author\/mnoguera\/"}]}},"_links":{"self":[{"href":"https:\/\/noti-america.com\/site\/argentina\/wp-json\/wp\/v2\/posts\/16199","targetHints":{"allow":["GET"]}}],"collection":[{"href":"https:\/\/noti-america.com\/site\/argentina\/wp-json\/wp\/v2\/posts"}],"about":[{"href":"https:\/\/noti-america.com\/site\/argentina\/wp-json\/wp\/v2\/types\/post"}],"author":[{"embeddable":true,"href":"https:\/\/noti-america.com\/site\/argentina\/wp-json\/wp\/v2\/users\/133"}],"replies":[{"embeddable":true,"href":"https:\/\/noti-america.com\/site\/argentina\/wp-json\/wp\/v2\/comments?post=16199"}],"version-history":[{"count":1,"href":"https:\/\/noti-america.com\/site\/argentina\/wp-json\/wp\/v2\/posts\/16199\/revisions"}],"predecessor-version":[{"id":16201,"href":"https:\/\/noti-america.com\/site\/argentina\/wp-json\/wp\/v2\/posts\/16199\/revisions\/16201"}],"wp:featuredmedia":[{"embeddable":true,"href":"https:\/\/noti-america.com\/site\/argentina\/wp-json\/wp\/v2\/media\/16200"}],"wp:attachment":[{"href":"https:\/\/noti-america.com\/site\/argentina\/wp-json\/wp\/v2\/media?parent=16199"}],"wp:term":[{"taxonomy":"category","embeddable":true,"href":"https:\/\/noti-america.com\/site\/argentina\/wp-json\/wp\/v2\/categories?post=16199"},{"taxonomy":"post_tag","embeddable":true,"href":"https:\/\/noti-america.com\/site\/argentina\/wp-json\/wp\/v2\/tags?post=16199"}],"curies":[{"name":"wp","href":"https:\/\/api.w.org\/{rel}","templated":true}]}}