{"id":15682,"date":"2026-01-28T12:01:53","date_gmt":"2026-01-28T15:01:53","guid":{"rendered":"https:\/\/noti-america.com\/site\/argentina\/?p=15682"},"modified":"2026-01-28T12:01:53","modified_gmt":"2026-01-28T15:01:53","slug":"el-regreso-de-ocean-la-franquicia-oceans-se-expandira-con-una-nueva-secuela-y-precuela","status":"publish","type":"post","link":"https:\/\/noti-america.com\/site\/argentina\/2026\/01\/28\/el-regreso-de-ocean-la-franquicia-oceans-se-expandira-con-una-nueva-secuela-y-precuela\/","title":{"rendered":"El regreso de Ocean: La franquicia \u00abOcean\u2019s\u00bb se expandir\u00e1 con una nueva secuela y precuela"},"content":{"rendered":"<p>NOTI-AMERICA.COM | ARGENTINA<\/p>\n<p style=\"text-align: justify\">Tras casi dos d\u00e9cadas de espera, la ic\u00f3nica franquicia de r\u00f8bos y est\u00e4fas regresar\u00e1 a la gran pantalla con la confirmaci\u00f3n oficial de \u00abOcean\u2019s Fourteen\u00bb. En una entrevista exclusiva concedida a Variety, George Clooney revel\u00f3 que los planes para revivir la saga est\u00e1n en marcha, r\u00f8mpiendo un par\u00e9ntesis de 18 a\u00f1os desde el estreno de \u00abOcean\u2019s Thirteen\u00bb en 2007.<\/p>\n<p style=\"text-align: justify\">El anuncio gener\u00f3 gran expectativa al confirmarse que el reparto estelar original volver\u00e1 a sus roles emblem\u00e1ticos. George Clooney retomar\u00e1 su papel como el carism\u00e1tico Danny Ocean, liderando una vez m\u00e1s a un equipo de \u00e9lite que incluye a Brad Pitt como Rusty Ryan, Matt Damon en el rol de Linus Caldwell y Don Cheadle como Basher Tarr.<\/p>\n<p style=\"text-align: justify\">Asimismo, se asegur\u00f3 el regreso de Julia Roberts como Tess Ocean, asegurando la qu\u00edmica que convirti\u00f3 a la trilog\u00eda inicial en un referente del cine de atr\u00e4cos. Este proyecto llega 24 a\u00f1os despu\u00e9s del debut de \u00abOcean\u2019s Eleven\u00bb, consolidando la vigencia de una marca que ha definido el g\u00e9nero en el siglo XXI.<\/p>\n","protected":false},"excerpt":{"rendered":"<p>NOTI-AMERICA.COM | ARGENTINA Tras casi dos d\u00e9cadas de espera, la ic\u00f3nica franquicia de r\u00f8bos y est\u00e4fas regresar\u00e1 a la gran pantalla con la confirmaci\u00f3n oficial de \u00abOcean\u2019s Fourteen\u00bb. En una entrevista exclusiva concedida a&#46;&#46;&#46;<\/p>\n","protected":false},"author":133,"featured_media":15683,"comment_status":"open","ping_status":"open","sticky":false,"template":"","format":"image","meta":{"_acf_changed":false,"om_disable_all_campaigns":false,"rop_custom_images_group":[],"rop_custom_messages_group":[],"rop_publish_now":"initial","rop_publish_now_accounts":{"twitter_242054905_242054905":""},"rop_publish_now_history":[],"rop_publish_now_status":"pending","_uf_show_specific_survey":0,"_uf_disable_surveys":false,"footnotes":""},"categories":[287],"tags":[],"class_list":["post-15682","post","type-post","status-publish","format-image","has-post-thumbnail","hentry","category-actualidad","post_format-post-format-image"],"acf":[],"aioseo_notices":[],"yoast_head":"<!-- This site is optimized with the Yoast SEO Premium plugin v24.9 (Yoast SEO v27.2) - https:\/\/yoast.com\/product\/yoast-seo-premium-wordpress\/ -->\n<title>El regreso de Ocean: La franquicia \u00abOcean\u2019s\u00bb se expandir\u00e1 con una nueva secuela y precuela - Argentina | Noti-America.com<\/title>\n<meta name=\"robots\" content=\"index, follow, max-snippet:-1, max-image-preview:large, max-video-preview:-1\" \/>\n<link rel=\"canonical\" href=\"https:\/\/noti-america.com\/site\/argentina\/2026\/01\/28\/el-regreso-de-ocean-la-franquicia-oceans-se-expandira-con-una-nueva-secuela-y-precuela\/\" \/>\n<meta property=\"og:locale\" content=\"es_ES\" \/>\n<meta property=\"og:type\" content=\"article\" \/>\n<meta property=\"og:title\" content=\"El regreso de Ocean: La franquicia \u00abOcean\u2019s\u00bb se expandir\u00e1 con una nueva secuela y precuela\" \/>\n<meta property=\"og:description\" content=\"NOTI-AMERICA.COM | ARGENTINA Tras casi dos d\u00e9cadas de espera, la ic\u00f3nica franquicia de r\u00f8bos y est\u00e4fas regresar\u00e1 a la gran pantalla con la confirmaci\u00f3n oficial de \u00abOcean\u2019s Fourteen\u00bb. En una entrevista exclusiva concedida a&#046;&#046;&#046;\" \/>\n<meta property=\"og:url\" content=\"https:\/\/noti-america.com\/site\/argentina\/2026\/01\/28\/el-regreso-de-ocean-la-franquicia-oceans-se-expandira-con-una-nueva-secuela-y-precuela\/\" \/>\n<meta property=\"og:site_name\" content=\"Argentina | Noti-America.com\" \/>\n<meta property=\"article:author\" content=\"Mar\u00eda Valentina Noguera\" \/>\n<meta property=\"article:published_time\" content=\"2026-01-28T15:01:53+00:00\" \/>\n<meta property=\"og:image\" content=\"https:\/\/noti-america.com\/site\/argentina\/wp-content\/uploads\/sites\/24\/2026\/01\/1ee8fdf4-442f-4d23-a427-b0bc339912fd.jpeg\" \/>\n\t<meta property=\"og:image:width\" content=\"1066\" \/>\n\t<meta property=\"og:image:height\" content=\"700\" \/>\n\t<meta property=\"og:image:type\" content=\"image\/jpeg\" \/>\n<meta name=\"author\" content=\"Maria Valentina Noguera Medina\" \/>\n<meta name=\"twitter:card\" content=\"summary_large_image\" \/>\n<meta name=\"twitter:creator\" content=\"@inotiamerica\" \/>\n<meta name=\"twitter:site\" content=\"@inotiamerica\" \/>\n<meta name=\"twitter:label1\" content=\"Escrito por\" \/>\n\t<meta name=\"twitter:data1\" content=\"Maria Valentina Noguera Medina\" \/>\n\t<meta name=\"twitter:label2\" content=\"Tiempo estimado de lectura\" \/>\n\t<meta name=\"twitter:data2\" content=\"1 minuto\" \/>\n<script type=\"application\/ld+json\" class=\"yoast-schema-graph\">{\"@context\":\"https:\/\/schema.org\",\"@graph\":[{\"@type\":\"Article\",\"@id\":\"https:\/\/noti-america.com\/site\/argentina\/2026\/01\/28\/el-regreso-de-ocean-la-franquicia-oceans-se-expandira-con-una-nueva-secuela-y-precuela\/#article\",\"isPartOf\":{\"@id\":\"https:\/\/noti-america.com\/site\/argentina\/2026\/01\/28\/el-regreso-de-ocean-la-franquicia-oceans-se-expandira-con-una-nueva-secuela-y-precuela\/\"},\"author\":{\"name\":\"Maria Valentina Noguera Medina\",\"@id\":\"https:\/\/noti-america.com\/site\/argentina\/#\/schema\/person\/22806efcc2cfc4b45efb0e17be210ea8\"},\"headline\":\"El regreso de Ocean: La franquicia \u00abOcean\u2019s\u00bb se expandir\u00e1 con una nueva secuela y precuela\",\"datePublished\":\"2026-01-28T15:01:53+00:00\",\"mainEntityOfPage\":{\"@id\":\"https:\/\/noti-america.com\/site\/argentina\/2026\/01\/28\/el-regreso-de-ocean-la-franquicia-oceans-se-expandira-con-una-nueva-secuela-y-precuela\/\"},\"wordCount\":207,\"commentCount\":0,\"publisher\":{\"@id\":\"https:\/\/noti-america.com\/site\/argentina\/#organization\"},\"image\":{\"@id\":\"https:\/\/noti-america.com\/site\/argentina\/2026\/01\/28\/el-regreso-de-ocean-la-franquicia-oceans-se-expandira-con-una-nueva-secuela-y-precuela\/#primaryimage\"},\"thumbnailUrl\":\"https:\/\/noti-america.com\/site\/argentina\/wp-content\/uploads\/sites\/24\/2026\/01\/1ee8fdf4-442f-4d23-a427-b0bc339912fd.jpeg\",\"articleSection\":[\"Actualidad\"],\"inLanguage\":\"es\",\"potentialAction\":[{\"@type\":\"CommentAction\",\"name\":\"Comment\",\"target\":[\"https:\/\/noti-america.com\/site\/argentina\/2026\/01\/28\/el-regreso-de-ocean-la-franquicia-oceans-se-expandira-con-una-nueva-secuela-y-precuela\/#respond\"]}]},{\"@type\":\"WebPage\",\"@id\":\"https:\/\/noti-america.com\/site\/argentina\/2026\/01\/28\/el-regreso-de-ocean-la-franquicia-oceans-se-expandira-con-una-nueva-secuela-y-precuela\/\",\"url\":\"https:\/\/noti-america.com\/site\/argentina\/2026\/01\/28\/el-regreso-de-ocean-la-franquicia-oceans-se-expandira-con-una-nueva-secuela-y-precuela\/\",\"name\":\"El regreso de Ocean: La franquicia \u00abOcean\u2019s\u00bb se expandir\u00e1 con una nueva secuela y precuela - Argentina | Noti-America.com\",\"isPartOf\":{\"@id\":\"https:\/\/noti-america.com\/site\/argentina\/#website\"},\"primaryImageOfPage\":{\"@id\":\"https:\/\/noti-america.com\/site\/argentina\/2026\/01\/28\/el-regreso-de-ocean-la-franquicia-oceans-se-expandira-con-una-nueva-secuela-y-precuela\/#primaryimage\"},\"image\":{\"@id\":\"https:\/\/noti-america.com\/site\/argentina\/2026\/01\/28\/el-regreso-de-ocean-la-franquicia-oceans-se-expandira-con-una-nueva-secuela-y-precuela\/#primaryimage\"},\"thumbnailUrl\":\"https:\/\/noti-america.com\/site\/argentina\/wp-content\/uploads\/sites\/24\/2026\/01\/1ee8fdf4-442f-4d23-a427-b0bc339912fd.jpeg\",\"datePublished\":\"2026-01-28T15:01:53+00:00\",\"breadcrumb\":{\"@id\":\"https:\/\/noti-america.com\/site\/argentina\/2026\/01\/28\/el-regreso-de-ocean-la-franquicia-oceans-se-expandira-con-una-nueva-secuela-y-precuela\/#breadcrumb\"},\"inLanguage\":\"es\",\"potentialAction\":[{\"@type\":\"ReadAction\",\"target\":[\"https:\/\/noti-america.com\/site\/argentina\/2026\/01\/28\/el-regreso-de-ocean-la-franquicia-oceans-se-expandira-con-una-nueva-secuela-y-precuela\/\"]}]},{\"@type\":\"ImageObject\",\"inLanguage\":\"es\",\"@id\":\"https:\/\/noti-america.com\/site\/argentina\/2026\/01\/28\/el-regreso-de-ocean-la-franquicia-oceans-se-expandira-con-una-nueva-secuela-y-precuela\/#primaryimage\",\"url\":\"https:\/\/noti-america.com\/site\/argentina\/wp-content\/uploads\/sites\/24\/2026\/01\/1ee8fdf4-442f-4d23-a427-b0bc339912fd.jpeg\",\"contentUrl\":\"https:\/\/noti-america.com\/site\/argentina\/wp-content\/uploads\/sites\/24\/2026\/01\/1ee8fdf4-442f-4d23-a427-b0bc339912fd.jpeg\",\"width\":1066,\"height\":700},{\"@type\":\"BreadcrumbList\",\"@id\":\"https:\/\/noti-america.com\/site\/argentina\/2026\/01\/28\/el-regreso-de-ocean-la-franquicia-oceans-se-expandira-con-una-nueva-secuela-y-precuela\/#breadcrumb\",\"itemListElement\":[{\"@type\":\"ListItem\",\"position\":1,\"name\":\"Portada\",\"item\":\"https:\/\/noti-america.com\/site\/argentina\/\"},{\"@type\":\"ListItem\",\"position\":2,\"name\":\"El regreso de Ocean: La franquicia \u00abOcean\u2019s\u00bb se expandir\u00e1 con una nueva secuela y precuela\"}]},{\"@type\":\"WebSite\",\"@id\":\"https:\/\/noti-america.com\/site\/argentina\/#website\",\"url\":\"https:\/\/noti-america.com\/site\/argentina\/\",\"name\":\"Argentina | Noti-America.com\",\"description\":\"\",\"publisher\":{\"@id\":\"https:\/\/noti-america.com\/site\/argentina\/#organization\"},\"potentialAction\":[{\"@type\":\"SearchAction\",\"target\":{\"@type\":\"EntryPoint\",\"urlTemplate\":\"https:\/\/noti-america.com\/site\/argentina\/?s={search_term_string}\"},\"query-input\":{\"@type\":\"PropertyValueSpecification\",\"valueRequired\":true,\"valueName\":\"search_term_string\"}}],\"inLanguage\":\"es\"},{\"@type\":\"Organization\",\"@id\":\"https:\/\/noti-america.com\/site\/argentina\/#organization\",\"name\":\"Noti-America LLC | Argentina\",\"url\":\"https:\/\/noti-america.com\/site\/argentina\/\",\"logo\":{\"@type\":\"ImageObject\",\"inLanguage\":\"es\",\"@id\":\"https:\/\/noti-america.com\/site\/argentina\/#\/schema\/logo\/image\/\",\"url\":\"https:\/\/noti-america.com\/site\/argentina\/wp-content\/uploads\/sites\/24\/2020\/07\/LogoNA-4x3-1.jpg\",\"contentUrl\":\"https:\/\/noti-america.com\/site\/argentina\/wp-content\/uploads\/sites\/24\/2020\/07\/LogoNA-4x3-1.jpg\",\"width\":1236,\"height\":1080,\"caption\":\"Noti-America LLC | Argentina\"},\"image\":{\"@id\":\"https:\/\/noti-america.com\/site\/argentina\/#\/schema\/logo\/image\/\"},\"sameAs\":[\"https:\/\/x.com\/inotiamerica\"]},{\"@type\":\"Person\",\"@id\":\"https:\/\/noti-america.com\/site\/argentina\/#\/schema\/person\/22806efcc2cfc4b45efb0e17be210ea8\",\"name\":\"Maria Valentina Noguera Medina\",\"image\":{\"@type\":\"ImageObject\",\"inLanguage\":\"es\",\"@id\":\"https:\/\/secure.gravatar.com\/avatar\/4ec5eb9d099f2608a49c9df6f7341f66f04f819cdffa09d56a7a0e91d2819d56?s=96&d=mm&r=g\",\"url\":\"https:\/\/secure.gravatar.com\/avatar\/4ec5eb9d099f2608a49c9df6f7341f66f04f819cdffa09d56a7a0e91d2819d56?s=96&d=mm&r=g\",\"contentUrl\":\"https:\/\/secure.gravatar.com\/avatar\/4ec5eb9d099f2608a49c9df6f7341f66f04f819cdffa09d56a7a0e91d2819d56?s=96&d=mm&r=g\",\"caption\":\"Maria Valentina Noguera Medina\"},\"description\":\"Periodista - noti-america - Promar Community Manager - Talento Plus Dise\u00f1adora\/ creadora de contenido...\",\"sameAs\":[\"Mar\u00eda Valentina Noguera\",\"https:\/\/www.facebook.com\/mariavalentina.noguera\",\"https:\/\/www.linkedin.com\/in\/mara-valentina-noguera-medina-373075165\/\",\"https:\/\/www.pinterest.es\/valentinanoguera95\/\",\"https:\/\/www.youtube.com\/channel\/UCdek6mbUZ-Tqqw0I63i4nmQ\"],\"url\":\"https:\/\/noti-america.com\/site\/argentina\/author\/mnoguera\/\"}]}<\/script>\n<!-- \/ Yoast SEO Premium plugin. -->","yoast_head_json":{"title":"El regreso de Ocean: La franquicia \u00abOcean\u2019s\u00bb se expandir\u00e1 con una nueva secuela y precuela - Argentina | Noti-America.com","robots":{"index":"index","follow":"follow","max-snippet":"max-snippet:-1","max-image-preview":"max-image-preview:large","max-video-preview":"max-video-preview:-1"},"canonical":"https:\/\/noti-america.com\/site\/argentina\/2026\/01\/28\/el-regreso-de-ocean-la-franquicia-oceans-se-expandira-con-una-nueva-secuela-y-precuela\/","og_locale":"es_ES","og_type":"article","og_title":"El regreso de Ocean: La franquicia \u00abOcean\u2019s\u00bb se expandir\u00e1 con una nueva secuela y precuela","og_description":"NOTI-AMERICA.COM | ARGENTINA Tras casi dos d\u00e9cadas de espera, la ic\u00f3nica franquicia de r\u00f8bos y est\u00e4fas regresar\u00e1 a la gran pantalla con la confirmaci\u00f3n oficial de \u00abOcean\u2019s Fourteen\u00bb. En una entrevista exclusiva concedida a&#46;&#46;&#46;","og_url":"https:\/\/noti-america.com\/site\/argentina\/2026\/01\/28\/el-regreso-de-ocean-la-franquicia-oceans-se-expandira-con-una-nueva-secuela-y-precuela\/","og_site_name":"Argentina | Noti-America.com","article_author":"Mar\u00eda Valentina Noguera","article_published_time":"2026-01-28T15:01:53+00:00","og_image":[{"width":1066,"height":700,"url":"https:\/\/noti-america.com\/site\/argentina\/wp-content\/uploads\/sites\/24\/2026\/01\/1ee8fdf4-442f-4d23-a427-b0bc339912fd.jpeg","type":"image\/jpeg"}],"author":"Maria Valentina Noguera Medina","twitter_card":"summary_large_image","twitter_creator":"@inotiamerica","twitter_site":"@inotiamerica","twitter_misc":{"Escrito por":"Maria Valentina Noguera Medina","Tiempo estimado de lectura":"1 minuto"},"schema":{"@context":"https:\/\/schema.org","@graph":[{"@type":"Article","@id":"https:\/\/noti-america.com\/site\/argentina\/2026\/01\/28\/el-regreso-de-ocean-la-franquicia-oceans-se-expandira-con-una-nueva-secuela-y-precuela\/#article","isPartOf":{"@id":"https:\/\/noti-america.com\/site\/argentina\/2026\/01\/28\/el-regreso-de-ocean-la-franquicia-oceans-se-expandira-con-una-nueva-secuela-y-precuela\/"},"author":{"name":"Maria Valentina Noguera Medina","@id":"https:\/\/noti-america.com\/site\/argentina\/#\/schema\/person\/22806efcc2cfc4b45efb0e17be210ea8"},"headline":"El regreso de Ocean: La franquicia \u00abOcean\u2019s\u00bb se expandir\u00e1 con una nueva secuela y precuela","datePublished":"2026-01-28T15:01:53+00:00","mainEntityOfPage":{"@id":"https:\/\/noti-america.com\/site\/argentina\/2026\/01\/28\/el-regreso-de-ocean-la-franquicia-oceans-se-expandira-con-una-nueva-secuela-y-precuela\/"},"wordCount":207,"commentCount":0,"publisher":{"@id":"https:\/\/noti-america.com\/site\/argentina\/#organization"},"image":{"@id":"https:\/\/noti-america.com\/site\/argentina\/2026\/01\/28\/el-regreso-de-ocean-la-franquicia-oceans-se-expandira-con-una-nueva-secuela-y-precuela\/#primaryimage"},"thumbnailUrl":"https:\/\/noti-america.com\/site\/argentina\/wp-content\/uploads\/sites\/24\/2026\/01\/1ee8fdf4-442f-4d23-a427-b0bc339912fd.jpeg","articleSection":["Actualidad"],"inLanguage":"es","potentialAction":[{"@type":"CommentAction","name":"Comment","target":["https:\/\/noti-america.com\/site\/argentina\/2026\/01\/28\/el-regreso-de-ocean-la-franquicia-oceans-se-expandira-con-una-nueva-secuela-y-precuela\/#respond"]}]},{"@type":"WebPage","@id":"https:\/\/noti-america.com\/site\/argentina\/2026\/01\/28\/el-regreso-de-ocean-la-franquicia-oceans-se-expandira-con-una-nueva-secuela-y-precuela\/","url":"https:\/\/noti-america.com\/site\/argentina\/2026\/01\/28\/el-regreso-de-ocean-la-franquicia-oceans-se-expandira-con-una-nueva-secuela-y-precuela\/","name":"El regreso de Ocean: La franquicia \u00abOcean\u2019s\u00bb se expandir\u00e1 con una nueva secuela y precuela - Argentina | Noti-America.com","isPartOf":{"@id":"https:\/\/noti-america.com\/site\/argentina\/#website"},"primaryImageOfPage":{"@id":"https:\/\/noti-america.com\/site\/argentina\/2026\/01\/28\/el-regreso-de-ocean-la-franquicia-oceans-se-expandira-con-una-nueva-secuela-y-precuela\/#primaryimage"},"image":{"@id":"https:\/\/noti-america.com\/site\/argentina\/2026\/01\/28\/el-regreso-de-ocean-la-franquicia-oceans-se-expandira-con-una-nueva-secuela-y-precuela\/#primaryimage"},"thumbnailUrl":"https:\/\/noti-america.com\/site\/argentina\/wp-content\/uploads\/sites\/24\/2026\/01\/1ee8fdf4-442f-4d23-a427-b0bc339912fd.jpeg","datePublished":"2026-01-28T15:01:53+00:00","breadcrumb":{"@id":"https:\/\/noti-america.com\/site\/argentina\/2026\/01\/28\/el-regreso-de-ocean-la-franquicia-oceans-se-expandira-con-una-nueva-secuela-y-precuela\/#breadcrumb"},"inLanguage":"es","potentialAction":[{"@type":"ReadAction","target":["https:\/\/noti-america.com\/site\/argentina\/2026\/01\/28\/el-regreso-de-ocean-la-franquicia-oceans-se-expandira-con-una-nueva-secuela-y-precuela\/"]}]},{"@type":"ImageObject","inLanguage":"es","@id":"https:\/\/noti-america.com\/site\/argentina\/2026\/01\/28\/el-regreso-de-ocean-la-franquicia-oceans-se-expandira-con-una-nueva-secuela-y-precuela\/#primaryimage","url":"https:\/\/noti-america.com\/site\/argentina\/wp-content\/uploads\/sites\/24\/2026\/01\/1ee8fdf4-442f-4d23-a427-b0bc339912fd.jpeg","contentUrl":"https:\/\/noti-america.com\/site\/argentina\/wp-content\/uploads\/sites\/24\/2026\/01\/1ee8fdf4-442f-4d23-a427-b0bc339912fd.jpeg","width":1066,"height":700},{"@type":"BreadcrumbList","@id":"https:\/\/noti-america.com\/site\/argentina\/2026\/01\/28\/el-regreso-de-ocean-la-franquicia-oceans-se-expandira-con-una-nueva-secuela-y-precuela\/#breadcrumb","itemListElement":[{"@type":"ListItem","position":1,"name":"Portada","item":"https:\/\/noti-america.com\/site\/argentina\/"},{"@type":"ListItem","position":2,"name":"El regreso de Ocean: La franquicia \u00abOcean\u2019s\u00bb se expandir\u00e1 con una nueva secuela y precuela"}]},{"@type":"WebSite","@id":"https:\/\/noti-america.com\/site\/argentina\/#website","url":"https:\/\/noti-america.com\/site\/argentina\/","name":"Argentina | Noti-America.com","description":"","publisher":{"@id":"https:\/\/noti-america.com\/site\/argentina\/#organization"},"potentialAction":[{"@type":"SearchAction","target":{"@type":"EntryPoint","urlTemplate":"https:\/\/noti-america.com\/site\/argentina\/?s={search_term_string}"},"query-input":{"@type":"PropertyValueSpecification","valueRequired":true,"valueName":"search_term_string"}}],"inLanguage":"es"},{"@type":"Organization","@id":"https:\/\/noti-america.com\/site\/argentina\/#organization","name":"Noti-America LLC | Argentina","url":"https:\/\/noti-america.com\/site\/argentina\/","logo":{"@type":"ImageObject","inLanguage":"es","@id":"https:\/\/noti-america.com\/site\/argentina\/#\/schema\/logo\/image\/","url":"https:\/\/noti-america.com\/site\/argentina\/wp-content\/uploads\/sites\/24\/2020\/07\/LogoNA-4x3-1.jpg","contentUrl":"https:\/\/noti-america.com\/site\/argentina\/wp-content\/uploads\/sites\/24\/2020\/07\/LogoNA-4x3-1.jpg","width":1236,"height":1080,"caption":"Noti-America LLC | Argentina"},"image":{"@id":"https:\/\/noti-america.com\/site\/argentina\/#\/schema\/logo\/image\/"},"sameAs":["https:\/\/x.com\/inotiamerica"]},{"@type":"Person","@id":"https:\/\/noti-america.com\/site\/argentina\/#\/schema\/person\/22806efcc2cfc4b45efb0e17be210ea8","name":"Maria Valentina Noguera Medina","image":{"@type":"ImageObject","inLanguage":"es","@id":"https:\/\/secure.gravatar.com\/avatar\/4ec5eb9d099f2608a49c9df6f7341f66f04f819cdffa09d56a7a0e91d2819d56?s=96&d=mm&r=g","url":"https:\/\/secure.gravatar.com\/avatar\/4ec5eb9d099f2608a49c9df6f7341f66f04f819cdffa09d56a7a0e91d2819d56?s=96&d=mm&r=g","contentUrl":"https:\/\/secure.gravatar.com\/avatar\/4ec5eb9d099f2608a49c9df6f7341f66f04f819cdffa09d56a7a0e91d2819d56?s=96&d=mm&r=g","caption":"Maria Valentina Noguera Medina"},"description":"Periodista - noti-america - Promar Community Manager - Talento Plus Dise\u00f1adora\/ creadora de contenido...","sameAs":["Mar\u00eda Valentina Noguera","https:\/\/www.facebook.com\/mariavalentina.noguera","https:\/\/www.linkedin.com\/in\/mara-valentina-noguera-medina-373075165\/","https:\/\/www.pinterest.es\/valentinanoguera95\/","https:\/\/www.youtube.com\/channel\/UCdek6mbUZ-Tqqw0I63i4nmQ"],"url":"https:\/\/noti-america.com\/site\/argentina\/author\/mnoguera\/"}]}},"_links":{"self":[{"href":"https:\/\/noti-america.com\/site\/argentina\/wp-json\/wp\/v2\/posts\/15682","targetHints":{"allow":["GET"]}}],"collection":[{"href":"https:\/\/noti-america.com\/site\/argentina\/wp-json\/wp\/v2\/posts"}],"about":[{"href":"https:\/\/noti-america.com\/site\/argentina\/wp-json\/wp\/v2\/types\/post"}],"author":[{"embeddable":true,"href":"https:\/\/noti-america.com\/site\/argentina\/wp-json\/wp\/v2\/users\/133"}],"replies":[{"embeddable":true,"href":"https:\/\/noti-america.com\/site\/argentina\/wp-json\/wp\/v2\/comments?post=15682"}],"version-history":[{"count":1,"href":"https:\/\/noti-america.com\/site\/argentina\/wp-json\/wp\/v2\/posts\/15682\/revisions"}],"predecessor-version":[{"id":15684,"href":"https:\/\/noti-america.com\/site\/argentina\/wp-json\/wp\/v2\/posts\/15682\/revisions\/15684"}],"wp:featuredmedia":[{"embeddable":true,"href":"https:\/\/noti-america.com\/site\/argentina\/wp-json\/wp\/v2\/media\/15683"}],"wp:attachment":[{"href":"https:\/\/noti-america.com\/site\/argentina\/wp-json\/wp\/v2\/media?parent=15682"}],"wp:term":[{"taxonomy":"category","embeddable":true,"href":"https:\/\/noti-america.com\/site\/argentina\/wp-json\/wp\/v2\/categories?post=15682"},{"taxonomy":"post_tag","embeddable":true,"href":"https:\/\/noti-america.com\/site\/argentina\/wp-json\/wp\/v2\/tags?post=15682"}],"curies":[{"name":"wp","href":"https:\/\/api.w.org\/{rel}","templated":true}]}}