{"id":15319,"date":"2026-01-01T13:12:48","date_gmt":"2026-01-01T16:12:48","guid":{"rendered":"https:\/\/noti-america.com\/site\/argentina\/?p=15319"},"modified":"2026-01-01T13:12:48","modified_gmt":"2026-01-01T16:12:48","slug":"nos-escuchamos-y-nos-entendimos-j-balvin-confirma-su-reconciliacion-con-residente","status":"publish","type":"post","link":"https:\/\/noti-america.com\/site\/argentina\/2026\/01\/01\/nos-escuchamos-y-nos-entendimos-j-balvin-confirma-su-reconciliacion-con-residente\/","title":{"rendered":"\u00abNos escuchamos y nos entendimos\u00bb: J Balvin confirma su reconciliaci\u00f3n con Residente"},"content":{"rendered":"<p>NOTI-AMERICA.COM | ARGENTINA<\/p>\n<p style=\"text-align: justify\">J Balvin confirm\u00f3 que solvent\u00f3 sus diferencias con el puertorrique\u00f1o Residente, esto luego de varios a\u00f1os de una medi\u00e1tica rivalidad que marc\u00f3 un hito en la historia de la m\u00fasica urbana. El colombiano comparti\u00f3 una fotograf\u00eda junto al exintegrante de Calle 13, acompa\u00f1ada de una reflexi\u00f3n sobre la importancia del di\u00e1logo y el entendimiento mutuo.<\/p>\n<p style=\"text-align: justify\">El artista paisa destac\u00f3 que, frente a las trag\u00eadias globales, este reencuentro puede parecer peque\u00f1o, pero es un s\u00edmbolo necesario de paz en un mundo cada vez m\u00e1s c\u00f8mplejo. En su mensaje, J Balvin revel\u00f3 que el acercamiento no fue algo fortuito, sino un proceso que se gest\u00f3 hace varios meses en la intimidad. \u00abNos escuchamos. Nos entendimos\u00bb, afirm\u00f3 el cantante, subrayando que el valor de este reencuentro reside en la capacidad de dos personas que no coinciden en todo para sentarse a conversar y hallar puntos comunes.<\/p>\n<p style=\"text-align: justify\">Con la frase \u00abal final, siempre la raz\u00f3n la tiene el tiempo\u00bb, el int\u00e9rprete de \u00abMi Gente\u00bb dej\u00f3 claro que las asperezas del pasado han sido superadas, dando prioridad a la madurez y al respeto profesional. La noticia gener\u00f3 una ola de reacciones positivas entre colegas de la industria y fan\u00e1ticos de todo el mundo, quienes ven en este gesto un ejemplo de tolerancia.<\/p>\n<p style=\"text-align: justify\">Meses atr\u00e1s J Balvin hab\u00eda confirmado que conversaron y limado asperezas, adem\u00e1s, la \u00faltima semana el colombiano tambi\u00e9n fue protagonista de un emotivo reencuentro con Bad Bunny durante uno de sus conciertos en M\u00e9xico, al que acudi\u00f3 como invitado, esto tras haber tenido una importante amistad en los comienzos del boricua, y que se hab\u00edan distanciado luego de las p\u00f8l\u00e9micas con Residente.<\/p>\n<p style=\"text-align: justify\">Con informaci\u00f3n de:\u00a0<strong>Noticias 24 Horas<\/strong><\/p>\n","protected":false},"excerpt":{"rendered":"<p>NOTI-AMERICA.COM | ARGENTINA J Balvin confirm\u00f3 que solvent\u00f3 sus diferencias con el puertorrique\u00f1o Residente, esto luego de varios a\u00f1os de una medi\u00e1tica rivalidad que marc\u00f3 un hito en la historia de la m\u00fasica urbana.&#46;&#46;&#46;<\/p>\n","protected":false},"author":133,"featured_media":15320,"comment_status":"open","ping_status":"open","sticky":false,"template":"","format":"image","meta":{"_acf_changed":false,"om_disable_all_campaigns":false,"rop_custom_images_group":[],"rop_custom_messages_group":[],"rop_publish_now":"initial","rop_publish_now_accounts":{"twitter_242054905_242054905":""},"rop_publish_now_history":[],"rop_publish_now_status":"pending","_uf_show_specific_survey":0,"_uf_disable_surveys":false,"footnotes":""},"categories":[287],"tags":[],"class_list":["post-15319","post","type-post","status-publish","format-image","has-post-thumbnail","hentry","category-actualidad","post_format-post-format-image"],"acf":[],"aioseo_notices":[],"yoast_head":"<!-- This site is optimized with the Yoast SEO Premium plugin v24.9 (Yoast SEO v27.2) - https:\/\/yoast.com\/product\/yoast-seo-premium-wordpress\/ -->\n<title>\u00abNos escuchamos y nos entendimos\u00bb: J Balvin confirma su reconciliaci\u00f3n con Residente - Argentina | Noti-America.com<\/title>\n<meta name=\"robots\" content=\"index, follow, max-snippet:-1, max-image-preview:large, max-video-preview:-1\" \/>\n<link rel=\"canonical\" href=\"https:\/\/noti-america.com\/site\/argentina\/2026\/01\/01\/nos-escuchamos-y-nos-entendimos-j-balvin-confirma-su-reconciliacion-con-residente\/\" \/>\n<meta property=\"og:locale\" content=\"es_ES\" \/>\n<meta property=\"og:type\" content=\"article\" \/>\n<meta property=\"og:title\" content=\"\u00abNos escuchamos y nos entendimos\u00bb: J Balvin confirma su reconciliaci\u00f3n con Residente\" \/>\n<meta property=\"og:description\" content=\"NOTI-AMERICA.COM | ARGENTINA J Balvin confirm\u00f3 que solvent\u00f3 sus diferencias con el puertorrique\u00f1o Residente, esto luego de varios a\u00f1os de una medi\u00e1tica rivalidad que marc\u00f3 un hito en la historia de la m\u00fasica urbana.&#046;&#046;&#046;\" \/>\n<meta property=\"og:url\" content=\"https:\/\/noti-america.com\/site\/argentina\/2026\/01\/01\/nos-escuchamos-y-nos-entendimos-j-balvin-confirma-su-reconciliacion-con-residente\/\" \/>\n<meta property=\"og:site_name\" content=\"Argentina | Noti-America.com\" \/>\n<meta property=\"article:author\" content=\"Mar\u00eda Valentina Noguera\" \/>\n<meta property=\"article:published_time\" content=\"2026-01-01T16:12:48+00:00\" \/>\n<meta property=\"og:image\" content=\"https:\/\/noti-america.com\/site\/argentina\/wp-content\/uploads\/sites\/24\/2026\/01\/SaveInsta.to_610332998_18576733231050863_6819248339605688171_n.jpg\" \/>\n\t<meta property=\"og:image:width\" content=\"1080\" \/>\n\t<meta property=\"og:image:height\" content=\"889\" \/>\n\t<meta property=\"og:image:type\" content=\"image\/jpeg\" \/>\n<meta name=\"author\" content=\"Maria Valentina Noguera Medina\" \/>\n<meta name=\"twitter:card\" content=\"summary_large_image\" \/>\n<meta name=\"twitter:creator\" content=\"@inotiamerica\" \/>\n<meta name=\"twitter:site\" content=\"@inotiamerica\" \/>\n<meta name=\"twitter:label1\" content=\"Escrito por\" \/>\n\t<meta name=\"twitter:data1\" content=\"Maria Valentina Noguera Medina\" \/>\n\t<meta name=\"twitter:label2\" content=\"Tiempo estimado de lectura\" \/>\n\t<meta name=\"twitter:data2\" content=\"2 minutos\" \/>\n<script type=\"application\/ld+json\" class=\"yoast-schema-graph\">{\"@context\":\"https:\/\/schema.org\",\"@graph\":[{\"@type\":\"Article\",\"@id\":\"https:\/\/noti-america.com\/site\/argentina\/2026\/01\/01\/nos-escuchamos-y-nos-entendimos-j-balvin-confirma-su-reconciliacion-con-residente\/#article\",\"isPartOf\":{\"@id\":\"https:\/\/noti-america.com\/site\/argentina\/2026\/01\/01\/nos-escuchamos-y-nos-entendimos-j-balvin-confirma-su-reconciliacion-con-residente\/\"},\"author\":{\"name\":\"Maria Valentina Noguera Medina\",\"@id\":\"https:\/\/noti-america.com\/site\/argentina\/#\/schema\/person\/22806efcc2cfc4b45efb0e17be210ea8\"},\"headline\":\"\u00abNos escuchamos y nos entendimos\u00bb: J Balvin confirma su reconciliaci\u00f3n con Residente\",\"datePublished\":\"2026-01-01T16:12:48+00:00\",\"mainEntityOfPage\":{\"@id\":\"https:\/\/noti-america.com\/site\/argentina\/2026\/01\/01\/nos-escuchamos-y-nos-entendimos-j-balvin-confirma-su-reconciliacion-con-residente\/\"},\"wordCount\":314,\"commentCount\":0,\"publisher\":{\"@id\":\"https:\/\/noti-america.com\/site\/argentina\/#organization\"},\"image\":{\"@id\":\"https:\/\/noti-america.com\/site\/argentina\/2026\/01\/01\/nos-escuchamos-y-nos-entendimos-j-balvin-confirma-su-reconciliacion-con-residente\/#primaryimage\"},\"thumbnailUrl\":\"https:\/\/noti-america.com\/site\/argentina\/wp-content\/uploads\/sites\/24\/2026\/01\/SaveInsta.to_610332998_18576733231050863_6819248339605688171_n.jpg\",\"articleSection\":[\"Actualidad\"],\"inLanguage\":\"es\",\"potentialAction\":[{\"@type\":\"CommentAction\",\"name\":\"Comment\",\"target\":[\"https:\/\/noti-america.com\/site\/argentina\/2026\/01\/01\/nos-escuchamos-y-nos-entendimos-j-balvin-confirma-su-reconciliacion-con-residente\/#respond\"]}]},{\"@type\":\"WebPage\",\"@id\":\"https:\/\/noti-america.com\/site\/argentina\/2026\/01\/01\/nos-escuchamos-y-nos-entendimos-j-balvin-confirma-su-reconciliacion-con-residente\/\",\"url\":\"https:\/\/noti-america.com\/site\/argentina\/2026\/01\/01\/nos-escuchamos-y-nos-entendimos-j-balvin-confirma-su-reconciliacion-con-residente\/\",\"name\":\"\u00abNos escuchamos y nos entendimos\u00bb: J Balvin confirma su reconciliaci\u00f3n con Residente - Argentina | Noti-America.com\",\"isPartOf\":{\"@id\":\"https:\/\/noti-america.com\/site\/argentina\/#website\"},\"primaryImageOfPage\":{\"@id\":\"https:\/\/noti-america.com\/site\/argentina\/2026\/01\/01\/nos-escuchamos-y-nos-entendimos-j-balvin-confirma-su-reconciliacion-con-residente\/#primaryimage\"},\"image\":{\"@id\":\"https:\/\/noti-america.com\/site\/argentina\/2026\/01\/01\/nos-escuchamos-y-nos-entendimos-j-balvin-confirma-su-reconciliacion-con-residente\/#primaryimage\"},\"thumbnailUrl\":\"https:\/\/noti-america.com\/site\/argentina\/wp-content\/uploads\/sites\/24\/2026\/01\/SaveInsta.to_610332998_18576733231050863_6819248339605688171_n.jpg\",\"datePublished\":\"2026-01-01T16:12:48+00:00\",\"breadcrumb\":{\"@id\":\"https:\/\/noti-america.com\/site\/argentina\/2026\/01\/01\/nos-escuchamos-y-nos-entendimos-j-balvin-confirma-su-reconciliacion-con-residente\/#breadcrumb\"},\"inLanguage\":\"es\",\"potentialAction\":[{\"@type\":\"ReadAction\",\"target\":[\"https:\/\/noti-america.com\/site\/argentina\/2026\/01\/01\/nos-escuchamos-y-nos-entendimos-j-balvin-confirma-su-reconciliacion-con-residente\/\"]}]},{\"@type\":\"ImageObject\",\"inLanguage\":\"es\",\"@id\":\"https:\/\/noti-america.com\/site\/argentina\/2026\/01\/01\/nos-escuchamos-y-nos-entendimos-j-balvin-confirma-su-reconciliacion-con-residente\/#primaryimage\",\"url\":\"https:\/\/noti-america.com\/site\/argentina\/wp-content\/uploads\/sites\/24\/2026\/01\/SaveInsta.to_610332998_18576733231050863_6819248339605688171_n.jpg\",\"contentUrl\":\"https:\/\/noti-america.com\/site\/argentina\/wp-content\/uploads\/sites\/24\/2026\/01\/SaveInsta.to_610332998_18576733231050863_6819248339605688171_n.jpg\",\"width\":1080,\"height\":889},{\"@type\":\"BreadcrumbList\",\"@id\":\"https:\/\/noti-america.com\/site\/argentina\/2026\/01\/01\/nos-escuchamos-y-nos-entendimos-j-balvin-confirma-su-reconciliacion-con-residente\/#breadcrumb\",\"itemListElement\":[{\"@type\":\"ListItem\",\"position\":1,\"name\":\"Portada\",\"item\":\"https:\/\/noti-america.com\/site\/argentina\/\"},{\"@type\":\"ListItem\",\"position\":2,\"name\":\"\u00abNos escuchamos y nos entendimos\u00bb: J Balvin confirma su reconciliaci\u00f3n con Residente\"}]},{\"@type\":\"WebSite\",\"@id\":\"https:\/\/noti-america.com\/site\/argentina\/#website\",\"url\":\"https:\/\/noti-america.com\/site\/argentina\/\",\"name\":\"Argentina | Noti-America.com\",\"description\":\"\",\"publisher\":{\"@id\":\"https:\/\/noti-america.com\/site\/argentina\/#organization\"},\"potentialAction\":[{\"@type\":\"SearchAction\",\"target\":{\"@type\":\"EntryPoint\",\"urlTemplate\":\"https:\/\/noti-america.com\/site\/argentina\/?s={search_term_string}\"},\"query-input\":{\"@type\":\"PropertyValueSpecification\",\"valueRequired\":true,\"valueName\":\"search_term_string\"}}],\"inLanguage\":\"es\"},{\"@type\":\"Organization\",\"@id\":\"https:\/\/noti-america.com\/site\/argentina\/#organization\",\"name\":\"Noti-America LLC | Argentina\",\"url\":\"https:\/\/noti-america.com\/site\/argentina\/\",\"logo\":{\"@type\":\"ImageObject\",\"inLanguage\":\"es\",\"@id\":\"https:\/\/noti-america.com\/site\/argentina\/#\/schema\/logo\/image\/\",\"url\":\"https:\/\/noti-america.com\/site\/argentina\/wp-content\/uploads\/sites\/24\/2020\/07\/LogoNA-4x3-1.jpg\",\"contentUrl\":\"https:\/\/noti-america.com\/site\/argentina\/wp-content\/uploads\/sites\/24\/2020\/07\/LogoNA-4x3-1.jpg\",\"width\":1236,\"height\":1080,\"caption\":\"Noti-America LLC | Argentina\"},\"image\":{\"@id\":\"https:\/\/noti-america.com\/site\/argentina\/#\/schema\/logo\/image\/\"},\"sameAs\":[\"https:\/\/x.com\/inotiamerica\"]},{\"@type\":\"Person\",\"@id\":\"https:\/\/noti-america.com\/site\/argentina\/#\/schema\/person\/22806efcc2cfc4b45efb0e17be210ea8\",\"name\":\"Maria Valentina Noguera Medina\",\"image\":{\"@type\":\"ImageObject\",\"inLanguage\":\"es\",\"@id\":\"https:\/\/secure.gravatar.com\/avatar\/4ec5eb9d099f2608a49c9df6f7341f66f04f819cdffa09d56a7a0e91d2819d56?s=96&d=mm&r=g\",\"url\":\"https:\/\/secure.gravatar.com\/avatar\/4ec5eb9d099f2608a49c9df6f7341f66f04f819cdffa09d56a7a0e91d2819d56?s=96&d=mm&r=g\",\"contentUrl\":\"https:\/\/secure.gravatar.com\/avatar\/4ec5eb9d099f2608a49c9df6f7341f66f04f819cdffa09d56a7a0e91d2819d56?s=96&d=mm&r=g\",\"caption\":\"Maria Valentina Noguera Medina\"},\"description\":\"Periodista - noti-america - Promar Community Manager - Talento Plus Dise\u00f1adora\/ creadora de contenido...\",\"sameAs\":[\"Mar\u00eda Valentina Noguera\",\"https:\/\/www.facebook.com\/mariavalentina.noguera\",\"https:\/\/www.linkedin.com\/in\/mara-valentina-noguera-medina-373075165\/\",\"https:\/\/www.pinterest.es\/valentinanoguera95\/\",\"https:\/\/www.youtube.com\/channel\/UCdek6mbUZ-Tqqw0I63i4nmQ\"],\"url\":\"https:\/\/noti-america.com\/site\/argentina\/author\/mnoguera\/\"}]}<\/script>\n<!-- \/ Yoast SEO Premium plugin. -->","yoast_head_json":{"title":"\u00abNos escuchamos y nos entendimos\u00bb: J Balvin confirma su reconciliaci\u00f3n con Residente - Argentina | Noti-America.com","robots":{"index":"index","follow":"follow","max-snippet":"max-snippet:-1","max-image-preview":"max-image-preview:large","max-video-preview":"max-video-preview:-1"},"canonical":"https:\/\/noti-america.com\/site\/argentina\/2026\/01\/01\/nos-escuchamos-y-nos-entendimos-j-balvin-confirma-su-reconciliacion-con-residente\/","og_locale":"es_ES","og_type":"article","og_title":"\u00abNos escuchamos y nos entendimos\u00bb: J Balvin confirma su reconciliaci\u00f3n con Residente","og_description":"NOTI-AMERICA.COM | ARGENTINA J Balvin confirm\u00f3 que solvent\u00f3 sus diferencias con el puertorrique\u00f1o Residente, esto luego de varios a\u00f1os de una medi\u00e1tica rivalidad que marc\u00f3 un hito en la historia de la m\u00fasica urbana.&#46;&#46;&#46;","og_url":"https:\/\/noti-america.com\/site\/argentina\/2026\/01\/01\/nos-escuchamos-y-nos-entendimos-j-balvin-confirma-su-reconciliacion-con-residente\/","og_site_name":"Argentina | Noti-America.com","article_author":"Mar\u00eda Valentina Noguera","article_published_time":"2026-01-01T16:12:48+00:00","og_image":[{"width":1080,"height":889,"url":"https:\/\/noti-america.com\/site\/argentina\/wp-content\/uploads\/sites\/24\/2026\/01\/SaveInsta.to_610332998_18576733231050863_6819248339605688171_n.jpg","type":"image\/jpeg"}],"author":"Maria Valentina Noguera Medina","twitter_card":"summary_large_image","twitter_creator":"@inotiamerica","twitter_site":"@inotiamerica","twitter_misc":{"Escrito por":"Maria Valentina Noguera Medina","Tiempo estimado de lectura":"2 minutos"},"schema":{"@context":"https:\/\/schema.org","@graph":[{"@type":"Article","@id":"https:\/\/noti-america.com\/site\/argentina\/2026\/01\/01\/nos-escuchamos-y-nos-entendimos-j-balvin-confirma-su-reconciliacion-con-residente\/#article","isPartOf":{"@id":"https:\/\/noti-america.com\/site\/argentina\/2026\/01\/01\/nos-escuchamos-y-nos-entendimos-j-balvin-confirma-su-reconciliacion-con-residente\/"},"author":{"name":"Maria Valentina Noguera Medina","@id":"https:\/\/noti-america.com\/site\/argentina\/#\/schema\/person\/22806efcc2cfc4b45efb0e17be210ea8"},"headline":"\u00abNos escuchamos y nos entendimos\u00bb: J Balvin confirma su reconciliaci\u00f3n con Residente","datePublished":"2026-01-01T16:12:48+00:00","mainEntityOfPage":{"@id":"https:\/\/noti-america.com\/site\/argentina\/2026\/01\/01\/nos-escuchamos-y-nos-entendimos-j-balvin-confirma-su-reconciliacion-con-residente\/"},"wordCount":314,"commentCount":0,"publisher":{"@id":"https:\/\/noti-america.com\/site\/argentina\/#organization"},"image":{"@id":"https:\/\/noti-america.com\/site\/argentina\/2026\/01\/01\/nos-escuchamos-y-nos-entendimos-j-balvin-confirma-su-reconciliacion-con-residente\/#primaryimage"},"thumbnailUrl":"https:\/\/noti-america.com\/site\/argentina\/wp-content\/uploads\/sites\/24\/2026\/01\/SaveInsta.to_610332998_18576733231050863_6819248339605688171_n.jpg","articleSection":["Actualidad"],"inLanguage":"es","potentialAction":[{"@type":"CommentAction","name":"Comment","target":["https:\/\/noti-america.com\/site\/argentina\/2026\/01\/01\/nos-escuchamos-y-nos-entendimos-j-balvin-confirma-su-reconciliacion-con-residente\/#respond"]}]},{"@type":"WebPage","@id":"https:\/\/noti-america.com\/site\/argentina\/2026\/01\/01\/nos-escuchamos-y-nos-entendimos-j-balvin-confirma-su-reconciliacion-con-residente\/","url":"https:\/\/noti-america.com\/site\/argentina\/2026\/01\/01\/nos-escuchamos-y-nos-entendimos-j-balvin-confirma-su-reconciliacion-con-residente\/","name":"\u00abNos escuchamos y nos entendimos\u00bb: J Balvin confirma su reconciliaci\u00f3n con Residente - Argentina | Noti-America.com","isPartOf":{"@id":"https:\/\/noti-america.com\/site\/argentina\/#website"},"primaryImageOfPage":{"@id":"https:\/\/noti-america.com\/site\/argentina\/2026\/01\/01\/nos-escuchamos-y-nos-entendimos-j-balvin-confirma-su-reconciliacion-con-residente\/#primaryimage"},"image":{"@id":"https:\/\/noti-america.com\/site\/argentina\/2026\/01\/01\/nos-escuchamos-y-nos-entendimos-j-balvin-confirma-su-reconciliacion-con-residente\/#primaryimage"},"thumbnailUrl":"https:\/\/noti-america.com\/site\/argentina\/wp-content\/uploads\/sites\/24\/2026\/01\/SaveInsta.to_610332998_18576733231050863_6819248339605688171_n.jpg","datePublished":"2026-01-01T16:12:48+00:00","breadcrumb":{"@id":"https:\/\/noti-america.com\/site\/argentina\/2026\/01\/01\/nos-escuchamos-y-nos-entendimos-j-balvin-confirma-su-reconciliacion-con-residente\/#breadcrumb"},"inLanguage":"es","potentialAction":[{"@type":"ReadAction","target":["https:\/\/noti-america.com\/site\/argentina\/2026\/01\/01\/nos-escuchamos-y-nos-entendimos-j-balvin-confirma-su-reconciliacion-con-residente\/"]}]},{"@type":"ImageObject","inLanguage":"es","@id":"https:\/\/noti-america.com\/site\/argentina\/2026\/01\/01\/nos-escuchamos-y-nos-entendimos-j-balvin-confirma-su-reconciliacion-con-residente\/#primaryimage","url":"https:\/\/noti-america.com\/site\/argentina\/wp-content\/uploads\/sites\/24\/2026\/01\/SaveInsta.to_610332998_18576733231050863_6819248339605688171_n.jpg","contentUrl":"https:\/\/noti-america.com\/site\/argentina\/wp-content\/uploads\/sites\/24\/2026\/01\/SaveInsta.to_610332998_18576733231050863_6819248339605688171_n.jpg","width":1080,"height":889},{"@type":"BreadcrumbList","@id":"https:\/\/noti-america.com\/site\/argentina\/2026\/01\/01\/nos-escuchamos-y-nos-entendimos-j-balvin-confirma-su-reconciliacion-con-residente\/#breadcrumb","itemListElement":[{"@type":"ListItem","position":1,"name":"Portada","item":"https:\/\/noti-america.com\/site\/argentina\/"},{"@type":"ListItem","position":2,"name":"\u00abNos escuchamos y nos entendimos\u00bb: J Balvin confirma su reconciliaci\u00f3n con Residente"}]},{"@type":"WebSite","@id":"https:\/\/noti-america.com\/site\/argentina\/#website","url":"https:\/\/noti-america.com\/site\/argentina\/","name":"Argentina | Noti-America.com","description":"","publisher":{"@id":"https:\/\/noti-america.com\/site\/argentina\/#organization"},"potentialAction":[{"@type":"SearchAction","target":{"@type":"EntryPoint","urlTemplate":"https:\/\/noti-america.com\/site\/argentina\/?s={search_term_string}"},"query-input":{"@type":"PropertyValueSpecification","valueRequired":true,"valueName":"search_term_string"}}],"inLanguage":"es"},{"@type":"Organization","@id":"https:\/\/noti-america.com\/site\/argentina\/#organization","name":"Noti-America LLC | Argentina","url":"https:\/\/noti-america.com\/site\/argentina\/","logo":{"@type":"ImageObject","inLanguage":"es","@id":"https:\/\/noti-america.com\/site\/argentina\/#\/schema\/logo\/image\/","url":"https:\/\/noti-america.com\/site\/argentina\/wp-content\/uploads\/sites\/24\/2020\/07\/LogoNA-4x3-1.jpg","contentUrl":"https:\/\/noti-america.com\/site\/argentina\/wp-content\/uploads\/sites\/24\/2020\/07\/LogoNA-4x3-1.jpg","width":1236,"height":1080,"caption":"Noti-America LLC | Argentina"},"image":{"@id":"https:\/\/noti-america.com\/site\/argentina\/#\/schema\/logo\/image\/"},"sameAs":["https:\/\/x.com\/inotiamerica"]},{"@type":"Person","@id":"https:\/\/noti-america.com\/site\/argentina\/#\/schema\/person\/22806efcc2cfc4b45efb0e17be210ea8","name":"Maria Valentina Noguera Medina","image":{"@type":"ImageObject","inLanguage":"es","@id":"https:\/\/secure.gravatar.com\/avatar\/4ec5eb9d099f2608a49c9df6f7341f66f04f819cdffa09d56a7a0e91d2819d56?s=96&d=mm&r=g","url":"https:\/\/secure.gravatar.com\/avatar\/4ec5eb9d099f2608a49c9df6f7341f66f04f819cdffa09d56a7a0e91d2819d56?s=96&d=mm&r=g","contentUrl":"https:\/\/secure.gravatar.com\/avatar\/4ec5eb9d099f2608a49c9df6f7341f66f04f819cdffa09d56a7a0e91d2819d56?s=96&d=mm&r=g","caption":"Maria Valentina Noguera Medina"},"description":"Periodista - noti-america - Promar Community Manager - Talento Plus Dise\u00f1adora\/ creadora de contenido...","sameAs":["Mar\u00eda Valentina Noguera","https:\/\/www.facebook.com\/mariavalentina.noguera","https:\/\/www.linkedin.com\/in\/mara-valentina-noguera-medina-373075165\/","https:\/\/www.pinterest.es\/valentinanoguera95\/","https:\/\/www.youtube.com\/channel\/UCdek6mbUZ-Tqqw0I63i4nmQ"],"url":"https:\/\/noti-america.com\/site\/argentina\/author\/mnoguera\/"}]}},"_links":{"self":[{"href":"https:\/\/noti-america.com\/site\/argentina\/wp-json\/wp\/v2\/posts\/15319","targetHints":{"allow":["GET"]}}],"collection":[{"href":"https:\/\/noti-america.com\/site\/argentina\/wp-json\/wp\/v2\/posts"}],"about":[{"href":"https:\/\/noti-america.com\/site\/argentina\/wp-json\/wp\/v2\/types\/post"}],"author":[{"embeddable":true,"href":"https:\/\/noti-america.com\/site\/argentina\/wp-json\/wp\/v2\/users\/133"}],"replies":[{"embeddable":true,"href":"https:\/\/noti-america.com\/site\/argentina\/wp-json\/wp\/v2\/comments?post=15319"}],"version-history":[{"count":1,"href":"https:\/\/noti-america.com\/site\/argentina\/wp-json\/wp\/v2\/posts\/15319\/revisions"}],"predecessor-version":[{"id":15321,"href":"https:\/\/noti-america.com\/site\/argentina\/wp-json\/wp\/v2\/posts\/15319\/revisions\/15321"}],"wp:featuredmedia":[{"embeddable":true,"href":"https:\/\/noti-america.com\/site\/argentina\/wp-json\/wp\/v2\/media\/15320"}],"wp:attachment":[{"href":"https:\/\/noti-america.com\/site\/argentina\/wp-json\/wp\/v2\/media?parent=15319"}],"wp:term":[{"taxonomy":"category","embeddable":true,"href":"https:\/\/noti-america.com\/site\/argentina\/wp-json\/wp\/v2\/categories?post=15319"},{"taxonomy":"post_tag","embeddable":true,"href":"https:\/\/noti-america.com\/site\/argentina\/wp-json\/wp\/v2\/tags?post=15319"}],"curies":[{"name":"wp","href":"https:\/\/api.w.org\/{rel}","templated":true}]}}