{"id":14468,"date":"2025-10-08T12:35:01","date_gmt":"2025-10-08T15:35:01","guid":{"rendered":"https:\/\/noti-america.com\/site\/argentina\/?p=14468"},"modified":"2025-10-08T12:35:01","modified_gmt":"2025-10-08T15:35:01","slug":"crecer-con-perros-podria-reducir-el-riesgo-de-asma-en-ninos","status":"publish","type":"post","link":"https:\/\/noti-america.com\/site\/argentina\/2025\/10\/08\/crecer-con-perros-podria-reducir-el-riesgo-de-asma-en-ninos\/","title":{"rendered":"Crecer con perros podr\u00eda reducir el riesgo de asma en ni\u00f1os"},"content":{"rendered":"<p>NOTI-AMERICA.COM | ARGENTINA<\/p>\n<p class=\"p1\" style=\"text-align: justify\">Un estudio reciente sugiere que los beb\u00e9s criados en hogares con perros podr\u00edan tener una menor probabilidad de desarrollar asma infantil. Los hallazgos, presentados este domingo en una reuni\u00f3n de la Sociedad Respiratoria Europea en \u00c1msterdam, apuntan a que la exposici\u00f3n temprana a los al\u00e9rgenos caninos podr\u00eda tener un efecto protector en el sistema respiratorio de los m\u00e1s peque\u00f1os. Esta investigaci\u00f3n abre nuevas v\u00edas para entender c\u00f3mo el ambiente en el que crecemos influye en nuestra salud a largo plazo.<\/p>\n<figure class=\"wp-block-image size-large\" style=\"text-align: justify\"><img loading=\"lazy\" decoding=\"async\" class=\"wp-image-64905\" src=\"https:\/\/noticiasdeaqui.co\/wp-content\/uploads\/2025\/10\/photo-output-6.jpg?w=819\" width=\"819\" height=\"1023\" data-attachment-id=\"64905\" data-permalink=\"https:\/\/noticiasdeaqui.co\/photo-output-6-19\/\" data-orig-file=\"https:\/\/noticiasdeaqui.co\/wp-content\/uploads\/2025\/10\/photo-output-6.jpg\" data-orig-size=\"1600,2000\" data-comments-opened=\"0\" data-image-meta=\"{&quot;aperture&quot;:&quot;0&quot;,&quot;credit&quot;:&quot;&quot;,&quot;camera&quot;:&quot;&quot;,&quot;caption&quot;:&quot;&quot;,&quot;created_timestamp&quot;:&quot;0&quot;,&quot;copyright&quot;:&quot;&quot;,&quot;focal_length&quot;:&quot;0&quot;,&quot;iso&quot;:&quot;0&quot;,&quot;shutter_speed&quot;:&quot;0&quot;,&quot;title&quot;:&quot;&quot;,&quot;orientation&quot;:&quot;1&quot;}\" data-image-title=\"photo-output-6\" data-image-description=\"\" data-image-caption=\"\" data-medium-file=\"https:\/\/noticiasdeaqui.co\/wp-content\/uploads\/2025\/10\/photo-output-6.jpg?w=240\" data-large-file=\"https:\/\/noticiasdeaqui.co\/wp-content\/uploads\/2025\/10\/photo-output-6.jpg?w=819\" \/><\/figure>\n<p class=\"p1\" style=\"text-align: justify\">Curiosamente, el estudio no encontr\u00f3 el mismo beneficio en los hogares con gatos. Seg\u00fan el investigador principal, Jacob McCoy, estudiante de posgrado en el Hospital para Ni\u00f1os Enfermos de Toronto, no se observ\u00f3 ninguna asociaci\u00f3n entre la exposici\u00f3n a los al\u00e9rgenos de los gatos y una menor incidencia de asma. Esta distinci\u00f3n sugiere que los al\u00e9rgenos de diferentes animales podr\u00edan interactuar de maneras muy distintas con el sistema inmunitario en desarrollo de un ni\u00f1o.<\/p>\n<p class=\"p1\" style=\"text-align: justify\">\u00abEncontramos que, aunque los al\u00e9rgenos de los gatos no mostraron ninguna asociaci\u00f3n, la exposici\u00f3n a los al\u00e9rgenos de los perros se vincul\u00f3 con una mejor funci\u00f3n pulmonar y un menor riesgo de asma\u00bb, afirm\u00f3 McCoy en un comunicado de prensa. Los resultados del equipo de Toronto refuerzan la idea de que ciertos tipos de exposici\u00f3n ambiental durante los primeros a\u00f1os de vida son clave para la prevenci\u00f3n de enfermedades al\u00e9rgicas y respiratorias.<\/p>\n","protected":false},"excerpt":{"rendered":"<p>NOTI-AMERICA.COM | ARGENTINA Un estudio reciente sugiere que los beb\u00e9s criados en hogares con perros podr\u00edan tener una menor probabilidad de desarrollar asma infantil. Los hallazgos, presentados este domingo en una reuni\u00f3n de la&#46;&#46;&#46;<\/p>\n","protected":false},"author":133,"featured_media":14469,"comment_status":"open","ping_status":"open","sticky":false,"template":"","format":"image","meta":{"_acf_changed":false,"om_disable_all_campaigns":false,"rop_custom_images_group":[],"rop_custom_messages_group":[],"rop_publish_now":"initial","rop_publish_now_accounts":{"twitter_242054905_242054905":""},"rop_publish_now_history":[],"rop_publish_now_status":"pending","_uf_show_specific_survey":0,"_uf_disable_surveys":false,"footnotes":""},"categories":[393],"tags":[],"class_list":["post-14468","post","type-post","status-publish","format-image","has-post-thumbnail","hentry","category-curiosidades","post_format-post-format-image"],"acf":[],"aioseo_notices":[],"yoast_head":"<!-- This site is optimized with the Yoast SEO Premium plugin v24.9 (Yoast SEO v27.2) - https:\/\/yoast.com\/product\/yoast-seo-premium-wordpress\/ -->\n<title>Crecer con perros podr\u00eda reducir el riesgo de asma en ni\u00f1os - Argentina | Noti-America.com<\/title>\n<meta name=\"robots\" content=\"index, follow, max-snippet:-1, max-image-preview:large, max-video-preview:-1\" \/>\n<link rel=\"canonical\" href=\"https:\/\/noti-america.com\/site\/argentina\/2025\/10\/08\/crecer-con-perros-podria-reducir-el-riesgo-de-asma-en-ninos\/\" \/>\n<meta property=\"og:locale\" content=\"es_ES\" \/>\n<meta property=\"og:type\" content=\"article\" \/>\n<meta property=\"og:title\" content=\"Crecer con perros podr\u00eda reducir el riesgo de asma en ni\u00f1os\" \/>\n<meta property=\"og:description\" content=\"NOTI-AMERICA.COM | ARGENTINA Un estudio reciente sugiere que los beb\u00e9s criados en hogares con perros podr\u00edan tener una menor probabilidad de desarrollar asma infantil. Los hallazgos, presentados este domingo en una reuni\u00f3n de la&#046;&#046;&#046;\" \/>\n<meta property=\"og:url\" content=\"https:\/\/noti-america.com\/site\/argentina\/2025\/10\/08\/crecer-con-perros-podria-reducir-el-riesgo-de-asma-en-ninos\/\" \/>\n<meta property=\"og:site_name\" content=\"Argentina | Noti-America.com\" \/>\n<meta property=\"article:author\" content=\"Mar\u00eda Valentina Noguera\" \/>\n<meta property=\"article:published_time\" content=\"2025-10-08T15:35:01+00:00\" \/>\n<meta property=\"og:image\" content=\"https:\/\/noti-america.com\/site\/argentina\/wp-content\/uploads\/sites\/24\/2025\/10\/Screenshot_8-10-2025_113352_noticiasdeaqui.co_.jpeg\" \/>\n\t<meta property=\"og:image:width\" content=\"974\" \/>\n\t<meta property=\"og:image:height\" content=\"584\" \/>\n\t<meta property=\"og:image:type\" content=\"image\/jpeg\" \/>\n<meta name=\"author\" content=\"Maria Valentina Noguera Medina\" \/>\n<meta name=\"twitter:card\" content=\"summary_large_image\" \/>\n<meta name=\"twitter:creator\" content=\"@inotiamerica\" \/>\n<meta name=\"twitter:site\" content=\"@inotiamerica\" \/>\n<meta name=\"twitter:label1\" content=\"Escrito por\" \/>\n\t<meta name=\"twitter:data1\" content=\"Maria Valentina Noguera Medina\" \/>\n\t<meta name=\"twitter:label2\" content=\"Tiempo estimado de lectura\" \/>\n\t<meta name=\"twitter:data2\" content=\"2 minutos\" \/>\n<script type=\"application\/ld+json\" class=\"yoast-schema-graph\">{\"@context\":\"https:\/\/schema.org\",\"@graph\":[{\"@type\":\"Article\",\"@id\":\"https:\/\/noti-america.com\/site\/argentina\/2025\/10\/08\/crecer-con-perros-podria-reducir-el-riesgo-de-asma-en-ninos\/#article\",\"isPartOf\":{\"@id\":\"https:\/\/noti-america.com\/site\/argentina\/2025\/10\/08\/crecer-con-perros-podria-reducir-el-riesgo-de-asma-en-ninos\/\"},\"author\":{\"name\":\"Maria Valentina Noguera Medina\",\"@id\":\"https:\/\/noti-america.com\/site\/argentina\/#\/schema\/person\/22806efcc2cfc4b45efb0e17be210ea8\"},\"headline\":\"Crecer con perros podr\u00eda reducir el riesgo de asma en ni\u00f1os\",\"datePublished\":\"2025-10-08T15:35:01+00:00\",\"mainEntityOfPage\":{\"@id\":\"https:\/\/noti-america.com\/site\/argentina\/2025\/10\/08\/crecer-con-perros-podria-reducir-el-riesgo-de-asma-en-ninos\/\"},\"wordCount\":271,\"commentCount\":0,\"publisher\":{\"@id\":\"https:\/\/noti-america.com\/site\/argentina\/#organization\"},\"image\":{\"@id\":\"https:\/\/noti-america.com\/site\/argentina\/2025\/10\/08\/crecer-con-perros-podria-reducir-el-riesgo-de-asma-en-ninos\/#primaryimage\"},\"thumbnailUrl\":\"https:\/\/noti-america.com\/site\/argentina\/wp-content\/uploads\/sites\/24\/2025\/10\/Screenshot_8-10-2025_113352_noticiasdeaqui.co_.jpeg\",\"articleSection\":[\"Curiosidades\"],\"inLanguage\":\"es\",\"potentialAction\":[{\"@type\":\"CommentAction\",\"name\":\"Comment\",\"target\":[\"https:\/\/noti-america.com\/site\/argentina\/2025\/10\/08\/crecer-con-perros-podria-reducir-el-riesgo-de-asma-en-ninos\/#respond\"]}]},{\"@type\":\"WebPage\",\"@id\":\"https:\/\/noti-america.com\/site\/argentina\/2025\/10\/08\/crecer-con-perros-podria-reducir-el-riesgo-de-asma-en-ninos\/\",\"url\":\"https:\/\/noti-america.com\/site\/argentina\/2025\/10\/08\/crecer-con-perros-podria-reducir-el-riesgo-de-asma-en-ninos\/\",\"name\":\"Crecer con perros podr\u00eda reducir el riesgo de asma en ni\u00f1os - Argentina | Noti-America.com\",\"isPartOf\":{\"@id\":\"https:\/\/noti-america.com\/site\/argentina\/#website\"},\"primaryImageOfPage\":{\"@id\":\"https:\/\/noti-america.com\/site\/argentina\/2025\/10\/08\/crecer-con-perros-podria-reducir-el-riesgo-de-asma-en-ninos\/#primaryimage\"},\"image\":{\"@id\":\"https:\/\/noti-america.com\/site\/argentina\/2025\/10\/08\/crecer-con-perros-podria-reducir-el-riesgo-de-asma-en-ninos\/#primaryimage\"},\"thumbnailUrl\":\"https:\/\/noti-america.com\/site\/argentina\/wp-content\/uploads\/sites\/24\/2025\/10\/Screenshot_8-10-2025_113352_noticiasdeaqui.co_.jpeg\",\"datePublished\":\"2025-10-08T15:35:01+00:00\",\"breadcrumb\":{\"@id\":\"https:\/\/noti-america.com\/site\/argentina\/2025\/10\/08\/crecer-con-perros-podria-reducir-el-riesgo-de-asma-en-ninos\/#breadcrumb\"},\"inLanguage\":\"es\",\"potentialAction\":[{\"@type\":\"ReadAction\",\"target\":[\"https:\/\/noti-america.com\/site\/argentina\/2025\/10\/08\/crecer-con-perros-podria-reducir-el-riesgo-de-asma-en-ninos\/\"]}]},{\"@type\":\"ImageObject\",\"inLanguage\":\"es\",\"@id\":\"https:\/\/noti-america.com\/site\/argentina\/2025\/10\/08\/crecer-con-perros-podria-reducir-el-riesgo-de-asma-en-ninos\/#primaryimage\",\"url\":\"https:\/\/noti-america.com\/site\/argentina\/wp-content\/uploads\/sites\/24\/2025\/10\/Screenshot_8-10-2025_113352_noticiasdeaqui.co_.jpeg\",\"contentUrl\":\"https:\/\/noti-america.com\/site\/argentina\/wp-content\/uploads\/sites\/24\/2025\/10\/Screenshot_8-10-2025_113352_noticiasdeaqui.co_.jpeg\",\"width\":974,\"height\":584},{\"@type\":\"BreadcrumbList\",\"@id\":\"https:\/\/noti-america.com\/site\/argentina\/2025\/10\/08\/crecer-con-perros-podria-reducir-el-riesgo-de-asma-en-ninos\/#breadcrumb\",\"itemListElement\":[{\"@type\":\"ListItem\",\"position\":1,\"name\":\"Portada\",\"item\":\"https:\/\/noti-america.com\/site\/argentina\/\"},{\"@type\":\"ListItem\",\"position\":2,\"name\":\"Crecer con perros podr\u00eda reducir el riesgo de asma en ni\u00f1os\"}]},{\"@type\":\"WebSite\",\"@id\":\"https:\/\/noti-america.com\/site\/argentina\/#website\",\"url\":\"https:\/\/noti-america.com\/site\/argentina\/\",\"name\":\"Argentina | Noti-America.com\",\"description\":\"\",\"publisher\":{\"@id\":\"https:\/\/noti-america.com\/site\/argentina\/#organization\"},\"potentialAction\":[{\"@type\":\"SearchAction\",\"target\":{\"@type\":\"EntryPoint\",\"urlTemplate\":\"https:\/\/noti-america.com\/site\/argentina\/?s={search_term_string}\"},\"query-input\":{\"@type\":\"PropertyValueSpecification\",\"valueRequired\":true,\"valueName\":\"search_term_string\"}}],\"inLanguage\":\"es\"},{\"@type\":\"Organization\",\"@id\":\"https:\/\/noti-america.com\/site\/argentina\/#organization\",\"name\":\"Noti-America LLC | Argentina\",\"url\":\"https:\/\/noti-america.com\/site\/argentina\/\",\"logo\":{\"@type\":\"ImageObject\",\"inLanguage\":\"es\",\"@id\":\"https:\/\/noti-america.com\/site\/argentina\/#\/schema\/logo\/image\/\",\"url\":\"https:\/\/noti-america.com\/site\/argentina\/wp-content\/uploads\/sites\/24\/2020\/07\/LogoNA-4x3-1.jpg\",\"contentUrl\":\"https:\/\/noti-america.com\/site\/argentina\/wp-content\/uploads\/sites\/24\/2020\/07\/LogoNA-4x3-1.jpg\",\"width\":1236,\"height\":1080,\"caption\":\"Noti-America LLC | Argentina\"},\"image\":{\"@id\":\"https:\/\/noti-america.com\/site\/argentina\/#\/schema\/logo\/image\/\"},\"sameAs\":[\"https:\/\/x.com\/inotiamerica\"]},{\"@type\":\"Person\",\"@id\":\"https:\/\/noti-america.com\/site\/argentina\/#\/schema\/person\/22806efcc2cfc4b45efb0e17be210ea8\",\"name\":\"Maria Valentina Noguera Medina\",\"image\":{\"@type\":\"ImageObject\",\"inLanguage\":\"es\",\"@id\":\"https:\/\/secure.gravatar.com\/avatar\/4ec5eb9d099f2608a49c9df6f7341f66f04f819cdffa09d56a7a0e91d2819d56?s=96&d=mm&r=g\",\"url\":\"https:\/\/secure.gravatar.com\/avatar\/4ec5eb9d099f2608a49c9df6f7341f66f04f819cdffa09d56a7a0e91d2819d56?s=96&d=mm&r=g\",\"contentUrl\":\"https:\/\/secure.gravatar.com\/avatar\/4ec5eb9d099f2608a49c9df6f7341f66f04f819cdffa09d56a7a0e91d2819d56?s=96&d=mm&r=g\",\"caption\":\"Maria Valentina Noguera Medina\"},\"description\":\"Periodista - noti-america - Promar Community Manager - Talento Plus Dise\u00f1adora\/ creadora de contenido...\",\"sameAs\":[\"Mar\u00eda Valentina Noguera\",\"https:\/\/www.facebook.com\/mariavalentina.noguera\",\"https:\/\/www.linkedin.com\/in\/mara-valentina-noguera-medina-373075165\/\",\"https:\/\/www.pinterest.es\/valentinanoguera95\/\",\"https:\/\/www.youtube.com\/channel\/UCdek6mbUZ-Tqqw0I63i4nmQ\"],\"url\":\"https:\/\/noti-america.com\/site\/argentina\/author\/mnoguera\/\"}]}<\/script>\n<!-- \/ Yoast SEO Premium plugin. -->","yoast_head_json":{"title":"Crecer con perros podr\u00eda reducir el riesgo de asma en ni\u00f1os - Argentina | Noti-America.com","robots":{"index":"index","follow":"follow","max-snippet":"max-snippet:-1","max-image-preview":"max-image-preview:large","max-video-preview":"max-video-preview:-1"},"canonical":"https:\/\/noti-america.com\/site\/argentina\/2025\/10\/08\/crecer-con-perros-podria-reducir-el-riesgo-de-asma-en-ninos\/","og_locale":"es_ES","og_type":"article","og_title":"Crecer con perros podr\u00eda reducir el riesgo de asma en ni\u00f1os","og_description":"NOTI-AMERICA.COM | ARGENTINA Un estudio reciente sugiere que los beb\u00e9s criados en hogares con perros podr\u00edan tener una menor probabilidad de desarrollar asma infantil. Los hallazgos, presentados este domingo en una reuni\u00f3n de la&#46;&#46;&#46;","og_url":"https:\/\/noti-america.com\/site\/argentina\/2025\/10\/08\/crecer-con-perros-podria-reducir-el-riesgo-de-asma-en-ninos\/","og_site_name":"Argentina | Noti-America.com","article_author":"Mar\u00eda Valentina Noguera","article_published_time":"2025-10-08T15:35:01+00:00","og_image":[{"width":974,"height":584,"url":"https:\/\/noti-america.com\/site\/argentina\/wp-content\/uploads\/sites\/24\/2025\/10\/Screenshot_8-10-2025_113352_noticiasdeaqui.co_.jpeg","type":"image\/jpeg"}],"author":"Maria Valentina Noguera Medina","twitter_card":"summary_large_image","twitter_creator":"@inotiamerica","twitter_site":"@inotiamerica","twitter_misc":{"Escrito por":"Maria Valentina Noguera Medina","Tiempo estimado de lectura":"2 minutos"},"schema":{"@context":"https:\/\/schema.org","@graph":[{"@type":"Article","@id":"https:\/\/noti-america.com\/site\/argentina\/2025\/10\/08\/crecer-con-perros-podria-reducir-el-riesgo-de-asma-en-ninos\/#article","isPartOf":{"@id":"https:\/\/noti-america.com\/site\/argentina\/2025\/10\/08\/crecer-con-perros-podria-reducir-el-riesgo-de-asma-en-ninos\/"},"author":{"name":"Maria Valentina Noguera Medina","@id":"https:\/\/noti-america.com\/site\/argentina\/#\/schema\/person\/22806efcc2cfc4b45efb0e17be210ea8"},"headline":"Crecer con perros podr\u00eda reducir el riesgo de asma en ni\u00f1os","datePublished":"2025-10-08T15:35:01+00:00","mainEntityOfPage":{"@id":"https:\/\/noti-america.com\/site\/argentina\/2025\/10\/08\/crecer-con-perros-podria-reducir-el-riesgo-de-asma-en-ninos\/"},"wordCount":271,"commentCount":0,"publisher":{"@id":"https:\/\/noti-america.com\/site\/argentina\/#organization"},"image":{"@id":"https:\/\/noti-america.com\/site\/argentina\/2025\/10\/08\/crecer-con-perros-podria-reducir-el-riesgo-de-asma-en-ninos\/#primaryimage"},"thumbnailUrl":"https:\/\/noti-america.com\/site\/argentina\/wp-content\/uploads\/sites\/24\/2025\/10\/Screenshot_8-10-2025_113352_noticiasdeaqui.co_.jpeg","articleSection":["Curiosidades"],"inLanguage":"es","potentialAction":[{"@type":"CommentAction","name":"Comment","target":["https:\/\/noti-america.com\/site\/argentina\/2025\/10\/08\/crecer-con-perros-podria-reducir-el-riesgo-de-asma-en-ninos\/#respond"]}]},{"@type":"WebPage","@id":"https:\/\/noti-america.com\/site\/argentina\/2025\/10\/08\/crecer-con-perros-podria-reducir-el-riesgo-de-asma-en-ninos\/","url":"https:\/\/noti-america.com\/site\/argentina\/2025\/10\/08\/crecer-con-perros-podria-reducir-el-riesgo-de-asma-en-ninos\/","name":"Crecer con perros podr\u00eda reducir el riesgo de asma en ni\u00f1os - Argentina | Noti-America.com","isPartOf":{"@id":"https:\/\/noti-america.com\/site\/argentina\/#website"},"primaryImageOfPage":{"@id":"https:\/\/noti-america.com\/site\/argentina\/2025\/10\/08\/crecer-con-perros-podria-reducir-el-riesgo-de-asma-en-ninos\/#primaryimage"},"image":{"@id":"https:\/\/noti-america.com\/site\/argentina\/2025\/10\/08\/crecer-con-perros-podria-reducir-el-riesgo-de-asma-en-ninos\/#primaryimage"},"thumbnailUrl":"https:\/\/noti-america.com\/site\/argentina\/wp-content\/uploads\/sites\/24\/2025\/10\/Screenshot_8-10-2025_113352_noticiasdeaqui.co_.jpeg","datePublished":"2025-10-08T15:35:01+00:00","breadcrumb":{"@id":"https:\/\/noti-america.com\/site\/argentina\/2025\/10\/08\/crecer-con-perros-podria-reducir-el-riesgo-de-asma-en-ninos\/#breadcrumb"},"inLanguage":"es","potentialAction":[{"@type":"ReadAction","target":["https:\/\/noti-america.com\/site\/argentina\/2025\/10\/08\/crecer-con-perros-podria-reducir-el-riesgo-de-asma-en-ninos\/"]}]},{"@type":"ImageObject","inLanguage":"es","@id":"https:\/\/noti-america.com\/site\/argentina\/2025\/10\/08\/crecer-con-perros-podria-reducir-el-riesgo-de-asma-en-ninos\/#primaryimage","url":"https:\/\/noti-america.com\/site\/argentina\/wp-content\/uploads\/sites\/24\/2025\/10\/Screenshot_8-10-2025_113352_noticiasdeaqui.co_.jpeg","contentUrl":"https:\/\/noti-america.com\/site\/argentina\/wp-content\/uploads\/sites\/24\/2025\/10\/Screenshot_8-10-2025_113352_noticiasdeaqui.co_.jpeg","width":974,"height":584},{"@type":"BreadcrumbList","@id":"https:\/\/noti-america.com\/site\/argentina\/2025\/10\/08\/crecer-con-perros-podria-reducir-el-riesgo-de-asma-en-ninos\/#breadcrumb","itemListElement":[{"@type":"ListItem","position":1,"name":"Portada","item":"https:\/\/noti-america.com\/site\/argentina\/"},{"@type":"ListItem","position":2,"name":"Crecer con perros podr\u00eda reducir el riesgo de asma en ni\u00f1os"}]},{"@type":"WebSite","@id":"https:\/\/noti-america.com\/site\/argentina\/#website","url":"https:\/\/noti-america.com\/site\/argentina\/","name":"Argentina | Noti-America.com","description":"","publisher":{"@id":"https:\/\/noti-america.com\/site\/argentina\/#organization"},"potentialAction":[{"@type":"SearchAction","target":{"@type":"EntryPoint","urlTemplate":"https:\/\/noti-america.com\/site\/argentina\/?s={search_term_string}"},"query-input":{"@type":"PropertyValueSpecification","valueRequired":true,"valueName":"search_term_string"}}],"inLanguage":"es"},{"@type":"Organization","@id":"https:\/\/noti-america.com\/site\/argentina\/#organization","name":"Noti-America LLC | Argentina","url":"https:\/\/noti-america.com\/site\/argentina\/","logo":{"@type":"ImageObject","inLanguage":"es","@id":"https:\/\/noti-america.com\/site\/argentina\/#\/schema\/logo\/image\/","url":"https:\/\/noti-america.com\/site\/argentina\/wp-content\/uploads\/sites\/24\/2020\/07\/LogoNA-4x3-1.jpg","contentUrl":"https:\/\/noti-america.com\/site\/argentina\/wp-content\/uploads\/sites\/24\/2020\/07\/LogoNA-4x3-1.jpg","width":1236,"height":1080,"caption":"Noti-America LLC | Argentina"},"image":{"@id":"https:\/\/noti-america.com\/site\/argentina\/#\/schema\/logo\/image\/"},"sameAs":["https:\/\/x.com\/inotiamerica"]},{"@type":"Person","@id":"https:\/\/noti-america.com\/site\/argentina\/#\/schema\/person\/22806efcc2cfc4b45efb0e17be210ea8","name":"Maria Valentina Noguera Medina","image":{"@type":"ImageObject","inLanguage":"es","@id":"https:\/\/secure.gravatar.com\/avatar\/4ec5eb9d099f2608a49c9df6f7341f66f04f819cdffa09d56a7a0e91d2819d56?s=96&d=mm&r=g","url":"https:\/\/secure.gravatar.com\/avatar\/4ec5eb9d099f2608a49c9df6f7341f66f04f819cdffa09d56a7a0e91d2819d56?s=96&d=mm&r=g","contentUrl":"https:\/\/secure.gravatar.com\/avatar\/4ec5eb9d099f2608a49c9df6f7341f66f04f819cdffa09d56a7a0e91d2819d56?s=96&d=mm&r=g","caption":"Maria Valentina Noguera Medina"},"description":"Periodista - noti-america - Promar Community Manager - Talento Plus Dise\u00f1adora\/ creadora de contenido...","sameAs":["Mar\u00eda Valentina Noguera","https:\/\/www.facebook.com\/mariavalentina.noguera","https:\/\/www.linkedin.com\/in\/mara-valentina-noguera-medina-373075165\/","https:\/\/www.pinterest.es\/valentinanoguera95\/","https:\/\/www.youtube.com\/channel\/UCdek6mbUZ-Tqqw0I63i4nmQ"],"url":"https:\/\/noti-america.com\/site\/argentina\/author\/mnoguera\/"}]}},"_links":{"self":[{"href":"https:\/\/noti-america.com\/site\/argentina\/wp-json\/wp\/v2\/posts\/14468","targetHints":{"allow":["GET"]}}],"collection":[{"href":"https:\/\/noti-america.com\/site\/argentina\/wp-json\/wp\/v2\/posts"}],"about":[{"href":"https:\/\/noti-america.com\/site\/argentina\/wp-json\/wp\/v2\/types\/post"}],"author":[{"embeddable":true,"href":"https:\/\/noti-america.com\/site\/argentina\/wp-json\/wp\/v2\/users\/133"}],"replies":[{"embeddable":true,"href":"https:\/\/noti-america.com\/site\/argentina\/wp-json\/wp\/v2\/comments?post=14468"}],"version-history":[{"count":1,"href":"https:\/\/noti-america.com\/site\/argentina\/wp-json\/wp\/v2\/posts\/14468\/revisions"}],"predecessor-version":[{"id":14470,"href":"https:\/\/noti-america.com\/site\/argentina\/wp-json\/wp\/v2\/posts\/14468\/revisions\/14470"}],"wp:featuredmedia":[{"embeddable":true,"href":"https:\/\/noti-america.com\/site\/argentina\/wp-json\/wp\/v2\/media\/14469"}],"wp:attachment":[{"href":"https:\/\/noti-america.com\/site\/argentina\/wp-json\/wp\/v2\/media?parent=14468"}],"wp:term":[{"taxonomy":"category","embeddable":true,"href":"https:\/\/noti-america.com\/site\/argentina\/wp-json\/wp\/v2\/categories?post=14468"},{"taxonomy":"post_tag","embeddable":true,"href":"https:\/\/noti-america.com\/site\/argentina\/wp-json\/wp\/v2\/tags?post=14468"}],"curies":[{"name":"wp","href":"https:\/\/api.w.org\/{rel}","templated":true}]}}