{"id":11889,"date":"2025-06-13T11:58:38","date_gmt":"2025-06-13T14:58:38","guid":{"rendered":"https:\/\/noti-america.com\/site\/argentina\/?p=11889"},"modified":"2025-06-13T11:58:38","modified_gmt":"2025-06-13T14:58:38","slug":"emily-blunt-pronostica-una-batalla-glamorosa-el-diablo-viste-a-la-moda-2","status":"publish","type":"post","link":"https:\/\/noti-america.com\/site\/argentina\/2025\/06\/13\/emily-blunt-pronostica-una-batalla-glamorosa-el-diablo-viste-a-la-moda-2\/","title":{"rendered":"Emily Blunt pronostica una batalla glamorosa \u201cEl diablo viste a la moda 2\u201d"},"content":{"rendered":"<div>\n<p>NOTI-AMERICA.COM | ARGENTINA<\/p>\n<p style=\"text-align: justify\">Dos d\u00e9cadas despu\u00e9s de que El diablo viste a la moda deslumbrara al p\u00fablico con su \u00e1cida s\u00e1tira del mundo de la moda, su esperada secuela promete un duelo de alto calibre entre dos de sus protagonistas m\u00e1s emblem\u00e1ticas.<\/p>\n<p style=\"text-align: justify\">Durante la gala anual del Instituto Americano para la Tartamudez, Emily Blunt habl\u00f3 con Entertainment Tonight sobre lo que se avecina en la continuaci\u00f3n de la exitosa pel\u00edcula de 2006.<\/p>\n<p style=\"text-align: justify\">Aunque a\u00fan no ha le\u00eddo el guion, la actriz de 42 a\u00f1os confirm\u00f3 su entusiasmo y abord\u00f3 los rumores de que su personaje, Emily Charlton, ha ascendido hasta convertirse en una poderosa ejecutiva de una firma de lujo, enfrent\u00e1ndose ahora a su antigua jefa, la temida Miranda Priestly.<\/p>\n<p style=\"text-align: justify\">\u201c\u00bfPor qu\u00e9 Meryl y yo siempre somos tan crueles entre nosotras en cada pel\u00edcula que hacemos? Siempre hay alg\u00fan conflicto entre nosotras. No s\u00e9 qu\u00e9 pasa. Ojal\u00e1 lo solucionemos esta vez. No estoy segura\u201d, brome\u00f3.<\/p>\n<p style=\"text-align: justify\">Esta no ser\u00eda la primera vez que ambas actrices comparten pantalla: adem\u00e1s de El diablo viste a la moda, han coincidido en producciones como Into the Woods y Mary Poppins Returns.<\/p>\n<p style=\"text-align: justify\">Aunque Emily Blunt no ha confirmado los detalles del guion, se mostr\u00f3 entusiasmada por volver a un personaje que marc\u00f3 un punto de inflexi\u00f3n en su carrera. \u201cHan pasado 20 a\u00f1os\u2026 se han ido en un parpadeo\u201d, dijo con nostalgia.<\/p>\n<p style=\"text-align: justify\">Por si fuera poco, la actriz tambi\u00e9n coment\u00f3 que sus hijas Hazel (11 a\u00f1os) y Violet (9 a\u00f1os), fruto de su matrimonio con el actor John Krasinski, podr\u00edan visitarla en el set.<\/p>\n<p style=\"text-align: justify\">\u201cCreo que les encantar\u00eda estar en el set\u2026 s\u00f3lo por la moda\u201d, confes\u00f3 entre risas.<\/p>\n<p style=\"text-align: justify\">\u00bfDe que tratar\u00e1 la secuela de \u201cEl diablo viste a la moda\u201d?<\/p>\n<p style=\"text-align: justify\">La secuela promete llevar la din\u00e1mica entre sus personajes a otro nivel, en un entorno en el que el poder, la moda y los medios colisionan con nuevas reglas.<\/p>\n<p style=\"text-align: justify\">El regreso de El diablo viste a la moda fue confirmado en julio de 2024, y aunque a\u00fan no hay anuncios oficiales sobre el elenco, se espera que gran parte del reparto original regrese. Esto incluir\u00eda a Anne Hathaway como Andy Sachs, Stanley Tucci como Nigel, y, por supuesto, Meryl Streep como la ic\u00f3nica Miranda.<\/p>\n<p style=\"text-align: justify\">La historia de esta secuela, seg\u00fan reportes de Variety, explorar\u00e1 c\u00f3mo Miranda Priestly lidia con la ca\u00edda de la industria editorial impresa mientras lucha por asegurar publicidad de lujo para su revista.<\/p>\n<p style=\"text-align: justify\">Sin embargo, su nuevo obst\u00e1culo ser\u00e1 Emily Charlton, ahora una ejecutiva de alto perfil que controla esos codiciados presupuestos de marketing.<\/p>\n<p style=\"text-align: justify\">La secuela tambi\u00e9n podr\u00eda tomar elementos de la novela Revenge Wears Prada: The Devil Returns, publicada en 2013, que se sit\u00faa una d\u00e9cada despu\u00e9s de la historia original y sigue a Andy y Emily como exitosas editoras de una revista de bodas, hasta que Miranda reaparece en sus vidas.<\/p>\n<p style=\"text-align: justify\">La fecha de estreno para la cinta esta programada para el 1 de mayo de 2026.<\/p>\n<p style=\"text-align: justify\">La pel\u00edcula original, basada en la novela hom\u00f3nima de Lauren Weisberger, retrataba la historia de Andy Sachs \u2014una periodista novata\u2014 al convertirse en asistente de Miranda Priestly, una editora ferozmente perfeccionista inspirada en figuras reales del mundo editorial como Anna Wintour.<\/p>\n<p style=\"text-align: justify\">El filme, dirigido por David Frankel, se convirti\u00f3 en un cl\u00e1sico instant\u00e1neo, combinando s\u00e1tira, moda de alta costura y actuaciones memorables.<\/p>\n<\/div>\n","protected":false},"excerpt":{"rendered":"<p>NOTI-AMERICA.COM | ARGENTINA Dos d\u00e9cadas despu\u00e9s de que El diablo viste a la moda deslumbrara al p\u00fablico con su \u00e1cida s\u00e1tira del mundo de la moda, su esperada secuela promete un duelo de alto&#46;&#46;&#46;<\/p>\n","protected":false},"author":133,"featured_media":11890,"comment_status":"open","ping_status":"open","sticky":false,"template":"","format":"image","meta":{"_acf_changed":false,"om_disable_all_campaigns":false,"rop_custom_images_group":[],"rop_custom_messages_group":[],"rop_publish_now":"initial","rop_publish_now_accounts":{"twitter_242054905_242054905":""},"rop_publish_now_history":[],"rop_publish_now_status":"pending","_uf_show_specific_survey":0,"_uf_disable_surveys":false,"footnotes":""},"categories":[287,8,355],"tags":[],"class_list":["post-11889","post","type-post","status-publish","format-image","has-post-thumbnail","hentry","category-actualidad","category-arte-y-espectaculos","category-articulo","post_format-post-format-image"],"acf":[],"aioseo_notices":[],"yoast_head":"<!-- This site is optimized with the Yoast SEO Premium plugin v24.9 (Yoast SEO v27.2) - https:\/\/yoast.com\/product\/yoast-seo-premium-wordpress\/ -->\n<title>Emily Blunt pronostica una batalla glamorosa \u201cEl diablo viste a la moda 2\u201d - Argentina | Noti-America.com<\/title>\n<meta name=\"robots\" content=\"index, follow, max-snippet:-1, max-image-preview:large, max-video-preview:-1\" \/>\n<link rel=\"canonical\" href=\"https:\/\/noti-america.com\/site\/argentina\/2025\/06\/13\/emily-blunt-pronostica-una-batalla-glamorosa-el-diablo-viste-a-la-moda-2\/\" \/>\n<meta property=\"og:locale\" content=\"es_ES\" \/>\n<meta property=\"og:type\" content=\"article\" \/>\n<meta property=\"og:title\" content=\"Emily Blunt pronostica una batalla glamorosa \u201cEl diablo viste a la moda 2\u201d\" \/>\n<meta property=\"og:description\" content=\"NOTI-AMERICA.COM | ARGENTINA Dos d\u00e9cadas despu\u00e9s de que El diablo viste a la moda deslumbrara al p\u00fablico con su \u00e1cida s\u00e1tira del mundo de la moda, su esperada secuela promete un duelo de alto&#046;&#046;&#046;\" \/>\n<meta property=\"og:url\" content=\"https:\/\/noti-america.com\/site\/argentina\/2025\/06\/13\/emily-blunt-pronostica-una-batalla-glamorosa-el-diablo-viste-a-la-moda-2\/\" \/>\n<meta property=\"og:site_name\" content=\"Argentina | Noti-America.com\" \/>\n<meta property=\"article:author\" content=\"Mar\u00eda Valentina Noguera\" \/>\n<meta property=\"article:published_time\" content=\"2025-06-13T14:58:38+00:00\" \/>\n<meta property=\"og:image\" content=\"https:\/\/noti-america.com\/site\/argentina\/wp-content\/uploads\/sites\/24\/2025\/06\/meryl-390x390-1.jpeg\" \/>\n\t<meta property=\"og:image:width\" content=\"390\" \/>\n\t<meta property=\"og:image:height\" content=\"390\" \/>\n\t<meta property=\"og:image:type\" content=\"image\/jpeg\" \/>\n<meta name=\"author\" content=\"Maria Valentina Noguera Medina\" \/>\n<meta name=\"twitter:card\" content=\"summary_large_image\" \/>\n<meta name=\"twitter:creator\" content=\"@inotiamerica\" \/>\n<meta name=\"twitter:site\" content=\"@inotiamerica\" \/>\n<meta name=\"twitter:label1\" content=\"Escrito por\" \/>\n\t<meta name=\"twitter:data1\" content=\"Maria Valentina Noguera Medina\" \/>\n\t<meta name=\"twitter:label2\" content=\"Tiempo estimado de lectura\" \/>\n\t<meta name=\"twitter:data2\" content=\"3 minutos\" \/>\n<script type=\"application\/ld+json\" class=\"yoast-schema-graph\">{\"@context\":\"https:\/\/schema.org\",\"@graph\":[{\"@type\":\"Article\",\"@id\":\"https:\/\/noti-america.com\/site\/argentina\/2025\/06\/13\/emily-blunt-pronostica-una-batalla-glamorosa-el-diablo-viste-a-la-moda-2\/#article\",\"isPartOf\":{\"@id\":\"https:\/\/noti-america.com\/site\/argentina\/2025\/06\/13\/emily-blunt-pronostica-una-batalla-glamorosa-el-diablo-viste-a-la-moda-2\/\"},\"author\":{\"name\":\"Maria Valentina Noguera Medina\",\"@id\":\"https:\/\/noti-america.com\/site\/argentina\/#\/schema\/person\/22806efcc2cfc4b45efb0e17be210ea8\"},\"headline\":\"Emily Blunt pronostica una batalla glamorosa \u201cEl diablo viste a la moda 2\u201d\",\"datePublished\":\"2025-06-13T14:58:38+00:00\",\"mainEntityOfPage\":{\"@id\":\"https:\/\/noti-america.com\/site\/argentina\/2025\/06\/13\/emily-blunt-pronostica-una-batalla-glamorosa-el-diablo-viste-a-la-moda-2\/\"},\"wordCount\":594,\"commentCount\":0,\"publisher\":{\"@id\":\"https:\/\/noti-america.com\/site\/argentina\/#organization\"},\"image\":{\"@id\":\"https:\/\/noti-america.com\/site\/argentina\/2025\/06\/13\/emily-blunt-pronostica-una-batalla-glamorosa-el-diablo-viste-a-la-moda-2\/#primaryimage\"},\"thumbnailUrl\":\"https:\/\/noti-america.com\/site\/argentina\/wp-content\/uploads\/sites\/24\/2025\/06\/meryl-390x390-1.jpeg\",\"articleSection\":[\"Actualidad\",\"Arte y Espect\u00e1culos\",\"Articulo\"],\"inLanguage\":\"es\",\"potentialAction\":[{\"@type\":\"CommentAction\",\"name\":\"Comment\",\"target\":[\"https:\/\/noti-america.com\/site\/argentina\/2025\/06\/13\/emily-blunt-pronostica-una-batalla-glamorosa-el-diablo-viste-a-la-moda-2\/#respond\"]}]},{\"@type\":\"WebPage\",\"@id\":\"https:\/\/noti-america.com\/site\/argentina\/2025\/06\/13\/emily-blunt-pronostica-una-batalla-glamorosa-el-diablo-viste-a-la-moda-2\/\",\"url\":\"https:\/\/noti-america.com\/site\/argentina\/2025\/06\/13\/emily-blunt-pronostica-una-batalla-glamorosa-el-diablo-viste-a-la-moda-2\/\",\"name\":\"Emily Blunt pronostica una batalla glamorosa \u201cEl diablo viste a la moda 2\u201d - Argentina | Noti-America.com\",\"isPartOf\":{\"@id\":\"https:\/\/noti-america.com\/site\/argentina\/#website\"},\"primaryImageOfPage\":{\"@id\":\"https:\/\/noti-america.com\/site\/argentina\/2025\/06\/13\/emily-blunt-pronostica-una-batalla-glamorosa-el-diablo-viste-a-la-moda-2\/#primaryimage\"},\"image\":{\"@id\":\"https:\/\/noti-america.com\/site\/argentina\/2025\/06\/13\/emily-blunt-pronostica-una-batalla-glamorosa-el-diablo-viste-a-la-moda-2\/#primaryimage\"},\"thumbnailUrl\":\"https:\/\/noti-america.com\/site\/argentina\/wp-content\/uploads\/sites\/24\/2025\/06\/meryl-390x390-1.jpeg\",\"datePublished\":\"2025-06-13T14:58:38+00:00\",\"breadcrumb\":{\"@id\":\"https:\/\/noti-america.com\/site\/argentina\/2025\/06\/13\/emily-blunt-pronostica-una-batalla-glamorosa-el-diablo-viste-a-la-moda-2\/#breadcrumb\"},\"inLanguage\":\"es\",\"potentialAction\":[{\"@type\":\"ReadAction\",\"target\":[\"https:\/\/noti-america.com\/site\/argentina\/2025\/06\/13\/emily-blunt-pronostica-una-batalla-glamorosa-el-diablo-viste-a-la-moda-2\/\"]}]},{\"@type\":\"ImageObject\",\"inLanguage\":\"es\",\"@id\":\"https:\/\/noti-america.com\/site\/argentina\/2025\/06\/13\/emily-blunt-pronostica-una-batalla-glamorosa-el-diablo-viste-a-la-moda-2\/#primaryimage\",\"url\":\"https:\/\/noti-america.com\/site\/argentina\/wp-content\/uploads\/sites\/24\/2025\/06\/meryl-390x390-1.jpeg\",\"contentUrl\":\"https:\/\/noti-america.com\/site\/argentina\/wp-content\/uploads\/sites\/24\/2025\/06\/meryl-390x390-1.jpeg\",\"width\":390,\"height\":390},{\"@type\":\"BreadcrumbList\",\"@id\":\"https:\/\/noti-america.com\/site\/argentina\/2025\/06\/13\/emily-blunt-pronostica-una-batalla-glamorosa-el-diablo-viste-a-la-moda-2\/#breadcrumb\",\"itemListElement\":[{\"@type\":\"ListItem\",\"position\":1,\"name\":\"Portada\",\"item\":\"https:\/\/noti-america.com\/site\/argentina\/\"},{\"@type\":\"ListItem\",\"position\":2,\"name\":\"Emily Blunt pronostica una batalla glamorosa \u201cEl diablo viste a la moda 2\u201d\"}]},{\"@type\":\"WebSite\",\"@id\":\"https:\/\/noti-america.com\/site\/argentina\/#website\",\"url\":\"https:\/\/noti-america.com\/site\/argentina\/\",\"name\":\"Argentina | Noti-America.com\",\"description\":\"\",\"publisher\":{\"@id\":\"https:\/\/noti-america.com\/site\/argentina\/#organization\"},\"potentialAction\":[{\"@type\":\"SearchAction\",\"target\":{\"@type\":\"EntryPoint\",\"urlTemplate\":\"https:\/\/noti-america.com\/site\/argentina\/?s={search_term_string}\"},\"query-input\":{\"@type\":\"PropertyValueSpecification\",\"valueRequired\":true,\"valueName\":\"search_term_string\"}}],\"inLanguage\":\"es\"},{\"@type\":\"Organization\",\"@id\":\"https:\/\/noti-america.com\/site\/argentina\/#organization\",\"name\":\"Noti-America LLC | Argentina\",\"url\":\"https:\/\/noti-america.com\/site\/argentina\/\",\"logo\":{\"@type\":\"ImageObject\",\"inLanguage\":\"es\",\"@id\":\"https:\/\/noti-america.com\/site\/argentina\/#\/schema\/logo\/image\/\",\"url\":\"https:\/\/noti-america.com\/site\/argentina\/wp-content\/uploads\/sites\/24\/2020\/07\/LogoNA-4x3-1.jpg\",\"contentUrl\":\"https:\/\/noti-america.com\/site\/argentina\/wp-content\/uploads\/sites\/24\/2020\/07\/LogoNA-4x3-1.jpg\",\"width\":1236,\"height\":1080,\"caption\":\"Noti-America LLC | Argentina\"},\"image\":{\"@id\":\"https:\/\/noti-america.com\/site\/argentina\/#\/schema\/logo\/image\/\"},\"sameAs\":[\"https:\/\/x.com\/inotiamerica\"]},{\"@type\":\"Person\",\"@id\":\"https:\/\/noti-america.com\/site\/argentina\/#\/schema\/person\/22806efcc2cfc4b45efb0e17be210ea8\",\"name\":\"Maria Valentina Noguera Medina\",\"image\":{\"@type\":\"ImageObject\",\"inLanguage\":\"es\",\"@id\":\"https:\/\/secure.gravatar.com\/avatar\/4ec5eb9d099f2608a49c9df6f7341f66f04f819cdffa09d56a7a0e91d2819d56?s=96&d=mm&r=g\",\"url\":\"https:\/\/secure.gravatar.com\/avatar\/4ec5eb9d099f2608a49c9df6f7341f66f04f819cdffa09d56a7a0e91d2819d56?s=96&d=mm&r=g\",\"contentUrl\":\"https:\/\/secure.gravatar.com\/avatar\/4ec5eb9d099f2608a49c9df6f7341f66f04f819cdffa09d56a7a0e91d2819d56?s=96&d=mm&r=g\",\"caption\":\"Maria Valentina Noguera Medina\"},\"description\":\"Periodista - noti-america - Promar Community Manager - Talento Plus Dise\u00f1adora\/ creadora de contenido...\",\"sameAs\":[\"Mar\u00eda Valentina Noguera\",\"https:\/\/www.facebook.com\/mariavalentina.noguera\",\"https:\/\/www.linkedin.com\/in\/mara-valentina-noguera-medina-373075165\/\",\"https:\/\/www.pinterest.es\/valentinanoguera95\/\",\"https:\/\/www.youtube.com\/channel\/UCdek6mbUZ-Tqqw0I63i4nmQ\"],\"url\":\"https:\/\/noti-america.com\/site\/argentina\/author\/mnoguera\/\"}]}<\/script>\n<!-- \/ Yoast SEO Premium plugin. -->","yoast_head_json":{"title":"Emily Blunt pronostica una batalla glamorosa \u201cEl diablo viste a la moda 2\u201d - Argentina | Noti-America.com","robots":{"index":"index","follow":"follow","max-snippet":"max-snippet:-1","max-image-preview":"max-image-preview:large","max-video-preview":"max-video-preview:-1"},"canonical":"https:\/\/noti-america.com\/site\/argentina\/2025\/06\/13\/emily-blunt-pronostica-una-batalla-glamorosa-el-diablo-viste-a-la-moda-2\/","og_locale":"es_ES","og_type":"article","og_title":"Emily Blunt pronostica una batalla glamorosa \u201cEl diablo viste a la moda 2\u201d","og_description":"NOTI-AMERICA.COM | ARGENTINA Dos d\u00e9cadas despu\u00e9s de que El diablo viste a la moda deslumbrara al p\u00fablico con su \u00e1cida s\u00e1tira del mundo de la moda, su esperada secuela promete un duelo de alto&#46;&#46;&#46;","og_url":"https:\/\/noti-america.com\/site\/argentina\/2025\/06\/13\/emily-blunt-pronostica-una-batalla-glamorosa-el-diablo-viste-a-la-moda-2\/","og_site_name":"Argentina | Noti-America.com","article_author":"Mar\u00eda Valentina Noguera","article_published_time":"2025-06-13T14:58:38+00:00","og_image":[{"width":390,"height":390,"url":"https:\/\/noti-america.com\/site\/argentina\/wp-content\/uploads\/sites\/24\/2025\/06\/meryl-390x390-1.jpeg","type":"image\/jpeg"}],"author":"Maria Valentina Noguera Medina","twitter_card":"summary_large_image","twitter_creator":"@inotiamerica","twitter_site":"@inotiamerica","twitter_misc":{"Escrito por":"Maria Valentina Noguera Medina","Tiempo estimado de lectura":"3 minutos"},"schema":{"@context":"https:\/\/schema.org","@graph":[{"@type":"Article","@id":"https:\/\/noti-america.com\/site\/argentina\/2025\/06\/13\/emily-blunt-pronostica-una-batalla-glamorosa-el-diablo-viste-a-la-moda-2\/#article","isPartOf":{"@id":"https:\/\/noti-america.com\/site\/argentina\/2025\/06\/13\/emily-blunt-pronostica-una-batalla-glamorosa-el-diablo-viste-a-la-moda-2\/"},"author":{"name":"Maria Valentina Noguera Medina","@id":"https:\/\/noti-america.com\/site\/argentina\/#\/schema\/person\/22806efcc2cfc4b45efb0e17be210ea8"},"headline":"Emily Blunt pronostica una batalla glamorosa \u201cEl diablo viste a la moda 2\u201d","datePublished":"2025-06-13T14:58:38+00:00","mainEntityOfPage":{"@id":"https:\/\/noti-america.com\/site\/argentina\/2025\/06\/13\/emily-blunt-pronostica-una-batalla-glamorosa-el-diablo-viste-a-la-moda-2\/"},"wordCount":594,"commentCount":0,"publisher":{"@id":"https:\/\/noti-america.com\/site\/argentina\/#organization"},"image":{"@id":"https:\/\/noti-america.com\/site\/argentina\/2025\/06\/13\/emily-blunt-pronostica-una-batalla-glamorosa-el-diablo-viste-a-la-moda-2\/#primaryimage"},"thumbnailUrl":"https:\/\/noti-america.com\/site\/argentina\/wp-content\/uploads\/sites\/24\/2025\/06\/meryl-390x390-1.jpeg","articleSection":["Actualidad","Arte y Espect\u00e1culos","Articulo"],"inLanguage":"es","potentialAction":[{"@type":"CommentAction","name":"Comment","target":["https:\/\/noti-america.com\/site\/argentina\/2025\/06\/13\/emily-blunt-pronostica-una-batalla-glamorosa-el-diablo-viste-a-la-moda-2\/#respond"]}]},{"@type":"WebPage","@id":"https:\/\/noti-america.com\/site\/argentina\/2025\/06\/13\/emily-blunt-pronostica-una-batalla-glamorosa-el-diablo-viste-a-la-moda-2\/","url":"https:\/\/noti-america.com\/site\/argentina\/2025\/06\/13\/emily-blunt-pronostica-una-batalla-glamorosa-el-diablo-viste-a-la-moda-2\/","name":"Emily Blunt pronostica una batalla glamorosa \u201cEl diablo viste a la moda 2\u201d - Argentina | Noti-America.com","isPartOf":{"@id":"https:\/\/noti-america.com\/site\/argentina\/#website"},"primaryImageOfPage":{"@id":"https:\/\/noti-america.com\/site\/argentina\/2025\/06\/13\/emily-blunt-pronostica-una-batalla-glamorosa-el-diablo-viste-a-la-moda-2\/#primaryimage"},"image":{"@id":"https:\/\/noti-america.com\/site\/argentina\/2025\/06\/13\/emily-blunt-pronostica-una-batalla-glamorosa-el-diablo-viste-a-la-moda-2\/#primaryimage"},"thumbnailUrl":"https:\/\/noti-america.com\/site\/argentina\/wp-content\/uploads\/sites\/24\/2025\/06\/meryl-390x390-1.jpeg","datePublished":"2025-06-13T14:58:38+00:00","breadcrumb":{"@id":"https:\/\/noti-america.com\/site\/argentina\/2025\/06\/13\/emily-blunt-pronostica-una-batalla-glamorosa-el-diablo-viste-a-la-moda-2\/#breadcrumb"},"inLanguage":"es","potentialAction":[{"@type":"ReadAction","target":["https:\/\/noti-america.com\/site\/argentina\/2025\/06\/13\/emily-blunt-pronostica-una-batalla-glamorosa-el-diablo-viste-a-la-moda-2\/"]}]},{"@type":"ImageObject","inLanguage":"es","@id":"https:\/\/noti-america.com\/site\/argentina\/2025\/06\/13\/emily-blunt-pronostica-una-batalla-glamorosa-el-diablo-viste-a-la-moda-2\/#primaryimage","url":"https:\/\/noti-america.com\/site\/argentina\/wp-content\/uploads\/sites\/24\/2025\/06\/meryl-390x390-1.jpeg","contentUrl":"https:\/\/noti-america.com\/site\/argentina\/wp-content\/uploads\/sites\/24\/2025\/06\/meryl-390x390-1.jpeg","width":390,"height":390},{"@type":"BreadcrumbList","@id":"https:\/\/noti-america.com\/site\/argentina\/2025\/06\/13\/emily-blunt-pronostica-una-batalla-glamorosa-el-diablo-viste-a-la-moda-2\/#breadcrumb","itemListElement":[{"@type":"ListItem","position":1,"name":"Portada","item":"https:\/\/noti-america.com\/site\/argentina\/"},{"@type":"ListItem","position":2,"name":"Emily Blunt pronostica una batalla glamorosa \u201cEl diablo viste a la moda 2\u201d"}]},{"@type":"WebSite","@id":"https:\/\/noti-america.com\/site\/argentina\/#website","url":"https:\/\/noti-america.com\/site\/argentina\/","name":"Argentina | Noti-America.com","description":"","publisher":{"@id":"https:\/\/noti-america.com\/site\/argentina\/#organization"},"potentialAction":[{"@type":"SearchAction","target":{"@type":"EntryPoint","urlTemplate":"https:\/\/noti-america.com\/site\/argentina\/?s={search_term_string}"},"query-input":{"@type":"PropertyValueSpecification","valueRequired":true,"valueName":"search_term_string"}}],"inLanguage":"es"},{"@type":"Organization","@id":"https:\/\/noti-america.com\/site\/argentina\/#organization","name":"Noti-America LLC | Argentina","url":"https:\/\/noti-america.com\/site\/argentina\/","logo":{"@type":"ImageObject","inLanguage":"es","@id":"https:\/\/noti-america.com\/site\/argentina\/#\/schema\/logo\/image\/","url":"https:\/\/noti-america.com\/site\/argentina\/wp-content\/uploads\/sites\/24\/2020\/07\/LogoNA-4x3-1.jpg","contentUrl":"https:\/\/noti-america.com\/site\/argentina\/wp-content\/uploads\/sites\/24\/2020\/07\/LogoNA-4x3-1.jpg","width":1236,"height":1080,"caption":"Noti-America LLC | Argentina"},"image":{"@id":"https:\/\/noti-america.com\/site\/argentina\/#\/schema\/logo\/image\/"},"sameAs":["https:\/\/x.com\/inotiamerica"]},{"@type":"Person","@id":"https:\/\/noti-america.com\/site\/argentina\/#\/schema\/person\/22806efcc2cfc4b45efb0e17be210ea8","name":"Maria Valentina Noguera Medina","image":{"@type":"ImageObject","inLanguage":"es","@id":"https:\/\/secure.gravatar.com\/avatar\/4ec5eb9d099f2608a49c9df6f7341f66f04f819cdffa09d56a7a0e91d2819d56?s=96&d=mm&r=g","url":"https:\/\/secure.gravatar.com\/avatar\/4ec5eb9d099f2608a49c9df6f7341f66f04f819cdffa09d56a7a0e91d2819d56?s=96&d=mm&r=g","contentUrl":"https:\/\/secure.gravatar.com\/avatar\/4ec5eb9d099f2608a49c9df6f7341f66f04f819cdffa09d56a7a0e91d2819d56?s=96&d=mm&r=g","caption":"Maria Valentina Noguera Medina"},"description":"Periodista - noti-america - Promar Community Manager - Talento Plus Dise\u00f1adora\/ creadora de contenido...","sameAs":["Mar\u00eda Valentina Noguera","https:\/\/www.facebook.com\/mariavalentina.noguera","https:\/\/www.linkedin.com\/in\/mara-valentina-noguera-medina-373075165\/","https:\/\/www.pinterest.es\/valentinanoguera95\/","https:\/\/www.youtube.com\/channel\/UCdek6mbUZ-Tqqw0I63i4nmQ"],"url":"https:\/\/noti-america.com\/site\/argentina\/author\/mnoguera\/"}]}},"_links":{"self":[{"href":"https:\/\/noti-america.com\/site\/argentina\/wp-json\/wp\/v2\/posts\/11889","targetHints":{"allow":["GET"]}}],"collection":[{"href":"https:\/\/noti-america.com\/site\/argentina\/wp-json\/wp\/v2\/posts"}],"about":[{"href":"https:\/\/noti-america.com\/site\/argentina\/wp-json\/wp\/v2\/types\/post"}],"author":[{"embeddable":true,"href":"https:\/\/noti-america.com\/site\/argentina\/wp-json\/wp\/v2\/users\/133"}],"replies":[{"embeddable":true,"href":"https:\/\/noti-america.com\/site\/argentina\/wp-json\/wp\/v2\/comments?post=11889"}],"version-history":[{"count":1,"href":"https:\/\/noti-america.com\/site\/argentina\/wp-json\/wp\/v2\/posts\/11889\/revisions"}],"predecessor-version":[{"id":11891,"href":"https:\/\/noti-america.com\/site\/argentina\/wp-json\/wp\/v2\/posts\/11889\/revisions\/11891"}],"wp:featuredmedia":[{"embeddable":true,"href":"https:\/\/noti-america.com\/site\/argentina\/wp-json\/wp\/v2\/media\/11890"}],"wp:attachment":[{"href":"https:\/\/noti-america.com\/site\/argentina\/wp-json\/wp\/v2\/media?parent=11889"}],"wp:term":[{"taxonomy":"category","embeddable":true,"href":"https:\/\/noti-america.com\/site\/argentina\/wp-json\/wp\/v2\/categories?post=11889"},{"taxonomy":"post_tag","embeddable":true,"href":"https:\/\/noti-america.com\/site\/argentina\/wp-json\/wp\/v2\/tags?post=11889"}],"curies":[{"name":"wp","href":"https:\/\/api.w.org\/{rel}","templated":true}]}}