{"id":11344,"date":"2025-04-28T13:06:24","date_gmt":"2025-04-28T16:06:24","guid":{"rendered":"https:\/\/noti-america.com\/site\/argentina\/?p=11344"},"modified":"2025-04-28T13:06:24","modified_gmt":"2025-04-28T16:06:24","slug":"belinda-fue-reconocida-con-premio-billboard-a-mujeres-latinas-en-la-musica","status":"publish","type":"post","link":"https:\/\/noti-america.com\/site\/argentina\/2025\/04\/28\/belinda-fue-reconocida-con-premio-billboard-a-mujeres-latinas-en-la-musica\/","title":{"rendered":"Belinda fue reconocida con premio Billboard a Mujeres Latinas en la M\u00fasica"},"content":{"rendered":"<p>NOTI-AMERICA.COM | ARGENTINA<\/p>\n<p style=\"text-align: justify\">La cantante y actriz mexicana Belinda ha emocionado a sus seguidores tras recibir un Premio Billboard a Mujeres Latinas en la M\u00fasica. En una publicaci\u00f3n llena de gratitud compartida en sus redes sociales, reflexion\u00f3 sobre su trayectoria art\u00edstica y destac\u00f3 el significado de este importante reconocimiento en su carrera .<\/p>\n<p style=\"text-align: justify\">\u00abQu\u00e9 emoci\u00f3n tan grande recibir este reconocimiento tan especial, rodeado de mujeres tan poderosas y talentosas. Este reconocimiento no solo celebra mi trayectoria, sino tambi\u00e9n el poder de reinventarse, de sanar, de evolucionar y de seguir apostando por una misma.\u00bb , escribi\u00f3 la artista.<\/p>\n<p style=\"text-align: justify\">Rodeada de su equipo, amigos y familia en la ceremonia, Belinda resalt\u00f3 el poder de la comunidad femenina en la industria musical, se\u00f1alando que esta nueva etapa en su carrera estar\u00e1 marcada por la colaboraci\u00f3n, la sanaci\u00f3n y la creaci\u00f3n conjunta.<\/p>\n<p style=\"text-align: justify\">En su mensaje, el int\u00e9rprete tambi\u00e9n adelant\u00f3 que est\u00e1 trabajando en un nuevo disco lleno de inspiraci\u00f3n , al tiempo que agradeci\u00f3 profundamente a sus fans, su equipo, los compositores y productores que han sido parte de su proceso creativo. \u201cLa espera valdr\u00e1 la pena\u2026 porque el disco va a estar incre\u00edble.\u201d, expres\u00f3 con emoci\u00f3n.<\/p>\n<p style=\"text-align: justify\">La ceremonia de los Premios Billboard a Mujeres Latinas en la M\u00fasica tuvo el impacto de artistas femeninas en la industria, y Belinda destac\u00f3 como una figura que contin\u00faa evolucionando y dejando huella en el panorama musical.<\/p>\n","protected":false},"excerpt":{"rendered":"<p>NOTI-AMERICA.COM | ARGENTINA La cantante y actriz mexicana Belinda ha emocionado a sus seguidores tras recibir un Premio Billboard a Mujeres Latinas en la M\u00fasica. En una publicaci\u00f3n llena de gratitud compartida en sus&#46;&#46;&#46;<\/p>\n","protected":false},"author":133,"featured_media":11345,"comment_status":"open","ping_status":"open","sticky":false,"template":"","format":"image","meta":{"_acf_changed":false,"om_disable_all_campaigns":false,"rop_custom_images_group":[],"rop_custom_messages_group":[],"rop_publish_now":"initial","rop_publish_now_accounts":{"twitter_242054905_242054905":""},"rop_publish_now_history":[],"rop_publish_now_status":"pending","_uf_show_specific_survey":0,"_uf_disable_surveys":false,"footnotes":""},"categories":[304],"tags":[],"class_list":["post-11344","post","type-post","status-publish","format-image","has-post-thumbnail","hentry","category-entretenimiento","post_format-post-format-image"],"acf":[],"aioseo_notices":[],"yoast_head":"<!-- This site is optimized with the Yoast SEO Premium plugin v24.9 (Yoast SEO v27.2) - https:\/\/yoast.com\/product\/yoast-seo-premium-wordpress\/ -->\n<title>Belinda fue reconocida con premio Billboard a Mujeres Latinas en la M\u00fasica - Argentina | Noti-America.com<\/title>\n<meta name=\"robots\" content=\"index, follow, max-snippet:-1, max-image-preview:large, max-video-preview:-1\" \/>\n<link rel=\"canonical\" href=\"https:\/\/noti-america.com\/site\/argentina\/2025\/04\/28\/belinda-fue-reconocida-con-premio-billboard-a-mujeres-latinas-en-la-musica\/\" \/>\n<meta property=\"og:locale\" content=\"es_ES\" \/>\n<meta property=\"og:type\" content=\"article\" \/>\n<meta property=\"og:title\" content=\"Belinda fue reconocida con premio Billboard a Mujeres Latinas en la M\u00fasica\" \/>\n<meta property=\"og:description\" content=\"NOTI-AMERICA.COM | ARGENTINA La cantante y actriz mexicana Belinda ha emocionado a sus seguidores tras recibir un Premio Billboard a Mujeres Latinas en la M\u00fasica. En una publicaci\u00f3n llena de gratitud compartida en sus&#046;&#046;&#046;\" \/>\n<meta property=\"og:url\" content=\"https:\/\/noti-america.com\/site\/argentina\/2025\/04\/28\/belinda-fue-reconocida-con-premio-billboard-a-mujeres-latinas-en-la-musica\/\" \/>\n<meta property=\"og:site_name\" content=\"Argentina | Noti-America.com\" \/>\n<meta property=\"article:author\" content=\"Mar\u00eda Valentina Noguera\" \/>\n<meta property=\"article:published_time\" content=\"2025-04-28T16:06:24+00:00\" \/>\n<meta property=\"og:image\" content=\"https:\/\/noti-america.com\/site\/argentina\/wp-content\/uploads\/sites\/24\/2025\/04\/belindapop_1745693177_3619459163899630305_17399094-dadb9c.jpg\" \/>\n\t<meta property=\"og:image:width\" content=\"800\" \/>\n\t<meta property=\"og:image:height\" content=\"500\" \/>\n\t<meta property=\"og:image:type\" content=\"image\/jpeg\" \/>\n<meta name=\"author\" content=\"Maria Valentina Noguera Medina\" \/>\n<meta name=\"twitter:card\" content=\"summary_large_image\" \/>\n<meta name=\"twitter:creator\" content=\"@inotiamerica\" \/>\n<meta name=\"twitter:site\" content=\"@inotiamerica\" \/>\n<meta name=\"twitter:label1\" content=\"Escrito por\" \/>\n\t<meta name=\"twitter:data1\" content=\"Maria Valentina Noguera Medina\" \/>\n\t<meta name=\"twitter:label2\" content=\"Tiempo estimado de lectura\" \/>\n\t<meta name=\"twitter:data2\" content=\"2 minutos\" \/>\n<script type=\"application\/ld+json\" class=\"yoast-schema-graph\">{\"@context\":\"https:\/\/schema.org\",\"@graph\":[{\"@type\":\"Article\",\"@id\":\"https:\/\/noti-america.com\/site\/argentina\/2025\/04\/28\/belinda-fue-reconocida-con-premio-billboard-a-mujeres-latinas-en-la-musica\/#article\",\"isPartOf\":{\"@id\":\"https:\/\/noti-america.com\/site\/argentina\/2025\/04\/28\/belinda-fue-reconocida-con-premio-billboard-a-mujeres-latinas-en-la-musica\/\"},\"author\":{\"name\":\"Maria Valentina Noguera Medina\",\"@id\":\"https:\/\/noti-america.com\/site\/argentina\/#\/schema\/person\/22806efcc2cfc4b45efb0e17be210ea8\"},\"headline\":\"Belinda fue reconocida con premio Billboard a Mujeres Latinas en la M\u00fasica\",\"datePublished\":\"2025-04-28T16:06:24+00:00\",\"mainEntityOfPage\":{\"@id\":\"https:\/\/noti-america.com\/site\/argentina\/2025\/04\/28\/belinda-fue-reconocida-con-premio-billboard-a-mujeres-latinas-en-la-musica\/\"},\"wordCount\":256,\"commentCount\":0,\"publisher\":{\"@id\":\"https:\/\/noti-america.com\/site\/argentina\/#organization\"},\"image\":{\"@id\":\"https:\/\/noti-america.com\/site\/argentina\/2025\/04\/28\/belinda-fue-reconocida-con-premio-billboard-a-mujeres-latinas-en-la-musica\/#primaryimage\"},\"thumbnailUrl\":\"https:\/\/noti-america.com\/site\/argentina\/wp-content\/uploads\/sites\/24\/2025\/04\/belindapop_1745693177_3619459163899630305_17399094-dadb9c.jpg\",\"articleSection\":[\"Entretenimiento\"],\"inLanguage\":\"es\",\"potentialAction\":[{\"@type\":\"CommentAction\",\"name\":\"Comment\",\"target\":[\"https:\/\/noti-america.com\/site\/argentina\/2025\/04\/28\/belinda-fue-reconocida-con-premio-billboard-a-mujeres-latinas-en-la-musica\/#respond\"]}]},{\"@type\":\"WebPage\",\"@id\":\"https:\/\/noti-america.com\/site\/argentina\/2025\/04\/28\/belinda-fue-reconocida-con-premio-billboard-a-mujeres-latinas-en-la-musica\/\",\"url\":\"https:\/\/noti-america.com\/site\/argentina\/2025\/04\/28\/belinda-fue-reconocida-con-premio-billboard-a-mujeres-latinas-en-la-musica\/\",\"name\":\"Belinda fue reconocida con premio Billboard a Mujeres Latinas en la M\u00fasica - Argentina | Noti-America.com\",\"isPartOf\":{\"@id\":\"https:\/\/noti-america.com\/site\/argentina\/#website\"},\"primaryImageOfPage\":{\"@id\":\"https:\/\/noti-america.com\/site\/argentina\/2025\/04\/28\/belinda-fue-reconocida-con-premio-billboard-a-mujeres-latinas-en-la-musica\/#primaryimage\"},\"image\":{\"@id\":\"https:\/\/noti-america.com\/site\/argentina\/2025\/04\/28\/belinda-fue-reconocida-con-premio-billboard-a-mujeres-latinas-en-la-musica\/#primaryimage\"},\"thumbnailUrl\":\"https:\/\/noti-america.com\/site\/argentina\/wp-content\/uploads\/sites\/24\/2025\/04\/belindapop_1745693177_3619459163899630305_17399094-dadb9c.jpg\",\"datePublished\":\"2025-04-28T16:06:24+00:00\",\"breadcrumb\":{\"@id\":\"https:\/\/noti-america.com\/site\/argentina\/2025\/04\/28\/belinda-fue-reconocida-con-premio-billboard-a-mujeres-latinas-en-la-musica\/#breadcrumb\"},\"inLanguage\":\"es\",\"potentialAction\":[{\"@type\":\"ReadAction\",\"target\":[\"https:\/\/noti-america.com\/site\/argentina\/2025\/04\/28\/belinda-fue-reconocida-con-premio-billboard-a-mujeres-latinas-en-la-musica\/\"]}]},{\"@type\":\"ImageObject\",\"inLanguage\":\"es\",\"@id\":\"https:\/\/noti-america.com\/site\/argentina\/2025\/04\/28\/belinda-fue-reconocida-con-premio-billboard-a-mujeres-latinas-en-la-musica\/#primaryimage\",\"url\":\"https:\/\/noti-america.com\/site\/argentina\/wp-content\/uploads\/sites\/24\/2025\/04\/belindapop_1745693177_3619459163899630305_17399094-dadb9c.jpg\",\"contentUrl\":\"https:\/\/noti-america.com\/site\/argentina\/wp-content\/uploads\/sites\/24\/2025\/04\/belindapop_1745693177_3619459163899630305_17399094-dadb9c.jpg\",\"width\":800,\"height\":500},{\"@type\":\"BreadcrumbList\",\"@id\":\"https:\/\/noti-america.com\/site\/argentina\/2025\/04\/28\/belinda-fue-reconocida-con-premio-billboard-a-mujeres-latinas-en-la-musica\/#breadcrumb\",\"itemListElement\":[{\"@type\":\"ListItem\",\"position\":1,\"name\":\"Portada\",\"item\":\"https:\/\/noti-america.com\/site\/argentina\/\"},{\"@type\":\"ListItem\",\"position\":2,\"name\":\"Belinda fue reconocida con premio Billboard a Mujeres Latinas en la M\u00fasica\"}]},{\"@type\":\"WebSite\",\"@id\":\"https:\/\/noti-america.com\/site\/argentina\/#website\",\"url\":\"https:\/\/noti-america.com\/site\/argentina\/\",\"name\":\"Argentina | Noti-America.com\",\"description\":\"\",\"publisher\":{\"@id\":\"https:\/\/noti-america.com\/site\/argentina\/#organization\"},\"potentialAction\":[{\"@type\":\"SearchAction\",\"target\":{\"@type\":\"EntryPoint\",\"urlTemplate\":\"https:\/\/noti-america.com\/site\/argentina\/?s={search_term_string}\"},\"query-input\":{\"@type\":\"PropertyValueSpecification\",\"valueRequired\":true,\"valueName\":\"search_term_string\"}}],\"inLanguage\":\"es\"},{\"@type\":\"Organization\",\"@id\":\"https:\/\/noti-america.com\/site\/argentina\/#organization\",\"name\":\"Noti-America LLC | Argentina\",\"url\":\"https:\/\/noti-america.com\/site\/argentina\/\",\"logo\":{\"@type\":\"ImageObject\",\"inLanguage\":\"es\",\"@id\":\"https:\/\/noti-america.com\/site\/argentina\/#\/schema\/logo\/image\/\",\"url\":\"https:\/\/noti-america.com\/site\/argentina\/wp-content\/uploads\/sites\/24\/2020\/07\/LogoNA-4x3-1.jpg\",\"contentUrl\":\"https:\/\/noti-america.com\/site\/argentina\/wp-content\/uploads\/sites\/24\/2020\/07\/LogoNA-4x3-1.jpg\",\"width\":1236,\"height\":1080,\"caption\":\"Noti-America LLC | Argentina\"},\"image\":{\"@id\":\"https:\/\/noti-america.com\/site\/argentina\/#\/schema\/logo\/image\/\"},\"sameAs\":[\"https:\/\/x.com\/inotiamerica\"]},{\"@type\":\"Person\",\"@id\":\"https:\/\/noti-america.com\/site\/argentina\/#\/schema\/person\/22806efcc2cfc4b45efb0e17be210ea8\",\"name\":\"Maria Valentina Noguera Medina\",\"image\":{\"@type\":\"ImageObject\",\"inLanguage\":\"es\",\"@id\":\"https:\/\/secure.gravatar.com\/avatar\/4ec5eb9d099f2608a49c9df6f7341f66f04f819cdffa09d56a7a0e91d2819d56?s=96&d=mm&r=g\",\"url\":\"https:\/\/secure.gravatar.com\/avatar\/4ec5eb9d099f2608a49c9df6f7341f66f04f819cdffa09d56a7a0e91d2819d56?s=96&d=mm&r=g\",\"contentUrl\":\"https:\/\/secure.gravatar.com\/avatar\/4ec5eb9d099f2608a49c9df6f7341f66f04f819cdffa09d56a7a0e91d2819d56?s=96&d=mm&r=g\",\"caption\":\"Maria Valentina Noguera Medina\"},\"description\":\"Periodista - noti-america - Promar Community Manager - Talento Plus Dise\u00f1adora\/ creadora de contenido...\",\"sameAs\":[\"Mar\u00eda Valentina Noguera\",\"https:\/\/www.facebook.com\/mariavalentina.noguera\",\"https:\/\/www.linkedin.com\/in\/mara-valentina-noguera-medina-373075165\/\",\"https:\/\/www.pinterest.es\/valentinanoguera95\/\",\"https:\/\/www.youtube.com\/channel\/UCdek6mbUZ-Tqqw0I63i4nmQ\"],\"url\":\"https:\/\/noti-america.com\/site\/argentina\/author\/mnoguera\/\"}]}<\/script>\n<!-- \/ Yoast SEO Premium plugin. -->","yoast_head_json":{"title":"Belinda fue reconocida con premio Billboard a Mujeres Latinas en la M\u00fasica - Argentina | Noti-America.com","robots":{"index":"index","follow":"follow","max-snippet":"max-snippet:-1","max-image-preview":"max-image-preview:large","max-video-preview":"max-video-preview:-1"},"canonical":"https:\/\/noti-america.com\/site\/argentina\/2025\/04\/28\/belinda-fue-reconocida-con-premio-billboard-a-mujeres-latinas-en-la-musica\/","og_locale":"es_ES","og_type":"article","og_title":"Belinda fue reconocida con premio Billboard a Mujeres Latinas en la M\u00fasica","og_description":"NOTI-AMERICA.COM | ARGENTINA La cantante y actriz mexicana Belinda ha emocionado a sus seguidores tras recibir un Premio Billboard a Mujeres Latinas en la M\u00fasica. En una publicaci\u00f3n llena de gratitud compartida en sus&#46;&#46;&#46;","og_url":"https:\/\/noti-america.com\/site\/argentina\/2025\/04\/28\/belinda-fue-reconocida-con-premio-billboard-a-mujeres-latinas-en-la-musica\/","og_site_name":"Argentina | Noti-America.com","article_author":"Mar\u00eda Valentina Noguera","article_published_time":"2025-04-28T16:06:24+00:00","og_image":[{"width":800,"height":500,"url":"https:\/\/noti-america.com\/site\/argentina\/wp-content\/uploads\/sites\/24\/2025\/04\/belindapop_1745693177_3619459163899630305_17399094-dadb9c.jpg","type":"image\/jpeg"}],"author":"Maria Valentina Noguera Medina","twitter_card":"summary_large_image","twitter_creator":"@inotiamerica","twitter_site":"@inotiamerica","twitter_misc":{"Escrito por":"Maria Valentina Noguera Medina","Tiempo estimado de lectura":"2 minutos"},"schema":{"@context":"https:\/\/schema.org","@graph":[{"@type":"Article","@id":"https:\/\/noti-america.com\/site\/argentina\/2025\/04\/28\/belinda-fue-reconocida-con-premio-billboard-a-mujeres-latinas-en-la-musica\/#article","isPartOf":{"@id":"https:\/\/noti-america.com\/site\/argentina\/2025\/04\/28\/belinda-fue-reconocida-con-premio-billboard-a-mujeres-latinas-en-la-musica\/"},"author":{"name":"Maria Valentina Noguera Medina","@id":"https:\/\/noti-america.com\/site\/argentina\/#\/schema\/person\/22806efcc2cfc4b45efb0e17be210ea8"},"headline":"Belinda fue reconocida con premio Billboard a Mujeres Latinas en la M\u00fasica","datePublished":"2025-04-28T16:06:24+00:00","mainEntityOfPage":{"@id":"https:\/\/noti-america.com\/site\/argentina\/2025\/04\/28\/belinda-fue-reconocida-con-premio-billboard-a-mujeres-latinas-en-la-musica\/"},"wordCount":256,"commentCount":0,"publisher":{"@id":"https:\/\/noti-america.com\/site\/argentina\/#organization"},"image":{"@id":"https:\/\/noti-america.com\/site\/argentina\/2025\/04\/28\/belinda-fue-reconocida-con-premio-billboard-a-mujeres-latinas-en-la-musica\/#primaryimage"},"thumbnailUrl":"https:\/\/noti-america.com\/site\/argentina\/wp-content\/uploads\/sites\/24\/2025\/04\/belindapop_1745693177_3619459163899630305_17399094-dadb9c.jpg","articleSection":["Entretenimiento"],"inLanguage":"es","potentialAction":[{"@type":"CommentAction","name":"Comment","target":["https:\/\/noti-america.com\/site\/argentina\/2025\/04\/28\/belinda-fue-reconocida-con-premio-billboard-a-mujeres-latinas-en-la-musica\/#respond"]}]},{"@type":"WebPage","@id":"https:\/\/noti-america.com\/site\/argentina\/2025\/04\/28\/belinda-fue-reconocida-con-premio-billboard-a-mujeres-latinas-en-la-musica\/","url":"https:\/\/noti-america.com\/site\/argentina\/2025\/04\/28\/belinda-fue-reconocida-con-premio-billboard-a-mujeres-latinas-en-la-musica\/","name":"Belinda fue reconocida con premio Billboard a Mujeres Latinas en la M\u00fasica - Argentina | Noti-America.com","isPartOf":{"@id":"https:\/\/noti-america.com\/site\/argentina\/#website"},"primaryImageOfPage":{"@id":"https:\/\/noti-america.com\/site\/argentina\/2025\/04\/28\/belinda-fue-reconocida-con-premio-billboard-a-mujeres-latinas-en-la-musica\/#primaryimage"},"image":{"@id":"https:\/\/noti-america.com\/site\/argentina\/2025\/04\/28\/belinda-fue-reconocida-con-premio-billboard-a-mujeres-latinas-en-la-musica\/#primaryimage"},"thumbnailUrl":"https:\/\/noti-america.com\/site\/argentina\/wp-content\/uploads\/sites\/24\/2025\/04\/belindapop_1745693177_3619459163899630305_17399094-dadb9c.jpg","datePublished":"2025-04-28T16:06:24+00:00","breadcrumb":{"@id":"https:\/\/noti-america.com\/site\/argentina\/2025\/04\/28\/belinda-fue-reconocida-con-premio-billboard-a-mujeres-latinas-en-la-musica\/#breadcrumb"},"inLanguage":"es","potentialAction":[{"@type":"ReadAction","target":["https:\/\/noti-america.com\/site\/argentina\/2025\/04\/28\/belinda-fue-reconocida-con-premio-billboard-a-mujeres-latinas-en-la-musica\/"]}]},{"@type":"ImageObject","inLanguage":"es","@id":"https:\/\/noti-america.com\/site\/argentina\/2025\/04\/28\/belinda-fue-reconocida-con-premio-billboard-a-mujeres-latinas-en-la-musica\/#primaryimage","url":"https:\/\/noti-america.com\/site\/argentina\/wp-content\/uploads\/sites\/24\/2025\/04\/belindapop_1745693177_3619459163899630305_17399094-dadb9c.jpg","contentUrl":"https:\/\/noti-america.com\/site\/argentina\/wp-content\/uploads\/sites\/24\/2025\/04\/belindapop_1745693177_3619459163899630305_17399094-dadb9c.jpg","width":800,"height":500},{"@type":"BreadcrumbList","@id":"https:\/\/noti-america.com\/site\/argentina\/2025\/04\/28\/belinda-fue-reconocida-con-premio-billboard-a-mujeres-latinas-en-la-musica\/#breadcrumb","itemListElement":[{"@type":"ListItem","position":1,"name":"Portada","item":"https:\/\/noti-america.com\/site\/argentina\/"},{"@type":"ListItem","position":2,"name":"Belinda fue reconocida con premio Billboard a Mujeres Latinas en la M\u00fasica"}]},{"@type":"WebSite","@id":"https:\/\/noti-america.com\/site\/argentina\/#website","url":"https:\/\/noti-america.com\/site\/argentina\/","name":"Argentina | Noti-America.com","description":"","publisher":{"@id":"https:\/\/noti-america.com\/site\/argentina\/#organization"},"potentialAction":[{"@type":"SearchAction","target":{"@type":"EntryPoint","urlTemplate":"https:\/\/noti-america.com\/site\/argentina\/?s={search_term_string}"},"query-input":{"@type":"PropertyValueSpecification","valueRequired":true,"valueName":"search_term_string"}}],"inLanguage":"es"},{"@type":"Organization","@id":"https:\/\/noti-america.com\/site\/argentina\/#organization","name":"Noti-America LLC | Argentina","url":"https:\/\/noti-america.com\/site\/argentina\/","logo":{"@type":"ImageObject","inLanguage":"es","@id":"https:\/\/noti-america.com\/site\/argentina\/#\/schema\/logo\/image\/","url":"https:\/\/noti-america.com\/site\/argentina\/wp-content\/uploads\/sites\/24\/2020\/07\/LogoNA-4x3-1.jpg","contentUrl":"https:\/\/noti-america.com\/site\/argentina\/wp-content\/uploads\/sites\/24\/2020\/07\/LogoNA-4x3-1.jpg","width":1236,"height":1080,"caption":"Noti-America LLC | Argentina"},"image":{"@id":"https:\/\/noti-america.com\/site\/argentina\/#\/schema\/logo\/image\/"},"sameAs":["https:\/\/x.com\/inotiamerica"]},{"@type":"Person","@id":"https:\/\/noti-america.com\/site\/argentina\/#\/schema\/person\/22806efcc2cfc4b45efb0e17be210ea8","name":"Maria Valentina Noguera Medina","image":{"@type":"ImageObject","inLanguage":"es","@id":"https:\/\/secure.gravatar.com\/avatar\/4ec5eb9d099f2608a49c9df6f7341f66f04f819cdffa09d56a7a0e91d2819d56?s=96&d=mm&r=g","url":"https:\/\/secure.gravatar.com\/avatar\/4ec5eb9d099f2608a49c9df6f7341f66f04f819cdffa09d56a7a0e91d2819d56?s=96&d=mm&r=g","contentUrl":"https:\/\/secure.gravatar.com\/avatar\/4ec5eb9d099f2608a49c9df6f7341f66f04f819cdffa09d56a7a0e91d2819d56?s=96&d=mm&r=g","caption":"Maria Valentina Noguera Medina"},"description":"Periodista - noti-america - Promar Community Manager - Talento Plus Dise\u00f1adora\/ creadora de contenido...","sameAs":["Mar\u00eda Valentina Noguera","https:\/\/www.facebook.com\/mariavalentina.noguera","https:\/\/www.linkedin.com\/in\/mara-valentina-noguera-medina-373075165\/","https:\/\/www.pinterest.es\/valentinanoguera95\/","https:\/\/www.youtube.com\/channel\/UCdek6mbUZ-Tqqw0I63i4nmQ"],"url":"https:\/\/noti-america.com\/site\/argentina\/author\/mnoguera\/"}]}},"_links":{"self":[{"href":"https:\/\/noti-america.com\/site\/argentina\/wp-json\/wp\/v2\/posts\/11344","targetHints":{"allow":["GET"]}}],"collection":[{"href":"https:\/\/noti-america.com\/site\/argentina\/wp-json\/wp\/v2\/posts"}],"about":[{"href":"https:\/\/noti-america.com\/site\/argentina\/wp-json\/wp\/v2\/types\/post"}],"author":[{"embeddable":true,"href":"https:\/\/noti-america.com\/site\/argentina\/wp-json\/wp\/v2\/users\/133"}],"replies":[{"embeddable":true,"href":"https:\/\/noti-america.com\/site\/argentina\/wp-json\/wp\/v2\/comments?post=11344"}],"version-history":[{"count":1,"href":"https:\/\/noti-america.com\/site\/argentina\/wp-json\/wp\/v2\/posts\/11344\/revisions"}],"predecessor-version":[{"id":11346,"href":"https:\/\/noti-america.com\/site\/argentina\/wp-json\/wp\/v2\/posts\/11344\/revisions\/11346"}],"wp:featuredmedia":[{"embeddable":true,"href":"https:\/\/noti-america.com\/site\/argentina\/wp-json\/wp\/v2\/media\/11345"}],"wp:attachment":[{"href":"https:\/\/noti-america.com\/site\/argentina\/wp-json\/wp\/v2\/media?parent=11344"}],"wp:term":[{"taxonomy":"category","embeddable":true,"href":"https:\/\/noti-america.com\/site\/argentina\/wp-json\/wp\/v2\/categories?post=11344"},{"taxonomy":"post_tag","embeddable":true,"href":"https:\/\/noti-america.com\/site\/argentina\/wp-json\/wp\/v2\/tags?post=11344"}],"curies":[{"name":"wp","href":"https:\/\/api.w.org\/{rel}","templated":true}]}}