{"id":3449,"date":"2026-05-01T13:30:30","date_gmt":"2026-05-01T13:30:30","guid":{"rendered":"https:\/\/noti-america.com\/site\/alemania\/?p=3449"},"modified":"2026-05-01T13:30:30","modified_gmt":"2026-05-01T13:30:30","slug":"dia-del-trabajo-con-protestas-y-reivindicaciones-sociales","status":"publish","type":"post","link":"https:\/\/noti-america.com\/site\/alemania\/2026\/05\/01\/dia-del-trabajo-con-protestas-y-reivindicaciones-sociales\/","title":{"rendered":"D\u00eda del Trabajo con protestas y reivindicaciones sociales"},"content":{"rendered":"<p><span style=\"color: #000000\"><span style=\"font-family: Arial, sans-serif\"><span style=\"font-size: small\">ALEMANIA <\/span><\/span><span style=\"font-family: Arial, sans-serif\"><span style=\"font-size: small\">|<\/span><\/span> <span style=\"font-family: Arial, sans-serif\"><span style=\"font-size: small\">NOTI-AMERICA.COM<\/span><\/span><\/span><\/p>\n<p align=\"justify\"><span style=\"color: #000000\"><span style=\"font-family: Arial, sans-serif\"><span style=\"font-size: small\">El 1 de mayo, conocido internacionalmente como el D\u00eda del Trabajo, vuelve a situar a Alemania en el centro de la movilizaci\u00f3n social. En ciudades como Berl\u00edn, Hamburgo y Frankfurt, sindicatos, colectivos laborales y organizaciones civiles han salido a las calles para reclamar mejoras en las condiciones laborales.<\/span><\/span><\/span><\/p>\n<p align=\"justify\"><span style=\"color: #000000\"><span style=\"font-family: Arial, sans-serif\"><span style=\"font-size: small\">Las protestas del Primero de Mayo forman parte de una tradici\u00f3n hist\u00f3rica en Alemania, donde los sindicatos desempe\u00f1an un papel clave en la negociaci\u00f3n colectiva. Este a\u00f1o, las reivindicaciones se centran especialmente en el impacto del aumento del coste de vida, la presi\u00f3n inflacionaria y la necesidad de reforzar los salarios reales.<\/span><\/span><\/span><\/p>\n<p align=\"justify\"><span style=\"color: #000000\"><span style=\"font-family: Arial, sans-serif\"><span style=\"font-size: small\">Adem\u00e1s de las marchas organizadas, en algunas ciudades se han llevado a cabo concentraciones alternativas con enfoques m\u00e1s pol\u00edticos o sociales, incluyendo debates sobre vivienda, transici\u00f3n energ\u00e9tica y desigualdad econ\u00f3mica.<\/span><\/span><\/span><\/p>\n<p align=\"justify\"><span style=\"color: #000000\"><span style=\"font-family: Arial, sans-serif\"><span style=\"font-size: small\">Las autoridades han desplegado dispositivos de seguridad habituales para este tipo de jornadas, especialmente en zonas donde hist\u00f3ricamente se han producido tensiones. Aun as\u00ed, el ambiente general ha sido mayoritariamente pac\u00edfico, reflejando la importancia de este d\u00eda como espacio de expresi\u00f3n democr\u00e1tica.<\/span><\/span><\/span><\/p>\n","protected":false},"excerpt":{"rendered":"<p>ALEMANIA | NOTI-AMERICA.COM El 1 de mayo, conocido internacionalmente como el D\u00eda del Trabajo, vuelve a situar a Alemania en el centro de la movilizaci\u00f3n social. En ciudades como Berl\u00edn, Hamburgo y Frankfurt, sindicatos,&#46;&#46;&#46;<\/p>\n","protected":false},"author":159,"featured_media":3450,"comment_status":"open","ping_status":"open","sticky":false,"template":"","format":"image","meta":{"_acf_changed":false,"om_disable_all_campaigns":false,"rop_custom_images_group":[],"rop_custom_messages_group":[],"rop_publish_now":"initial","rop_publish_now_accounts":[],"rop_publish_now_history":[],"rop_publish_now_status":"pending","_monsterinsights_skip_tracking":false,"_monsterinsights_sitenote_active":false,"_monsterinsights_sitenote_note":"","_monsterinsights_sitenote_category":0,"_uf_show_specific_survey":0,"_uf_disable_surveys":false,"footnotes":""},"categories":[10],"tags":[],"class_list":["post-3449","post","type-post","status-publish","format-image","has-post-thumbnail","hentry","category-actualidad","post_format-post-format-image"],"acf":[],"aioseo_notices":[],"yoast_head":"<!-- This site is optimized with the Yoast SEO Premium plugin v24.9 (Yoast SEO v27.2) - https:\/\/yoast.com\/product\/yoast-seo-premium-wordpress\/ -->\n<title>D\u00eda del Trabajo con protestas y reivindicaciones sociales - Alemania | Noti-America.com<\/title>\n<meta name=\"robots\" content=\"index, follow, max-snippet:-1, max-image-preview:large, max-video-preview:-1\" \/>\n<link rel=\"canonical\" href=\"https:\/\/noti-america.com\/site\/alemania\/2026\/05\/01\/dia-del-trabajo-con-protestas-y-reivindicaciones-sociales\/\" \/>\n<meta property=\"og:locale\" content=\"es_ES\" \/>\n<meta property=\"og:type\" content=\"article\" \/>\n<meta property=\"og:title\" content=\"D\u00eda del Trabajo con protestas y reivindicaciones sociales\" \/>\n<meta property=\"og:description\" content=\"ALEMANIA | NOTI-AMERICA.COM El 1 de mayo, conocido internacionalmente como el D\u00eda del Trabajo, vuelve a situar a Alemania en el centro de la movilizaci\u00f3n social. En ciudades como Berl\u00edn, Hamburgo y Frankfurt, sindicatos,&#046;&#046;&#046;\" \/>\n<meta property=\"og:url\" content=\"https:\/\/noti-america.com\/site\/alemania\/2026\/05\/01\/dia-del-trabajo-con-protestas-y-reivindicaciones-sociales\/\" \/>\n<meta property=\"og:site_name\" content=\"Alemania | Noti-America.com\" \/>\n<meta property=\"article:published_time\" content=\"2026-05-01T13:30:30+00:00\" \/>\n<meta property=\"og:image\" content=\"https:\/\/noti-america.com\/site\/alemania\/wp-content\/uploads\/sites\/29\/2026\/05\/pexels-skigh_tv-91087462-12111235-scaled.jpg\" \/>\n\t<meta property=\"og:image:width\" content=\"2560\" \/>\n\t<meta property=\"og:image:height\" content=\"1440\" \/>\n\t<meta property=\"og:image:type\" content=\"image\/jpeg\" \/>\n<meta name=\"author\" content=\"Edcris Machado\" \/>\n<meta name=\"twitter:card\" content=\"summary_large_image\" \/>\n<meta name=\"twitter:creator\" content=\"@edcrismachado\" \/>\n<meta name=\"twitter:site\" content=\"@notiamerica\" \/>\n<meta name=\"twitter:label1\" content=\"Escrito por\" \/>\n\t<meta name=\"twitter:data1\" content=\"Edcris Machado\" \/>\n\t<meta name=\"twitter:label2\" content=\"Tiempo estimado de lectura\" \/>\n\t<meta name=\"twitter:data2\" content=\"2 minutos\" \/>\n<script type=\"application\/ld+json\" class=\"yoast-schema-graph\">{\"@context\":\"https:\/\/schema.org\",\"@graph\":[{\"@type\":\"Article\",\"@id\":\"https:\/\/noti-america.com\/site\/alemania\/2026\/05\/01\/dia-del-trabajo-con-protestas-y-reivindicaciones-sociales\/#article\",\"isPartOf\":{\"@id\":\"https:\/\/noti-america.com\/site\/alemania\/2026\/05\/01\/dia-del-trabajo-con-protestas-y-reivindicaciones-sociales\/\"},\"author\":{\"name\":\"Edcris Machado\",\"@id\":\"https:\/\/noti-america.com\/site\/alemania\/#\/schema\/person\/2c8d119440090d2d2a880904475295bb\"},\"headline\":\"D\u00eda del Trabajo con protestas y reivindicaciones sociales\",\"datePublished\":\"2026-05-01T13:30:30+00:00\",\"mainEntityOfPage\":{\"@id\":\"https:\/\/noti-america.com\/site\/alemania\/2026\/05\/01\/dia-del-trabajo-con-protestas-y-reivindicaciones-sociales\/\"},\"wordCount\":203,\"commentCount\":0,\"image\":{\"@id\":\"https:\/\/noti-america.com\/site\/alemania\/2026\/05\/01\/dia-del-trabajo-con-protestas-y-reivindicaciones-sociales\/#primaryimage\"},\"thumbnailUrl\":\"https:\/\/noti-america.com\/site\/alemania\/wp-content\/uploads\/sites\/29\/2026\/05\/pexels-skigh_tv-91087462-12111235-scaled.jpg\",\"articleSection\":[\"Actualidad\"],\"inLanguage\":\"es\",\"potentialAction\":[{\"@type\":\"CommentAction\",\"name\":\"Comment\",\"target\":[\"https:\/\/noti-america.com\/site\/alemania\/2026\/05\/01\/dia-del-trabajo-con-protestas-y-reivindicaciones-sociales\/#respond\"]}]},{\"@type\":\"WebPage\",\"@id\":\"https:\/\/noti-america.com\/site\/alemania\/2026\/05\/01\/dia-del-trabajo-con-protestas-y-reivindicaciones-sociales\/\",\"url\":\"https:\/\/noti-america.com\/site\/alemania\/2026\/05\/01\/dia-del-trabajo-con-protestas-y-reivindicaciones-sociales\/\",\"name\":\"D\u00eda del Trabajo con protestas y reivindicaciones sociales - Alemania | Noti-America.com\",\"isPartOf\":{\"@id\":\"https:\/\/noti-america.com\/site\/alemania\/#website\"},\"primaryImageOfPage\":{\"@id\":\"https:\/\/noti-america.com\/site\/alemania\/2026\/05\/01\/dia-del-trabajo-con-protestas-y-reivindicaciones-sociales\/#primaryimage\"},\"image\":{\"@id\":\"https:\/\/noti-america.com\/site\/alemania\/2026\/05\/01\/dia-del-trabajo-con-protestas-y-reivindicaciones-sociales\/#primaryimage\"},\"thumbnailUrl\":\"https:\/\/noti-america.com\/site\/alemania\/wp-content\/uploads\/sites\/29\/2026\/05\/pexels-skigh_tv-91087462-12111235-scaled.jpg\",\"datePublished\":\"2026-05-01T13:30:30+00:00\",\"author\":{\"@id\":\"https:\/\/noti-america.com\/site\/alemania\/#\/schema\/person\/2c8d119440090d2d2a880904475295bb\"},\"breadcrumb\":{\"@id\":\"https:\/\/noti-america.com\/site\/alemania\/2026\/05\/01\/dia-del-trabajo-con-protestas-y-reivindicaciones-sociales\/#breadcrumb\"},\"inLanguage\":\"es\",\"potentialAction\":[{\"@type\":\"ReadAction\",\"target\":[\"https:\/\/noti-america.com\/site\/alemania\/2026\/05\/01\/dia-del-trabajo-con-protestas-y-reivindicaciones-sociales\/\"]}]},{\"@type\":\"ImageObject\",\"inLanguage\":\"es\",\"@id\":\"https:\/\/noti-america.com\/site\/alemania\/2026\/05\/01\/dia-del-trabajo-con-protestas-y-reivindicaciones-sociales\/#primaryimage\",\"url\":\"https:\/\/noti-america.com\/site\/alemania\/wp-content\/uploads\/sites\/29\/2026\/05\/pexels-skigh_tv-91087462-12111235-scaled.jpg\",\"contentUrl\":\"https:\/\/noti-america.com\/site\/alemania\/wp-content\/uploads\/sites\/29\/2026\/05\/pexels-skigh_tv-91087462-12111235-scaled.jpg\",\"width\":2560,\"height\":1440,\"caption\":\"Foto: Imagen de una protesta en Berlin en el mes de junio de 2018\"},{\"@type\":\"BreadcrumbList\",\"@id\":\"https:\/\/noti-america.com\/site\/alemania\/2026\/05\/01\/dia-del-trabajo-con-protestas-y-reivindicaciones-sociales\/#breadcrumb\",\"itemListElement\":[{\"@type\":\"ListItem\",\"position\":1,\"name\":\"Portada\",\"item\":\"https:\/\/noti-america.com\/site\/alemania\/\"},{\"@type\":\"ListItem\",\"position\":2,\"name\":\"D\u00eda del Trabajo con protestas y reivindicaciones sociales\"}]},{\"@type\":\"WebSite\",\"@id\":\"https:\/\/noti-america.com\/site\/alemania\/#website\",\"url\":\"https:\/\/noti-america.com\/site\/alemania\/\",\"name\":\"Alemania | Noti-America.com\",\"description\":\"Alemania | Noti-America.com\",\"potentialAction\":[{\"@type\":\"SearchAction\",\"target\":{\"@type\":\"EntryPoint\",\"urlTemplate\":\"https:\/\/noti-america.com\/site\/alemania\/?s={search_term_string}\"},\"query-input\":{\"@type\":\"PropertyValueSpecification\",\"valueRequired\":true,\"valueName\":\"search_term_string\"}}],\"inLanguage\":\"es\"},{\"@type\":\"Person\",\"@id\":\"https:\/\/noti-america.com\/site\/alemania\/#\/schema\/person\/2c8d119440090d2d2a880904475295bb\",\"name\":\"Edcris Machado\",\"image\":{\"@type\":\"ImageObject\",\"inLanguage\":\"es\",\"@id\":\"https:\/\/secure.gravatar.com\/avatar\/a38b45f8b815a71e5782bb09fdc2302cf360723d562841917495b747d85c4781?s=96&d=mm&r=g\",\"url\":\"https:\/\/secure.gravatar.com\/avatar\/a38b45f8b815a71e5782bb09fdc2302cf360723d562841917495b747d85c4781?s=96&d=mm&r=g\",\"contentUrl\":\"https:\/\/secure.gravatar.com\/avatar\/a38b45f8b815a71e5782bb09fdc2302cf360723d562841917495b747d85c4781?s=96&d=mm&r=g\",\"caption\":\"Edcris Machado\"},\"description\":\"Edcris Machado es ingeniera, docente, periodista y autora venezolana residenciada en Alemania. Su trabajo se centra en la comunicaci\u00f3n, la cultura y las experiencias interculturales, con una mirada que busca ir m\u00e1s all\u00e1 de las noticias.\",\"sameAs\":[\"https:\/\/www.edcrismachado.com\",\"https:\/\/www.instagram.com\/edcrismachado?utm_source=qr&igsh=amducjB1emh0ZDZ0\",\"https:\/\/x.com\/edcrismachado\"],\"jobTitle\":\"Directora Noti-America Alemania\",\"url\":\"https:\/\/noti-america.com\/site\/alemania\/author\/emachado\/\"}]}<\/script>\n<!-- \/ Yoast SEO Premium plugin. -->","yoast_head_json":{"title":"D\u00eda del Trabajo con protestas y reivindicaciones sociales - Alemania | Noti-America.com","robots":{"index":"index","follow":"follow","max-snippet":"max-snippet:-1","max-image-preview":"max-image-preview:large","max-video-preview":"max-video-preview:-1"},"canonical":"https:\/\/noti-america.com\/site\/alemania\/2026\/05\/01\/dia-del-trabajo-con-protestas-y-reivindicaciones-sociales\/","og_locale":"es_ES","og_type":"article","og_title":"D\u00eda del Trabajo con protestas y reivindicaciones sociales","og_description":"ALEMANIA | NOTI-AMERICA.COM El 1 de mayo, conocido internacionalmente como el D\u00eda del Trabajo, vuelve a situar a Alemania en el centro de la movilizaci\u00f3n social. En ciudades como Berl\u00edn, Hamburgo y Frankfurt, sindicatos,&#46;&#46;&#46;","og_url":"https:\/\/noti-america.com\/site\/alemania\/2026\/05\/01\/dia-del-trabajo-con-protestas-y-reivindicaciones-sociales\/","og_site_name":"Alemania | Noti-America.com","article_published_time":"2026-05-01T13:30:30+00:00","og_image":[{"width":2560,"height":1440,"url":"https:\/\/noti-america.com\/site\/alemania\/wp-content\/uploads\/sites\/29\/2026\/05\/pexels-skigh_tv-91087462-12111235-scaled.jpg","type":"image\/jpeg"}],"author":"Edcris Machado","twitter_card":"summary_large_image","twitter_creator":"@edcrismachado","twitter_site":"@notiamerica","twitter_misc":{"Escrito por":"Edcris Machado","Tiempo estimado de lectura":"2 minutos"},"schema":{"@context":"https:\/\/schema.org","@graph":[{"@type":"Article","@id":"https:\/\/noti-america.com\/site\/alemania\/2026\/05\/01\/dia-del-trabajo-con-protestas-y-reivindicaciones-sociales\/#article","isPartOf":{"@id":"https:\/\/noti-america.com\/site\/alemania\/2026\/05\/01\/dia-del-trabajo-con-protestas-y-reivindicaciones-sociales\/"},"author":{"name":"Edcris Machado","@id":"https:\/\/noti-america.com\/site\/alemania\/#\/schema\/person\/2c8d119440090d2d2a880904475295bb"},"headline":"D\u00eda del Trabajo con protestas y reivindicaciones sociales","datePublished":"2026-05-01T13:30:30+00:00","mainEntityOfPage":{"@id":"https:\/\/noti-america.com\/site\/alemania\/2026\/05\/01\/dia-del-trabajo-con-protestas-y-reivindicaciones-sociales\/"},"wordCount":203,"commentCount":0,"image":{"@id":"https:\/\/noti-america.com\/site\/alemania\/2026\/05\/01\/dia-del-trabajo-con-protestas-y-reivindicaciones-sociales\/#primaryimage"},"thumbnailUrl":"https:\/\/noti-america.com\/site\/alemania\/wp-content\/uploads\/sites\/29\/2026\/05\/pexels-skigh_tv-91087462-12111235-scaled.jpg","articleSection":["Actualidad"],"inLanguage":"es","potentialAction":[{"@type":"CommentAction","name":"Comment","target":["https:\/\/noti-america.com\/site\/alemania\/2026\/05\/01\/dia-del-trabajo-con-protestas-y-reivindicaciones-sociales\/#respond"]}]},{"@type":"WebPage","@id":"https:\/\/noti-america.com\/site\/alemania\/2026\/05\/01\/dia-del-trabajo-con-protestas-y-reivindicaciones-sociales\/","url":"https:\/\/noti-america.com\/site\/alemania\/2026\/05\/01\/dia-del-trabajo-con-protestas-y-reivindicaciones-sociales\/","name":"D\u00eda del Trabajo con protestas y reivindicaciones sociales - Alemania | Noti-America.com","isPartOf":{"@id":"https:\/\/noti-america.com\/site\/alemania\/#website"},"primaryImageOfPage":{"@id":"https:\/\/noti-america.com\/site\/alemania\/2026\/05\/01\/dia-del-trabajo-con-protestas-y-reivindicaciones-sociales\/#primaryimage"},"image":{"@id":"https:\/\/noti-america.com\/site\/alemania\/2026\/05\/01\/dia-del-trabajo-con-protestas-y-reivindicaciones-sociales\/#primaryimage"},"thumbnailUrl":"https:\/\/noti-america.com\/site\/alemania\/wp-content\/uploads\/sites\/29\/2026\/05\/pexels-skigh_tv-91087462-12111235-scaled.jpg","datePublished":"2026-05-01T13:30:30+00:00","author":{"@id":"https:\/\/noti-america.com\/site\/alemania\/#\/schema\/person\/2c8d119440090d2d2a880904475295bb"},"breadcrumb":{"@id":"https:\/\/noti-america.com\/site\/alemania\/2026\/05\/01\/dia-del-trabajo-con-protestas-y-reivindicaciones-sociales\/#breadcrumb"},"inLanguage":"es","potentialAction":[{"@type":"ReadAction","target":["https:\/\/noti-america.com\/site\/alemania\/2026\/05\/01\/dia-del-trabajo-con-protestas-y-reivindicaciones-sociales\/"]}]},{"@type":"ImageObject","inLanguage":"es","@id":"https:\/\/noti-america.com\/site\/alemania\/2026\/05\/01\/dia-del-trabajo-con-protestas-y-reivindicaciones-sociales\/#primaryimage","url":"https:\/\/noti-america.com\/site\/alemania\/wp-content\/uploads\/sites\/29\/2026\/05\/pexels-skigh_tv-91087462-12111235-scaled.jpg","contentUrl":"https:\/\/noti-america.com\/site\/alemania\/wp-content\/uploads\/sites\/29\/2026\/05\/pexels-skigh_tv-91087462-12111235-scaled.jpg","width":2560,"height":1440,"caption":"Foto: Imagen de una protesta en Berlin en el mes de junio de 2018"},{"@type":"BreadcrumbList","@id":"https:\/\/noti-america.com\/site\/alemania\/2026\/05\/01\/dia-del-trabajo-con-protestas-y-reivindicaciones-sociales\/#breadcrumb","itemListElement":[{"@type":"ListItem","position":1,"name":"Portada","item":"https:\/\/noti-america.com\/site\/alemania\/"},{"@type":"ListItem","position":2,"name":"D\u00eda del Trabajo con protestas y reivindicaciones sociales"}]},{"@type":"WebSite","@id":"https:\/\/noti-america.com\/site\/alemania\/#website","url":"https:\/\/noti-america.com\/site\/alemania\/","name":"Alemania | Noti-America.com","description":"Alemania | Noti-America.com","potentialAction":[{"@type":"SearchAction","target":{"@type":"EntryPoint","urlTemplate":"https:\/\/noti-america.com\/site\/alemania\/?s={search_term_string}"},"query-input":{"@type":"PropertyValueSpecification","valueRequired":true,"valueName":"search_term_string"}}],"inLanguage":"es"},{"@type":"Person","@id":"https:\/\/noti-america.com\/site\/alemania\/#\/schema\/person\/2c8d119440090d2d2a880904475295bb","name":"Edcris Machado","image":{"@type":"ImageObject","inLanguage":"es","@id":"https:\/\/secure.gravatar.com\/avatar\/a38b45f8b815a71e5782bb09fdc2302cf360723d562841917495b747d85c4781?s=96&d=mm&r=g","url":"https:\/\/secure.gravatar.com\/avatar\/a38b45f8b815a71e5782bb09fdc2302cf360723d562841917495b747d85c4781?s=96&d=mm&r=g","contentUrl":"https:\/\/secure.gravatar.com\/avatar\/a38b45f8b815a71e5782bb09fdc2302cf360723d562841917495b747d85c4781?s=96&d=mm&r=g","caption":"Edcris Machado"},"description":"Edcris Machado es ingeniera, docente, periodista y autora venezolana residenciada en Alemania. Su trabajo se centra en la comunicaci\u00f3n, la cultura y las experiencias interculturales, con una mirada que busca ir m\u00e1s all\u00e1 de las noticias.","sameAs":["https:\/\/www.edcrismachado.com","https:\/\/www.instagram.com\/edcrismachado?utm_source=qr&igsh=amducjB1emh0ZDZ0","https:\/\/x.com\/edcrismachado"],"jobTitle":"Directora Noti-America Alemania","url":"https:\/\/noti-america.com\/site\/alemania\/author\/emachado\/"}]}},"_links":{"self":[{"href":"https:\/\/noti-america.com\/site\/alemania\/wp-json\/wp\/v2\/posts\/3449","targetHints":{"allow":["GET"]}}],"collection":[{"href":"https:\/\/noti-america.com\/site\/alemania\/wp-json\/wp\/v2\/posts"}],"about":[{"href":"https:\/\/noti-america.com\/site\/alemania\/wp-json\/wp\/v2\/types\/post"}],"author":[{"embeddable":true,"href":"https:\/\/noti-america.com\/site\/alemania\/wp-json\/wp\/v2\/users\/159"}],"replies":[{"embeddable":true,"href":"https:\/\/noti-america.com\/site\/alemania\/wp-json\/wp\/v2\/comments?post=3449"}],"version-history":[{"count":1,"href":"https:\/\/noti-america.com\/site\/alemania\/wp-json\/wp\/v2\/posts\/3449\/revisions"}],"predecessor-version":[{"id":3451,"href":"https:\/\/noti-america.com\/site\/alemania\/wp-json\/wp\/v2\/posts\/3449\/revisions\/3451"}],"wp:featuredmedia":[{"embeddable":true,"href":"https:\/\/noti-america.com\/site\/alemania\/wp-json\/wp\/v2\/media\/3450"}],"wp:attachment":[{"href":"https:\/\/noti-america.com\/site\/alemania\/wp-json\/wp\/v2\/media?parent=3449"}],"wp:term":[{"taxonomy":"category","embeddable":true,"href":"https:\/\/noti-america.com\/site\/alemania\/wp-json\/wp\/v2\/categories?post=3449"},{"taxonomy":"post_tag","embeddable":true,"href":"https:\/\/noti-america.com\/site\/alemania\/wp-json\/wp\/v2\/tags?post=3449"}],"curies":[{"name":"wp","href":"https:\/\/api.w.org\/{rel}","templated":true}]}}