{"id":3437,"date":"2026-04-29T13:14:34","date_gmt":"2026-04-29T13:14:34","guid":{"rendered":"https:\/\/noti-america.com\/site\/alemania\/?p=3437"},"modified":"2026-04-29T13:14:34","modified_gmt":"2026-04-29T13:14:34","slug":"bayern-vs-psg-una-semifinal-de-champions-que-dejo-al-futbol-sin-aliento","status":"publish","type":"post","link":"https:\/\/noti-america.com\/site\/alemania\/2026\/04\/29\/bayern-vs-psg-una-semifinal-de-champions-que-dejo-al-futbol-sin-aliento\/","title":{"rendered":"Bayern vs PSG: una semifinal de Champions que dej\u00f3 al f\u00fatbol sin aliento"},"content":{"rendered":"<p align=\"justify\"><span style=\"font-size: medium\">ALEMANIA | NOTI-AMERICA.COM<\/span><\/p>\n<p align=\"justify\"><span style=\"font-size: medium\">La ida de semifinales de la UEFA Champions League entre el FC Bayern Munich y el Paris Saint-Germain, disputada el <strong>28 de abril de 2026<\/strong>, se convirti\u00f3 en uno de los encuentros m\u00e1s espectaculares de la temporada.<\/span><\/p>\n<p align=\"justify\">Con un marcador final de <strong>5-4 a favor del PSG<\/strong>, el partido ofreci\u00f3 un ritmo fren\u00e9tico, alternancias constantes en el marcador y una intensidad que mantuvo a millones de aficionados pendientes hasta el \u00faltimo minuto.<\/p>\n<h2 class=\"western\" align=\"justify\"><span style=\"font-size: medium\">Un festival ofensivo desde el inicio<\/span><\/h2>\n<p align=\"justify\">Desde el pitido inicial, ambos equipos dejaron claro que no especular\u00edan. El Bayern apost\u00f3 por su estilo ofensivo habitual, presionando alto y generando ocasiones tempranas. Sin embargo, el PSG respondi\u00f3 con rapidez, aprovechando espacios en transici\u00f3n.<\/p>\n<p align=\"justify\">El resultado fue un intercambio continuo de goles:<\/p>\n<ul>\n<li>\n<p align=\"justify\">El Bayern mostr\u00f3 eficacia en ataque, pero tambi\u00e9n fragilidad defensiva<\/p>\n<\/li>\n<li>\n<p align=\"justify\">El PSG supo capitalizar errores clave en momentos decisivos<\/p>\n<\/li>\n<\/ul>\n<p align=\"justify\">Este tipo de partidos, poco habituales en fases tan avanzadas del torneo, reflejan el nivel ofensivo de ambos clubes y su apuesta por el espect\u00e1culo.<\/p>\n<h2 class=\"western\" align=\"justify\"><span style=\"font-size: medium\">Claves del partido<\/span><\/h2>\n<p align=\"left\"><strong>1. Intensidad sin control defensivo<\/strong><br \/>\nAmbos equipos priorizaron el ataque, lo que dej\u00f3 huecos atr\u00e1s. Esto explica el elevado n\u00famero de goles.<\/p>\n<p align=\"left\"><strong>2. Eficacia en momentos clave<\/strong><br \/>\nEl PSG logr\u00f3 marcar en momentos psicol\u00f3gicos importantes, especialmente tras goles del Bayern, evitando que los alemanes consolidaran ventaja.<\/p>\n<p align=\"left\"><strong>3. Experiencia europea<\/strong><br \/>\nLos dos clubes cuentan con amplia trayectoria en Champions, pero el equipo parisino mostr\u00f3 mayor sangre fr\u00eda en los minutos finales.<\/p>\n<h2 class=\"western\" align=\"justify\"><span style=\"font-size: medium\">Lo que deja esta ida<\/span><\/h2>\n<p align=\"justify\">Aunque el PSG se lleva la victoria, la diferencia de solo un gol mantiene la eliminatoria completamente abierta. El Bayern, jugando la vuelta en casa, sigue con opciones reales de remontar.<\/p>\n<p align=\"justify\">En este formato de eliminatorias, los detalles marcan la diferencia:<\/p>\n<ul>\n<li>\n<p align=\"justify\">Un error defensivo<\/p>\n<\/li>\n<li>\n<p align=\"justify\">Una jugada a bal\u00f3n parado<\/p>\n<\/li>\n<li>\n<p align=\"justify\">O una actuaci\u00f3n individual decisiva<\/p>\n<\/li>\n<\/ul>\n<h2 class=\"western\" align=\"justify\"><span style=\"font-size: medium\">Todo se decide en M\u00fanich<\/span><\/h2>\n<p align=\"justify\">El desenlace llegar\u00e1 el <strong>6 de mayo en el Allianz Arena<\/strong>, donde el Bayern intentar\u00e1 aprovechar el apoyo de su afici\u00f3n para darle la vuelta a la eliminatoria.<\/p>\n<p align=\"justify\">La Champions League vuelve a demostrar por qu\u00e9 es la competici\u00f3n m\u00e1s seguida del mundo: noches como esta combinan drama, talento y emoci\u00f3n en estado puro.<\/p>\n<p align=\"justify\">\n","protected":false},"excerpt":{"rendered":"<p>ALEMANIA | NOTI-AMERICA.COM La ida de semifinales de la UEFA Champions League entre el FC Bayern Munich y el Paris Saint-Germain, disputada el 28 de abril de 2026, se convirti\u00f3 en uno de los&#46;&#46;&#46;<\/p>\n","protected":false},"author":159,"featured_media":3438,"comment_status":"open","ping_status":"open","sticky":false,"template":"","format":"image","meta":{"_acf_changed":false,"om_disable_all_campaigns":false,"rop_custom_images_group":[],"rop_custom_messages_group":[],"rop_publish_now":"initial","rop_publish_now_accounts":[],"rop_publish_now_history":[],"rop_publish_now_status":"pending","_monsterinsights_skip_tracking":false,"_monsterinsights_sitenote_active":false,"_monsterinsights_sitenote_note":"","_monsterinsights_sitenote_category":0,"_uf_show_specific_survey":0,"_uf_disable_surveys":false,"footnotes":""},"categories":[10,16],"tags":[],"class_list":["post-3437","post","type-post","status-publish","format-image","has-post-thumbnail","hentry","category-actualidad","category-deportes","post_format-post-format-image"],"acf":[],"aioseo_notices":[],"yoast_head":"<!-- This site is optimized with the Yoast SEO Premium plugin v24.9 (Yoast SEO v27.2) - https:\/\/yoast.com\/product\/yoast-seo-premium-wordpress\/ -->\n<title>Bayern vs PSG: una semifinal de Champions que dej\u00f3 al f\u00fatbol sin aliento - Alemania | Noti-America.com<\/title>\n<meta name=\"robots\" content=\"index, follow, max-snippet:-1, max-image-preview:large, max-video-preview:-1\" \/>\n<link rel=\"canonical\" href=\"https:\/\/noti-america.com\/site\/alemania\/2026\/04\/29\/bayern-vs-psg-una-semifinal-de-champions-que-dejo-al-futbol-sin-aliento\/\" \/>\n<meta property=\"og:locale\" content=\"es_ES\" \/>\n<meta property=\"og:type\" content=\"article\" \/>\n<meta property=\"og:title\" content=\"Bayern vs PSG: una semifinal de Champions que dej\u00f3 al f\u00fatbol sin aliento\" \/>\n<meta property=\"og:description\" content=\"ALEMANIA | NOTI-AMERICA.COM La ida de semifinales de la UEFA Champions League entre el FC Bayern Munich y el Paris Saint-Germain, disputada el 28 de abril de 2026, se convirti\u00f3 en uno de los&#046;&#046;&#046;\" \/>\n<meta property=\"og:url\" content=\"https:\/\/noti-america.com\/site\/alemania\/2026\/04\/29\/bayern-vs-psg-una-semifinal-de-champions-que-dejo-al-futbol-sin-aliento\/\" \/>\n<meta property=\"og:site_name\" content=\"Alemania | Noti-America.com\" \/>\n<meta property=\"article:published_time\" content=\"2026-04-29T13:14:34+00:00\" \/>\n<meta property=\"og:image\" content=\"https:\/\/noti-america.com\/site\/alemania\/wp-content\/uploads\/sites\/29\/2026\/04\/pexels-rednguyen-27110089-scaled.jpg\" \/>\n\t<meta property=\"og:image:width\" content=\"2560\" \/>\n\t<meta property=\"og:image:height\" content=\"1707\" \/>\n\t<meta property=\"og:image:type\" content=\"image\/jpeg\" \/>\n<meta name=\"author\" content=\"Edcris Machado\" \/>\n<meta name=\"twitter:card\" content=\"summary_large_image\" \/>\n<meta name=\"twitter:creator\" content=\"@edcrismachado\" \/>\n<meta name=\"twitter:site\" content=\"@notiamerica\" \/>\n<meta name=\"twitter:label1\" content=\"Escrito por\" \/>\n\t<meta name=\"twitter:data1\" content=\"Edcris Machado\" \/>\n\t<meta name=\"twitter:label2\" content=\"Tiempo estimado de lectura\" \/>\n\t<meta name=\"twitter:data2\" content=\"2 minutos\" \/>\n<script type=\"application\/ld+json\" class=\"yoast-schema-graph\">{\"@context\":\"https:\/\/schema.org\",\"@graph\":[{\"@type\":\"Article\",\"@id\":\"https:\/\/noti-america.com\/site\/alemania\/2026\/04\/29\/bayern-vs-psg-una-semifinal-de-champions-que-dejo-al-futbol-sin-aliento\/#article\",\"isPartOf\":{\"@id\":\"https:\/\/noti-america.com\/site\/alemania\/2026\/04\/29\/bayern-vs-psg-una-semifinal-de-champions-que-dejo-al-futbol-sin-aliento\/\"},\"author\":{\"name\":\"Edcris Machado\",\"@id\":\"https:\/\/noti-america.com\/site\/alemania\/#\/schema\/person\/2c8d119440090d2d2a880904475295bb\"},\"headline\":\"Bayern vs PSG: una semifinal de Champions que dej\u00f3 al f\u00fatbol sin aliento\",\"datePublished\":\"2026-04-29T13:14:34+00:00\",\"mainEntityOfPage\":{\"@id\":\"https:\/\/noti-america.com\/site\/alemania\/2026\/04\/29\/bayern-vs-psg-una-semifinal-de-champions-que-dejo-al-futbol-sin-aliento\/\"},\"wordCount\":385,\"commentCount\":0,\"image\":{\"@id\":\"https:\/\/noti-america.com\/site\/alemania\/2026\/04\/29\/bayern-vs-psg-una-semifinal-de-champions-que-dejo-al-futbol-sin-aliento\/#primaryimage\"},\"thumbnailUrl\":\"https:\/\/noti-america.com\/site\/alemania\/wp-content\/uploads\/sites\/29\/2026\/04\/pexels-rednguyen-27110089-scaled.jpg\",\"articleSection\":[\"Actualidad\",\"Deportes\"],\"inLanguage\":\"es\",\"potentialAction\":[{\"@type\":\"CommentAction\",\"name\":\"Comment\",\"target\":[\"https:\/\/noti-america.com\/site\/alemania\/2026\/04\/29\/bayern-vs-psg-una-semifinal-de-champions-que-dejo-al-futbol-sin-aliento\/#respond\"]}]},{\"@type\":\"WebPage\",\"@id\":\"https:\/\/noti-america.com\/site\/alemania\/2026\/04\/29\/bayern-vs-psg-una-semifinal-de-champions-que-dejo-al-futbol-sin-aliento\/\",\"url\":\"https:\/\/noti-america.com\/site\/alemania\/2026\/04\/29\/bayern-vs-psg-una-semifinal-de-champions-que-dejo-al-futbol-sin-aliento\/\",\"name\":\"Bayern vs PSG: una semifinal de Champions que dej\u00f3 al f\u00fatbol sin aliento - Alemania | Noti-America.com\",\"isPartOf\":{\"@id\":\"https:\/\/noti-america.com\/site\/alemania\/#website\"},\"primaryImageOfPage\":{\"@id\":\"https:\/\/noti-america.com\/site\/alemania\/2026\/04\/29\/bayern-vs-psg-una-semifinal-de-champions-que-dejo-al-futbol-sin-aliento\/#primaryimage\"},\"image\":{\"@id\":\"https:\/\/noti-america.com\/site\/alemania\/2026\/04\/29\/bayern-vs-psg-una-semifinal-de-champions-que-dejo-al-futbol-sin-aliento\/#primaryimage\"},\"thumbnailUrl\":\"https:\/\/noti-america.com\/site\/alemania\/wp-content\/uploads\/sites\/29\/2026\/04\/pexels-rednguyen-27110089-scaled.jpg\",\"datePublished\":\"2026-04-29T13:14:34+00:00\",\"author\":{\"@id\":\"https:\/\/noti-america.com\/site\/alemania\/#\/schema\/person\/2c8d119440090d2d2a880904475295bb\"},\"breadcrumb\":{\"@id\":\"https:\/\/noti-america.com\/site\/alemania\/2026\/04\/29\/bayern-vs-psg-una-semifinal-de-champions-que-dejo-al-futbol-sin-aliento\/#breadcrumb\"},\"inLanguage\":\"es\",\"potentialAction\":[{\"@type\":\"ReadAction\",\"target\":[\"https:\/\/noti-america.com\/site\/alemania\/2026\/04\/29\/bayern-vs-psg-una-semifinal-de-champions-que-dejo-al-futbol-sin-aliento\/\"]}]},{\"@type\":\"ImageObject\",\"inLanguage\":\"es\",\"@id\":\"https:\/\/noti-america.com\/site\/alemania\/2026\/04\/29\/bayern-vs-psg-una-semifinal-de-champions-que-dejo-al-futbol-sin-aliento\/#primaryimage\",\"url\":\"https:\/\/noti-america.com\/site\/alemania\/wp-content\/uploads\/sites\/29\/2026\/04\/pexels-rednguyen-27110089-scaled.jpg\",\"contentUrl\":\"https:\/\/noti-america.com\/site\/alemania\/wp-content\/uploads\/sites\/29\/2026\/04\/pexels-rednguyen-27110089-scaled.jpg\",\"width\":2560,\"height\":1707},{\"@type\":\"BreadcrumbList\",\"@id\":\"https:\/\/noti-america.com\/site\/alemania\/2026\/04\/29\/bayern-vs-psg-una-semifinal-de-champions-que-dejo-al-futbol-sin-aliento\/#breadcrumb\",\"itemListElement\":[{\"@type\":\"ListItem\",\"position\":1,\"name\":\"Portada\",\"item\":\"https:\/\/noti-america.com\/site\/alemania\/\"},{\"@type\":\"ListItem\",\"position\":2,\"name\":\"Bayern vs PSG: una semifinal de Champions que dej\u00f3 al f\u00fatbol sin aliento\"}]},{\"@type\":\"WebSite\",\"@id\":\"https:\/\/noti-america.com\/site\/alemania\/#website\",\"url\":\"https:\/\/noti-america.com\/site\/alemania\/\",\"name\":\"Alemania | Noti-America.com\",\"description\":\"Alemania | Noti-America.com\",\"potentialAction\":[{\"@type\":\"SearchAction\",\"target\":{\"@type\":\"EntryPoint\",\"urlTemplate\":\"https:\/\/noti-america.com\/site\/alemania\/?s={search_term_string}\"},\"query-input\":{\"@type\":\"PropertyValueSpecification\",\"valueRequired\":true,\"valueName\":\"search_term_string\"}}],\"inLanguage\":\"es\"},{\"@type\":\"Person\",\"@id\":\"https:\/\/noti-america.com\/site\/alemania\/#\/schema\/person\/2c8d119440090d2d2a880904475295bb\",\"name\":\"Edcris Machado\",\"image\":{\"@type\":\"ImageObject\",\"inLanguage\":\"es\",\"@id\":\"https:\/\/secure.gravatar.com\/avatar\/a38b45f8b815a71e5782bb09fdc2302cf360723d562841917495b747d85c4781?s=96&d=mm&r=g\",\"url\":\"https:\/\/secure.gravatar.com\/avatar\/a38b45f8b815a71e5782bb09fdc2302cf360723d562841917495b747d85c4781?s=96&d=mm&r=g\",\"contentUrl\":\"https:\/\/secure.gravatar.com\/avatar\/a38b45f8b815a71e5782bb09fdc2302cf360723d562841917495b747d85c4781?s=96&d=mm&r=g\",\"caption\":\"Edcris Machado\"},\"description\":\"Edcris Machado es ingeniera, docente, periodista y autora venezolana residenciada en Alemania. Su trabajo se centra en la comunicaci\u00f3n, la cultura y las experiencias interculturales, con una mirada que busca ir m\u00e1s all\u00e1 de las noticias.\",\"sameAs\":[\"https:\/\/www.edcrismachado.com\",\"https:\/\/www.instagram.com\/edcrismachado?utm_source=qr&igsh=amducjB1emh0ZDZ0\",\"https:\/\/x.com\/edcrismachado\"],\"jobTitle\":\"Directora Noti-America Alemania\",\"url\":\"https:\/\/noti-america.com\/site\/alemania\/author\/emachado\/\"}]}<\/script>\n<!-- \/ Yoast SEO Premium plugin. -->","yoast_head_json":{"title":"Bayern vs PSG: una semifinal de Champions que dej\u00f3 al f\u00fatbol sin aliento - Alemania | Noti-America.com","robots":{"index":"index","follow":"follow","max-snippet":"max-snippet:-1","max-image-preview":"max-image-preview:large","max-video-preview":"max-video-preview:-1"},"canonical":"https:\/\/noti-america.com\/site\/alemania\/2026\/04\/29\/bayern-vs-psg-una-semifinal-de-champions-que-dejo-al-futbol-sin-aliento\/","og_locale":"es_ES","og_type":"article","og_title":"Bayern vs PSG: una semifinal de Champions que dej\u00f3 al f\u00fatbol sin aliento","og_description":"ALEMANIA | NOTI-AMERICA.COM La ida de semifinales de la UEFA Champions League entre el FC Bayern Munich y el Paris Saint-Germain, disputada el 28 de abril de 2026, se convirti\u00f3 en uno de los&#46;&#46;&#46;","og_url":"https:\/\/noti-america.com\/site\/alemania\/2026\/04\/29\/bayern-vs-psg-una-semifinal-de-champions-que-dejo-al-futbol-sin-aliento\/","og_site_name":"Alemania | Noti-America.com","article_published_time":"2026-04-29T13:14:34+00:00","og_image":[{"width":2560,"height":1707,"url":"https:\/\/noti-america.com\/site\/alemania\/wp-content\/uploads\/sites\/29\/2026\/04\/pexels-rednguyen-27110089-scaled.jpg","type":"image\/jpeg"}],"author":"Edcris Machado","twitter_card":"summary_large_image","twitter_creator":"@edcrismachado","twitter_site":"@notiamerica","twitter_misc":{"Escrito por":"Edcris Machado","Tiempo estimado de lectura":"2 minutos"},"schema":{"@context":"https:\/\/schema.org","@graph":[{"@type":"Article","@id":"https:\/\/noti-america.com\/site\/alemania\/2026\/04\/29\/bayern-vs-psg-una-semifinal-de-champions-que-dejo-al-futbol-sin-aliento\/#article","isPartOf":{"@id":"https:\/\/noti-america.com\/site\/alemania\/2026\/04\/29\/bayern-vs-psg-una-semifinal-de-champions-que-dejo-al-futbol-sin-aliento\/"},"author":{"name":"Edcris Machado","@id":"https:\/\/noti-america.com\/site\/alemania\/#\/schema\/person\/2c8d119440090d2d2a880904475295bb"},"headline":"Bayern vs PSG: una semifinal de Champions que dej\u00f3 al f\u00fatbol sin aliento","datePublished":"2026-04-29T13:14:34+00:00","mainEntityOfPage":{"@id":"https:\/\/noti-america.com\/site\/alemania\/2026\/04\/29\/bayern-vs-psg-una-semifinal-de-champions-que-dejo-al-futbol-sin-aliento\/"},"wordCount":385,"commentCount":0,"image":{"@id":"https:\/\/noti-america.com\/site\/alemania\/2026\/04\/29\/bayern-vs-psg-una-semifinal-de-champions-que-dejo-al-futbol-sin-aliento\/#primaryimage"},"thumbnailUrl":"https:\/\/noti-america.com\/site\/alemania\/wp-content\/uploads\/sites\/29\/2026\/04\/pexels-rednguyen-27110089-scaled.jpg","articleSection":["Actualidad","Deportes"],"inLanguage":"es","potentialAction":[{"@type":"CommentAction","name":"Comment","target":["https:\/\/noti-america.com\/site\/alemania\/2026\/04\/29\/bayern-vs-psg-una-semifinal-de-champions-que-dejo-al-futbol-sin-aliento\/#respond"]}]},{"@type":"WebPage","@id":"https:\/\/noti-america.com\/site\/alemania\/2026\/04\/29\/bayern-vs-psg-una-semifinal-de-champions-que-dejo-al-futbol-sin-aliento\/","url":"https:\/\/noti-america.com\/site\/alemania\/2026\/04\/29\/bayern-vs-psg-una-semifinal-de-champions-que-dejo-al-futbol-sin-aliento\/","name":"Bayern vs PSG: una semifinal de Champions que dej\u00f3 al f\u00fatbol sin aliento - Alemania | Noti-America.com","isPartOf":{"@id":"https:\/\/noti-america.com\/site\/alemania\/#website"},"primaryImageOfPage":{"@id":"https:\/\/noti-america.com\/site\/alemania\/2026\/04\/29\/bayern-vs-psg-una-semifinal-de-champions-que-dejo-al-futbol-sin-aliento\/#primaryimage"},"image":{"@id":"https:\/\/noti-america.com\/site\/alemania\/2026\/04\/29\/bayern-vs-psg-una-semifinal-de-champions-que-dejo-al-futbol-sin-aliento\/#primaryimage"},"thumbnailUrl":"https:\/\/noti-america.com\/site\/alemania\/wp-content\/uploads\/sites\/29\/2026\/04\/pexels-rednguyen-27110089-scaled.jpg","datePublished":"2026-04-29T13:14:34+00:00","author":{"@id":"https:\/\/noti-america.com\/site\/alemania\/#\/schema\/person\/2c8d119440090d2d2a880904475295bb"},"breadcrumb":{"@id":"https:\/\/noti-america.com\/site\/alemania\/2026\/04\/29\/bayern-vs-psg-una-semifinal-de-champions-que-dejo-al-futbol-sin-aliento\/#breadcrumb"},"inLanguage":"es","potentialAction":[{"@type":"ReadAction","target":["https:\/\/noti-america.com\/site\/alemania\/2026\/04\/29\/bayern-vs-psg-una-semifinal-de-champions-que-dejo-al-futbol-sin-aliento\/"]}]},{"@type":"ImageObject","inLanguage":"es","@id":"https:\/\/noti-america.com\/site\/alemania\/2026\/04\/29\/bayern-vs-psg-una-semifinal-de-champions-que-dejo-al-futbol-sin-aliento\/#primaryimage","url":"https:\/\/noti-america.com\/site\/alemania\/wp-content\/uploads\/sites\/29\/2026\/04\/pexels-rednguyen-27110089-scaled.jpg","contentUrl":"https:\/\/noti-america.com\/site\/alemania\/wp-content\/uploads\/sites\/29\/2026\/04\/pexels-rednguyen-27110089-scaled.jpg","width":2560,"height":1707},{"@type":"BreadcrumbList","@id":"https:\/\/noti-america.com\/site\/alemania\/2026\/04\/29\/bayern-vs-psg-una-semifinal-de-champions-que-dejo-al-futbol-sin-aliento\/#breadcrumb","itemListElement":[{"@type":"ListItem","position":1,"name":"Portada","item":"https:\/\/noti-america.com\/site\/alemania\/"},{"@type":"ListItem","position":2,"name":"Bayern vs PSG: una semifinal de Champions que dej\u00f3 al f\u00fatbol sin aliento"}]},{"@type":"WebSite","@id":"https:\/\/noti-america.com\/site\/alemania\/#website","url":"https:\/\/noti-america.com\/site\/alemania\/","name":"Alemania | Noti-America.com","description":"Alemania | Noti-America.com","potentialAction":[{"@type":"SearchAction","target":{"@type":"EntryPoint","urlTemplate":"https:\/\/noti-america.com\/site\/alemania\/?s={search_term_string}"},"query-input":{"@type":"PropertyValueSpecification","valueRequired":true,"valueName":"search_term_string"}}],"inLanguage":"es"},{"@type":"Person","@id":"https:\/\/noti-america.com\/site\/alemania\/#\/schema\/person\/2c8d119440090d2d2a880904475295bb","name":"Edcris Machado","image":{"@type":"ImageObject","inLanguage":"es","@id":"https:\/\/secure.gravatar.com\/avatar\/a38b45f8b815a71e5782bb09fdc2302cf360723d562841917495b747d85c4781?s=96&d=mm&r=g","url":"https:\/\/secure.gravatar.com\/avatar\/a38b45f8b815a71e5782bb09fdc2302cf360723d562841917495b747d85c4781?s=96&d=mm&r=g","contentUrl":"https:\/\/secure.gravatar.com\/avatar\/a38b45f8b815a71e5782bb09fdc2302cf360723d562841917495b747d85c4781?s=96&d=mm&r=g","caption":"Edcris Machado"},"description":"Edcris Machado es ingeniera, docente, periodista y autora venezolana residenciada en Alemania. Su trabajo se centra en la comunicaci\u00f3n, la cultura y las experiencias interculturales, con una mirada que busca ir m\u00e1s all\u00e1 de las noticias.","sameAs":["https:\/\/www.edcrismachado.com","https:\/\/www.instagram.com\/edcrismachado?utm_source=qr&igsh=amducjB1emh0ZDZ0","https:\/\/x.com\/edcrismachado"],"jobTitle":"Directora Noti-America Alemania","url":"https:\/\/noti-america.com\/site\/alemania\/author\/emachado\/"}]}},"_links":{"self":[{"href":"https:\/\/noti-america.com\/site\/alemania\/wp-json\/wp\/v2\/posts\/3437","targetHints":{"allow":["GET"]}}],"collection":[{"href":"https:\/\/noti-america.com\/site\/alemania\/wp-json\/wp\/v2\/posts"}],"about":[{"href":"https:\/\/noti-america.com\/site\/alemania\/wp-json\/wp\/v2\/types\/post"}],"author":[{"embeddable":true,"href":"https:\/\/noti-america.com\/site\/alemania\/wp-json\/wp\/v2\/users\/159"}],"replies":[{"embeddable":true,"href":"https:\/\/noti-america.com\/site\/alemania\/wp-json\/wp\/v2\/comments?post=3437"}],"version-history":[{"count":1,"href":"https:\/\/noti-america.com\/site\/alemania\/wp-json\/wp\/v2\/posts\/3437\/revisions"}],"predecessor-version":[{"id":3439,"href":"https:\/\/noti-america.com\/site\/alemania\/wp-json\/wp\/v2\/posts\/3437\/revisions\/3439"}],"wp:featuredmedia":[{"embeddable":true,"href":"https:\/\/noti-america.com\/site\/alemania\/wp-json\/wp\/v2\/media\/3438"}],"wp:attachment":[{"href":"https:\/\/noti-america.com\/site\/alemania\/wp-json\/wp\/v2\/media?parent=3437"}],"wp:term":[{"taxonomy":"category","embeddable":true,"href":"https:\/\/noti-america.com\/site\/alemania\/wp-json\/wp\/v2\/categories?post=3437"},{"taxonomy":"post_tag","embeddable":true,"href":"https:\/\/noti-america.com\/site\/alemania\/wp-json\/wp\/v2\/tags?post=3437"}],"curies":[{"name":"wp","href":"https:\/\/api.w.org\/{rel}","templated":true}]}}