{"id":3431,"date":"2026-04-29T13:00:50","date_gmt":"2026-04-29T13:00:50","guid":{"rendered":"https:\/\/noti-america.com\/site\/alemania\/?p=3431"},"modified":"2026-04-29T13:00:50","modified_gmt":"2026-04-29T13:00:50","slug":"en-debate-recortes-sociales-para-reforzar-el-gasto-militar","status":"publish","type":"post","link":"https:\/\/noti-america.com\/site\/alemania\/2026\/04\/29\/en-debate-recortes-sociales-para-reforzar-el-gasto-militar\/","title":{"rendered":"En debate recortes sociales para reforzar el gasto militar"},"content":{"rendered":"<p align=\"justify\"><span style=\"font-size: medium\">ALEMANIA | NOTI-AMERICA.COM<\/span><\/p>\n<h2 class=\"western\" align=\"justify\"><span style=\"font-size: medium\">Un giro estrat\u00e9gico con impacto interno<\/span><\/h2>\n<p align=\"justify\"><span style=\"font-size: medium\">El gobierno alem\u00e1n estudia un aumento significativo del gasto en defensa, en l\u00ednea con los compromisos adquiridos dentro de la OTAN, que recomienda destinar al menos el 2 % del PIB a defensa. Alemania, la mayor econom\u00eda de la Uni\u00f3n Europea, lleva a\u00f1os intentando alcanzar ese objetivo de forma sostenida.<\/span><\/p>\n<p align=\"justify\"><span style=\"font-size: medium\">El debate actual surge en un contexto de tensiones geopol\u00edticas en Europa, especialmente tras la invasi\u00f3n rusa de Ucrania, que ha transformado las prioridades de seguridad en el continente.<\/span><\/p>\n<h2 class=\"western\" align=\"justify\"><span style=\"font-size: medium\">El dilema: defensa vs. bienestar<\/span><\/h2>\n<p align=\"justify\"><span style=\"font-size: medium\">Para financiar este incremento, se han planteado ajustes en otras \u00e1reas del presupuesto federal. Entre ellas, programas sociales y sanitarios que representan una parte considerable del gasto p\u00fablico alem\u00e1n. Seg\u00fan datos del Ministerio de Finanzas alem\u00e1n, el gasto social ha superado hist\u00f3ricamente el 25 % del PIB, uno de los niveles m\u00e1s altos de Europa.<\/span><\/p>\n<p align=\"justify\"><span style=\"font-size: medium\">Esta redistribuci\u00f3n ha generado cr\u00edticas de sindicatos, organizaciones sociales y partidos de oposici\u00f3n, que advierten del impacto en la cohesi\u00f3n social. Alemania ha sido tradicionalmente un referente del modelo de Estado de bienestar, lo que intensifica la sensibilidad del debate.<\/span><\/p>\n<h2 class=\"western\" align=\"justify\"><span style=\"font-size: medium\">Un cambio estructural<\/span><\/h2>\n<p align=\"justify\"><span style=\"font-size: medium\">El giro hacia mayor inversi\u00f3n militar tambi\u00e9n refleja una transformaci\u00f3n en la pol\u00edtica exterior alemana, conocida como \u201cZeitenwende\u201d (cambio de era), anunciada en 2022. Desde entonces, el pa\u00eds ha aprobado fondos especiales para modernizar sus fuerzas armadas.<\/span><\/p>\n<p align=\"justify\"><span style=\"font-size: medium\">La discusi\u00f3n actual no es solo presupuestaria, sino tambi\u00e9n estrat\u00e9gica: c\u00f3mo equilibrar seguridad internacional y estabilidad interna en una Europa cada vez m\u00e1s incierta.<\/span><\/p>\n<p align=\"justify\">\n","protected":false},"excerpt":{"rendered":"<p>ALEMANIA | NOTI-AMERICA.COM Un giro estrat\u00e9gico con impacto interno El gobierno alem\u00e1n estudia un aumento significativo del gasto en defensa, en l\u00ednea con los compromisos adquiridos dentro de la OTAN, que recomienda destinar al&#46;&#46;&#46;<\/p>\n","protected":false},"author":159,"featured_media":3432,"comment_status":"open","ping_status":"open","sticky":false,"template":"","format":"image","meta":{"_acf_changed":false,"om_disable_all_campaigns":false,"rop_custom_images_group":[],"rop_custom_messages_group":[],"rop_publish_now":"initial","rop_publish_now_accounts":[],"rop_publish_now_history":[],"rop_publish_now_status":"pending","_monsterinsights_skip_tracking":false,"_monsterinsights_sitenote_active":false,"_monsterinsights_sitenote_note":"","_monsterinsights_sitenote_category":0,"_uf_show_specific_survey":0,"_uf_disable_surveys":false,"footnotes":""},"categories":[10,3],"tags":[],"class_list":["post-3431","post","type-post","status-publish","format-image","has-post-thumbnail","hentry","category-actualidad","category-politica","post_format-post-format-image"],"acf":[],"aioseo_notices":[],"yoast_head":"<!-- This site is optimized with the Yoast SEO Premium plugin v24.9 (Yoast SEO v27.2) - https:\/\/yoast.com\/product\/yoast-seo-premium-wordpress\/ -->\n<title>En debate recortes sociales para reforzar el gasto militar - Alemania | Noti-America.com<\/title>\n<meta name=\"robots\" content=\"index, follow, max-snippet:-1, max-image-preview:large, max-video-preview:-1\" \/>\n<link rel=\"canonical\" href=\"https:\/\/noti-america.com\/site\/alemania\/2026\/04\/29\/en-debate-recortes-sociales-para-reforzar-el-gasto-militar\/\" \/>\n<meta property=\"og:locale\" content=\"es_ES\" \/>\n<meta property=\"og:type\" content=\"article\" \/>\n<meta property=\"og:title\" content=\"En debate recortes sociales para reforzar el gasto militar\" \/>\n<meta property=\"og:description\" content=\"ALEMANIA | NOTI-AMERICA.COM Un giro estrat\u00e9gico con impacto interno El gobierno alem\u00e1n estudia un aumento significativo del gasto en defensa, en l\u00ednea con los compromisos adquiridos dentro de la OTAN, que recomienda destinar al&#046;&#046;&#046;\" \/>\n<meta property=\"og:url\" content=\"https:\/\/noti-america.com\/site\/alemania\/2026\/04\/29\/en-debate-recortes-sociales-para-reforzar-el-gasto-militar\/\" \/>\n<meta property=\"og:site_name\" content=\"Alemania | Noti-America.com\" \/>\n<meta property=\"article:published_time\" content=\"2026-04-29T13:00:50+00:00\" \/>\n<meta property=\"og:image\" content=\"https:\/\/noti-america.com\/site\/alemania\/wp-content\/uploads\/sites\/29\/2026\/04\/pexels-matiasluge-31595005-scaled.jpg\" \/>\n\t<meta property=\"og:image:width\" content=\"2560\" \/>\n\t<meta property=\"og:image:height\" content=\"1441\" \/>\n\t<meta property=\"og:image:type\" content=\"image\/jpeg\" \/>\n<meta name=\"author\" content=\"Edcris Machado\" \/>\n<meta name=\"twitter:card\" content=\"summary_large_image\" \/>\n<meta name=\"twitter:creator\" content=\"@edcrismachado\" \/>\n<meta name=\"twitter:site\" content=\"@notiamerica\" \/>\n<meta name=\"twitter:label1\" content=\"Escrito por\" \/>\n\t<meta name=\"twitter:data1\" content=\"Edcris Machado\" \/>\n\t<meta name=\"twitter:label2\" content=\"Tiempo estimado de lectura\" \/>\n\t<meta name=\"twitter:data2\" content=\"2 minutos\" \/>\n<script type=\"application\/ld+json\" class=\"yoast-schema-graph\">{\"@context\":\"https:\/\/schema.org\",\"@graph\":[{\"@type\":\"Article\",\"@id\":\"https:\/\/noti-america.com\/site\/alemania\/2026\/04\/29\/en-debate-recortes-sociales-para-reforzar-el-gasto-militar\/#article\",\"isPartOf\":{\"@id\":\"https:\/\/noti-america.com\/site\/alemania\/2026\/04\/29\/en-debate-recortes-sociales-para-reforzar-el-gasto-militar\/\"},\"author\":{\"name\":\"Edcris Machado\",\"@id\":\"https:\/\/noti-america.com\/site\/alemania\/#\/schema\/person\/2c8d119440090d2d2a880904475295bb\"},\"headline\":\"En debate recortes sociales para reforzar el gasto militar\",\"datePublished\":\"2026-04-29T13:00:50+00:00\",\"mainEntityOfPage\":{\"@id\":\"https:\/\/noti-america.com\/site\/alemania\/2026\/04\/29\/en-debate-recortes-sociales-para-reforzar-el-gasto-militar\/\"},\"wordCount\":284,\"commentCount\":0,\"image\":{\"@id\":\"https:\/\/noti-america.com\/site\/alemania\/2026\/04\/29\/en-debate-recortes-sociales-para-reforzar-el-gasto-militar\/#primaryimage\"},\"thumbnailUrl\":\"https:\/\/noti-america.com\/site\/alemania\/wp-content\/uploads\/sites\/29\/2026\/04\/pexels-matiasluge-31595005-scaled.jpg\",\"articleSection\":[\"Actualidad\",\"Pol\u00edtica\"],\"inLanguage\":\"es\",\"potentialAction\":[{\"@type\":\"CommentAction\",\"name\":\"Comment\",\"target\":[\"https:\/\/noti-america.com\/site\/alemania\/2026\/04\/29\/en-debate-recortes-sociales-para-reforzar-el-gasto-militar\/#respond\"]}]},{\"@type\":\"WebPage\",\"@id\":\"https:\/\/noti-america.com\/site\/alemania\/2026\/04\/29\/en-debate-recortes-sociales-para-reforzar-el-gasto-militar\/\",\"url\":\"https:\/\/noti-america.com\/site\/alemania\/2026\/04\/29\/en-debate-recortes-sociales-para-reforzar-el-gasto-militar\/\",\"name\":\"En debate recortes sociales para reforzar el gasto militar - Alemania | Noti-America.com\",\"isPartOf\":{\"@id\":\"https:\/\/noti-america.com\/site\/alemania\/#website\"},\"primaryImageOfPage\":{\"@id\":\"https:\/\/noti-america.com\/site\/alemania\/2026\/04\/29\/en-debate-recortes-sociales-para-reforzar-el-gasto-militar\/#primaryimage\"},\"image\":{\"@id\":\"https:\/\/noti-america.com\/site\/alemania\/2026\/04\/29\/en-debate-recortes-sociales-para-reforzar-el-gasto-militar\/#primaryimage\"},\"thumbnailUrl\":\"https:\/\/noti-america.com\/site\/alemania\/wp-content\/uploads\/sites\/29\/2026\/04\/pexels-matiasluge-31595005-scaled.jpg\",\"datePublished\":\"2026-04-29T13:00:50+00:00\",\"author\":{\"@id\":\"https:\/\/noti-america.com\/site\/alemania\/#\/schema\/person\/2c8d119440090d2d2a880904475295bb\"},\"breadcrumb\":{\"@id\":\"https:\/\/noti-america.com\/site\/alemania\/2026\/04\/29\/en-debate-recortes-sociales-para-reforzar-el-gasto-militar\/#breadcrumb\"},\"inLanguage\":\"es\",\"potentialAction\":[{\"@type\":\"ReadAction\",\"target\":[\"https:\/\/noti-america.com\/site\/alemania\/2026\/04\/29\/en-debate-recortes-sociales-para-reforzar-el-gasto-militar\/\"]}]},{\"@type\":\"ImageObject\",\"inLanguage\":\"es\",\"@id\":\"https:\/\/noti-america.com\/site\/alemania\/2026\/04\/29\/en-debate-recortes-sociales-para-reforzar-el-gasto-militar\/#primaryimage\",\"url\":\"https:\/\/noti-america.com\/site\/alemania\/wp-content\/uploads\/sites\/29\/2026\/04\/pexels-matiasluge-31595005-scaled.jpg\",\"contentUrl\":\"https:\/\/noti-america.com\/site\/alemania\/wp-content\/uploads\/sites\/29\/2026\/04\/pexels-matiasluge-31595005-scaled.jpg\",\"width\":2560,\"height\":1441,\"caption\":\"Foto: Matias Luge\"},{\"@type\":\"BreadcrumbList\",\"@id\":\"https:\/\/noti-america.com\/site\/alemania\/2026\/04\/29\/en-debate-recortes-sociales-para-reforzar-el-gasto-militar\/#breadcrumb\",\"itemListElement\":[{\"@type\":\"ListItem\",\"position\":1,\"name\":\"Portada\",\"item\":\"https:\/\/noti-america.com\/site\/alemania\/\"},{\"@type\":\"ListItem\",\"position\":2,\"name\":\"En debate recortes sociales para reforzar el gasto militar\"}]},{\"@type\":\"WebSite\",\"@id\":\"https:\/\/noti-america.com\/site\/alemania\/#website\",\"url\":\"https:\/\/noti-america.com\/site\/alemania\/\",\"name\":\"Alemania | Noti-America.com\",\"description\":\"Alemania | Noti-America.com\",\"potentialAction\":[{\"@type\":\"SearchAction\",\"target\":{\"@type\":\"EntryPoint\",\"urlTemplate\":\"https:\/\/noti-america.com\/site\/alemania\/?s={search_term_string}\"},\"query-input\":{\"@type\":\"PropertyValueSpecification\",\"valueRequired\":true,\"valueName\":\"search_term_string\"}}],\"inLanguage\":\"es\"},{\"@type\":\"Person\",\"@id\":\"https:\/\/noti-america.com\/site\/alemania\/#\/schema\/person\/2c8d119440090d2d2a880904475295bb\",\"name\":\"Edcris Machado\",\"image\":{\"@type\":\"ImageObject\",\"inLanguage\":\"es\",\"@id\":\"https:\/\/secure.gravatar.com\/avatar\/a38b45f8b815a71e5782bb09fdc2302cf360723d562841917495b747d85c4781?s=96&d=mm&r=g\",\"url\":\"https:\/\/secure.gravatar.com\/avatar\/a38b45f8b815a71e5782bb09fdc2302cf360723d562841917495b747d85c4781?s=96&d=mm&r=g\",\"contentUrl\":\"https:\/\/secure.gravatar.com\/avatar\/a38b45f8b815a71e5782bb09fdc2302cf360723d562841917495b747d85c4781?s=96&d=mm&r=g\",\"caption\":\"Edcris Machado\"},\"description\":\"Edcris Machado es ingeniera, docente, periodista y autora venezolana residenciada en Alemania. Su trabajo se centra en la comunicaci\u00f3n, la cultura y las experiencias interculturales, con una mirada que busca ir m\u00e1s all\u00e1 de las noticias.\",\"sameAs\":[\"https:\/\/www.edcrismachado.com\",\"https:\/\/www.instagram.com\/edcrismachado?utm_source=qr&igsh=amducjB1emh0ZDZ0\",\"https:\/\/x.com\/edcrismachado\"],\"jobTitle\":\"Directora Noti-America Alemania\",\"url\":\"https:\/\/noti-america.com\/site\/alemania\/author\/emachado\/\"}]}<\/script>\n<!-- \/ Yoast SEO Premium plugin. -->","yoast_head_json":{"title":"En debate recortes sociales para reforzar el gasto militar - Alemania | Noti-America.com","robots":{"index":"index","follow":"follow","max-snippet":"max-snippet:-1","max-image-preview":"max-image-preview:large","max-video-preview":"max-video-preview:-1"},"canonical":"https:\/\/noti-america.com\/site\/alemania\/2026\/04\/29\/en-debate-recortes-sociales-para-reforzar-el-gasto-militar\/","og_locale":"es_ES","og_type":"article","og_title":"En debate recortes sociales para reforzar el gasto militar","og_description":"ALEMANIA | NOTI-AMERICA.COM Un giro estrat\u00e9gico con impacto interno El gobierno alem\u00e1n estudia un aumento significativo del gasto en defensa, en l\u00ednea con los compromisos adquiridos dentro de la OTAN, que recomienda destinar al&#46;&#46;&#46;","og_url":"https:\/\/noti-america.com\/site\/alemania\/2026\/04\/29\/en-debate-recortes-sociales-para-reforzar-el-gasto-militar\/","og_site_name":"Alemania | Noti-America.com","article_published_time":"2026-04-29T13:00:50+00:00","og_image":[{"width":2560,"height":1441,"url":"https:\/\/noti-america.com\/site\/alemania\/wp-content\/uploads\/sites\/29\/2026\/04\/pexels-matiasluge-31595005-scaled.jpg","type":"image\/jpeg"}],"author":"Edcris Machado","twitter_card":"summary_large_image","twitter_creator":"@edcrismachado","twitter_site":"@notiamerica","twitter_misc":{"Escrito por":"Edcris Machado","Tiempo estimado de lectura":"2 minutos"},"schema":{"@context":"https:\/\/schema.org","@graph":[{"@type":"Article","@id":"https:\/\/noti-america.com\/site\/alemania\/2026\/04\/29\/en-debate-recortes-sociales-para-reforzar-el-gasto-militar\/#article","isPartOf":{"@id":"https:\/\/noti-america.com\/site\/alemania\/2026\/04\/29\/en-debate-recortes-sociales-para-reforzar-el-gasto-militar\/"},"author":{"name":"Edcris Machado","@id":"https:\/\/noti-america.com\/site\/alemania\/#\/schema\/person\/2c8d119440090d2d2a880904475295bb"},"headline":"En debate recortes sociales para reforzar el gasto militar","datePublished":"2026-04-29T13:00:50+00:00","mainEntityOfPage":{"@id":"https:\/\/noti-america.com\/site\/alemania\/2026\/04\/29\/en-debate-recortes-sociales-para-reforzar-el-gasto-militar\/"},"wordCount":284,"commentCount":0,"image":{"@id":"https:\/\/noti-america.com\/site\/alemania\/2026\/04\/29\/en-debate-recortes-sociales-para-reforzar-el-gasto-militar\/#primaryimage"},"thumbnailUrl":"https:\/\/noti-america.com\/site\/alemania\/wp-content\/uploads\/sites\/29\/2026\/04\/pexels-matiasluge-31595005-scaled.jpg","articleSection":["Actualidad","Pol\u00edtica"],"inLanguage":"es","potentialAction":[{"@type":"CommentAction","name":"Comment","target":["https:\/\/noti-america.com\/site\/alemania\/2026\/04\/29\/en-debate-recortes-sociales-para-reforzar-el-gasto-militar\/#respond"]}]},{"@type":"WebPage","@id":"https:\/\/noti-america.com\/site\/alemania\/2026\/04\/29\/en-debate-recortes-sociales-para-reforzar-el-gasto-militar\/","url":"https:\/\/noti-america.com\/site\/alemania\/2026\/04\/29\/en-debate-recortes-sociales-para-reforzar-el-gasto-militar\/","name":"En debate recortes sociales para reforzar el gasto militar - Alemania | Noti-America.com","isPartOf":{"@id":"https:\/\/noti-america.com\/site\/alemania\/#website"},"primaryImageOfPage":{"@id":"https:\/\/noti-america.com\/site\/alemania\/2026\/04\/29\/en-debate-recortes-sociales-para-reforzar-el-gasto-militar\/#primaryimage"},"image":{"@id":"https:\/\/noti-america.com\/site\/alemania\/2026\/04\/29\/en-debate-recortes-sociales-para-reforzar-el-gasto-militar\/#primaryimage"},"thumbnailUrl":"https:\/\/noti-america.com\/site\/alemania\/wp-content\/uploads\/sites\/29\/2026\/04\/pexels-matiasluge-31595005-scaled.jpg","datePublished":"2026-04-29T13:00:50+00:00","author":{"@id":"https:\/\/noti-america.com\/site\/alemania\/#\/schema\/person\/2c8d119440090d2d2a880904475295bb"},"breadcrumb":{"@id":"https:\/\/noti-america.com\/site\/alemania\/2026\/04\/29\/en-debate-recortes-sociales-para-reforzar-el-gasto-militar\/#breadcrumb"},"inLanguage":"es","potentialAction":[{"@type":"ReadAction","target":["https:\/\/noti-america.com\/site\/alemania\/2026\/04\/29\/en-debate-recortes-sociales-para-reforzar-el-gasto-militar\/"]}]},{"@type":"ImageObject","inLanguage":"es","@id":"https:\/\/noti-america.com\/site\/alemania\/2026\/04\/29\/en-debate-recortes-sociales-para-reforzar-el-gasto-militar\/#primaryimage","url":"https:\/\/noti-america.com\/site\/alemania\/wp-content\/uploads\/sites\/29\/2026\/04\/pexels-matiasluge-31595005-scaled.jpg","contentUrl":"https:\/\/noti-america.com\/site\/alemania\/wp-content\/uploads\/sites\/29\/2026\/04\/pexels-matiasluge-31595005-scaled.jpg","width":2560,"height":1441,"caption":"Foto: Matias Luge"},{"@type":"BreadcrumbList","@id":"https:\/\/noti-america.com\/site\/alemania\/2026\/04\/29\/en-debate-recortes-sociales-para-reforzar-el-gasto-militar\/#breadcrumb","itemListElement":[{"@type":"ListItem","position":1,"name":"Portada","item":"https:\/\/noti-america.com\/site\/alemania\/"},{"@type":"ListItem","position":2,"name":"En debate recortes sociales para reforzar el gasto militar"}]},{"@type":"WebSite","@id":"https:\/\/noti-america.com\/site\/alemania\/#website","url":"https:\/\/noti-america.com\/site\/alemania\/","name":"Alemania | Noti-America.com","description":"Alemania | Noti-America.com","potentialAction":[{"@type":"SearchAction","target":{"@type":"EntryPoint","urlTemplate":"https:\/\/noti-america.com\/site\/alemania\/?s={search_term_string}"},"query-input":{"@type":"PropertyValueSpecification","valueRequired":true,"valueName":"search_term_string"}}],"inLanguage":"es"},{"@type":"Person","@id":"https:\/\/noti-america.com\/site\/alemania\/#\/schema\/person\/2c8d119440090d2d2a880904475295bb","name":"Edcris Machado","image":{"@type":"ImageObject","inLanguage":"es","@id":"https:\/\/secure.gravatar.com\/avatar\/a38b45f8b815a71e5782bb09fdc2302cf360723d562841917495b747d85c4781?s=96&d=mm&r=g","url":"https:\/\/secure.gravatar.com\/avatar\/a38b45f8b815a71e5782bb09fdc2302cf360723d562841917495b747d85c4781?s=96&d=mm&r=g","contentUrl":"https:\/\/secure.gravatar.com\/avatar\/a38b45f8b815a71e5782bb09fdc2302cf360723d562841917495b747d85c4781?s=96&d=mm&r=g","caption":"Edcris Machado"},"description":"Edcris Machado es ingeniera, docente, periodista y autora venezolana residenciada en Alemania. Su trabajo se centra en la comunicaci\u00f3n, la cultura y las experiencias interculturales, con una mirada que busca ir m\u00e1s all\u00e1 de las noticias.","sameAs":["https:\/\/www.edcrismachado.com","https:\/\/www.instagram.com\/edcrismachado?utm_source=qr&igsh=amducjB1emh0ZDZ0","https:\/\/x.com\/edcrismachado"],"jobTitle":"Directora Noti-America Alemania","url":"https:\/\/noti-america.com\/site\/alemania\/author\/emachado\/"}]}},"_links":{"self":[{"href":"https:\/\/noti-america.com\/site\/alemania\/wp-json\/wp\/v2\/posts\/3431","targetHints":{"allow":["GET"]}}],"collection":[{"href":"https:\/\/noti-america.com\/site\/alemania\/wp-json\/wp\/v2\/posts"}],"about":[{"href":"https:\/\/noti-america.com\/site\/alemania\/wp-json\/wp\/v2\/types\/post"}],"author":[{"embeddable":true,"href":"https:\/\/noti-america.com\/site\/alemania\/wp-json\/wp\/v2\/users\/159"}],"replies":[{"embeddable":true,"href":"https:\/\/noti-america.com\/site\/alemania\/wp-json\/wp\/v2\/comments?post=3431"}],"version-history":[{"count":1,"href":"https:\/\/noti-america.com\/site\/alemania\/wp-json\/wp\/v2\/posts\/3431\/revisions"}],"predecessor-version":[{"id":3433,"href":"https:\/\/noti-america.com\/site\/alemania\/wp-json\/wp\/v2\/posts\/3431\/revisions\/3433"}],"wp:featuredmedia":[{"embeddable":true,"href":"https:\/\/noti-america.com\/site\/alemania\/wp-json\/wp\/v2\/media\/3432"}],"wp:attachment":[{"href":"https:\/\/noti-america.com\/site\/alemania\/wp-json\/wp\/v2\/media?parent=3431"}],"wp:term":[{"taxonomy":"category","embeddable":true,"href":"https:\/\/noti-america.com\/site\/alemania\/wp-json\/wp\/v2\/categories?post=3431"},{"taxonomy":"post_tag","embeddable":true,"href":"https:\/\/noti-america.com\/site\/alemania\/wp-json\/wp\/v2\/tags?post=3431"}],"curies":[{"name":"wp","href":"https:\/\/api.w.org\/{rel}","templated":true}]}}