{"id":3429,"date":"2026-04-27T13:23:40","date_gmt":"2026-04-27T13:23:40","guid":{"rendered":"https:\/\/noti-america.com\/site\/alemania\/?p=3429"},"modified":"2026-04-27T13:23:40","modified_gmt":"2026-04-27T13:23:40","slug":"alemania-y-rusia-una-relacion-cada-vez-mas-tensa","status":"publish","type":"post","link":"https:\/\/noti-america.com\/site\/alemania\/2026\/04\/27\/alemania-y-rusia-una-relacion-cada-vez-mas-tensa\/","title":{"rendered":"Alemania y Rusia: una relaci\u00f3n cada vez m\u00e1s tensa"},"content":{"rendered":"<p align=\"justify\">ALEMANIA | NOTI-AMERICA.COM<\/p>\n<p align=\"justify\">Las relaciones entre Alemania y Rusia atraviesan uno de sus momentos m\u00e1s delicados desde el final de la Guerra Fr\u00eda. El reciente cruce diplom\u00e1tico entre ambos pa\u00edses no es un hecho aislado, sino parte de una tendencia que se ha consolidado en los \u00faltimos a\u00f1os.<\/p>\n<p align=\"justify\">Desde la invasi\u00f3n rusa de Ucrania, el gobierno alem\u00e1n ha redefinido su pol\u00edtica exterior. Berl\u00edn ha pasado de una postura basada en la cooperaci\u00f3n energ\u00e9tica con Mosc\u00fa a una estrategia centrada en sanciones econ\u00f3micas, apoyo a Ucrania y alineamiento con sus aliados europeos y transatl\u00e1nticos.<\/p>\n<p align=\"justify\">Este cambio ha sido interpretado por Rusia como una ruptura del equilibrio previo. Las acusaciones recientes relacionadas con contactos pol\u00edticos alemanes con figuras opositoras en el entorno ruso reflejan un clima de desconfianza creciente.<\/p>\n<p align=\"justify\">En este contexto, Alemania ya no act\u00faa \u00fanicamente como mediador, sino como un actor pol\u00edtico activo dentro del conflicto europeo. La evoluci\u00f3n de esta relaci\u00f3n ser\u00e1 clave para la estabilidad del continente en los pr\u00f3ximos a\u00f1os.<\/p>\n","protected":false},"excerpt":{"rendered":"<p>ALEMANIA | NOTI-AMERICA.COM Las relaciones entre Alemania y Rusia atraviesan uno de sus momentos m\u00e1s delicados desde el final de la Guerra Fr\u00eda. El reciente cruce diplom\u00e1tico entre ambos pa\u00edses no es un hecho&#46;&#46;&#46;<\/p>\n","protected":false},"author":159,"featured_media":3189,"comment_status":"open","ping_status":"open","sticky":false,"template":"","format":"image","meta":{"_acf_changed":false,"om_disable_all_campaigns":false,"rop_custom_images_group":[],"rop_custom_messages_group":[],"rop_publish_now":"initial","rop_publish_now_accounts":[],"rop_publish_now_history":[],"rop_publish_now_status":"pending","_monsterinsights_skip_tracking":false,"_monsterinsights_sitenote_active":false,"_monsterinsights_sitenote_note":"","_monsterinsights_sitenote_category":0,"_uf_show_specific_survey":0,"_uf_disable_surveys":false,"footnotes":""},"categories":[10,3],"tags":[],"class_list":["post-3429","post","type-post","status-publish","format-image","has-post-thumbnail","hentry","category-actualidad","category-politica","post_format-post-format-image"],"acf":[],"aioseo_notices":[],"yoast_head":"<!-- This site is optimized with the Yoast SEO Premium plugin v24.9 (Yoast SEO v27.2) - https:\/\/yoast.com\/product\/yoast-seo-premium-wordpress\/ -->\n<title>Alemania y Rusia: una relaci\u00f3n cada vez m\u00e1s tensa - Alemania | Noti-America.com<\/title>\n<meta name=\"robots\" content=\"index, follow, max-snippet:-1, max-image-preview:large, max-video-preview:-1\" \/>\n<link rel=\"canonical\" href=\"https:\/\/noti-america.com\/site\/alemania\/2026\/04\/27\/alemania-y-rusia-una-relacion-cada-vez-mas-tensa\/\" \/>\n<meta property=\"og:locale\" content=\"es_ES\" \/>\n<meta property=\"og:type\" content=\"article\" \/>\n<meta property=\"og:title\" content=\"Alemania y Rusia: una relaci\u00f3n cada vez m\u00e1s tensa\" \/>\n<meta property=\"og:description\" content=\"ALEMANIA | NOTI-AMERICA.COM Las relaciones entre Alemania y Rusia atraviesan uno de sus momentos m\u00e1s delicados desde el final de la Guerra Fr\u00eda. El reciente cruce diplom\u00e1tico entre ambos pa\u00edses no es un hecho&#046;&#046;&#046;\" \/>\n<meta property=\"og:url\" content=\"https:\/\/noti-america.com\/site\/alemania\/2026\/04\/27\/alemania-y-rusia-una-relacion-cada-vez-mas-tensa\/\" \/>\n<meta property=\"og:site_name\" content=\"Alemania | Noti-America.com\" \/>\n<meta property=\"article:published_time\" content=\"2026-04-27T13:23:40+00:00\" \/>\n<meta property=\"og:image\" content=\"https:\/\/noti-america.com\/site\/alemania\/wp-content\/uploads\/sites\/29\/2026\/03\/pexels-ingo-109629-scaled-e1774637121549.jpg\" \/>\n\t<meta property=\"og:image:width\" content=\"1200\" \/>\n\t<meta property=\"og:image:height\" content=\"734\" \/>\n\t<meta property=\"og:image:type\" content=\"image\/jpeg\" \/>\n<meta name=\"author\" content=\"Edcris Machado\" \/>\n<meta name=\"twitter:card\" content=\"summary_large_image\" \/>\n<meta name=\"twitter:creator\" content=\"@edcrismachado\" \/>\n<meta name=\"twitter:site\" content=\"@notiamerica\" \/>\n<meta name=\"twitter:label1\" content=\"Escrito por\" \/>\n\t<meta name=\"twitter:data1\" content=\"Edcris Machado\" \/>\n\t<meta name=\"twitter:label2\" content=\"Tiempo estimado de lectura\" \/>\n\t<meta name=\"twitter:data2\" content=\"1 minuto\" \/>\n<script type=\"application\/ld+json\" class=\"yoast-schema-graph\">{\"@context\":\"https:\/\/schema.org\",\"@graph\":[{\"@type\":\"Article\",\"@id\":\"https:\/\/noti-america.com\/site\/alemania\/2026\/04\/27\/alemania-y-rusia-una-relacion-cada-vez-mas-tensa\/#article\",\"isPartOf\":{\"@id\":\"https:\/\/noti-america.com\/site\/alemania\/2026\/04\/27\/alemania-y-rusia-una-relacion-cada-vez-mas-tensa\/\"},\"author\":{\"name\":\"Edcris Machado\",\"@id\":\"https:\/\/noti-america.com\/site\/alemania\/#\/schema\/person\/2c8d119440090d2d2a880904475295bb\"},\"headline\":\"Alemania y Rusia: una relaci\u00f3n cada vez m\u00e1s tensa\",\"datePublished\":\"2026-04-27T13:23:40+00:00\",\"mainEntityOfPage\":{\"@id\":\"https:\/\/noti-america.com\/site\/alemania\/2026\/04\/27\/alemania-y-rusia-una-relacion-cada-vez-mas-tensa\/\"},\"wordCount\":194,\"commentCount\":0,\"image\":{\"@id\":\"https:\/\/noti-america.com\/site\/alemania\/2026\/04\/27\/alemania-y-rusia-una-relacion-cada-vez-mas-tensa\/#primaryimage\"},\"thumbnailUrl\":\"https:\/\/noti-america.com\/site\/alemania\/wp-content\/uploads\/sites\/29\/2026\/03\/pexels-ingo-109629-scaled-e1774637121549.jpg\",\"articleSection\":[\"Actualidad\",\"Pol\u00edtica\"],\"inLanguage\":\"es\",\"potentialAction\":[{\"@type\":\"CommentAction\",\"name\":\"Comment\",\"target\":[\"https:\/\/noti-america.com\/site\/alemania\/2026\/04\/27\/alemania-y-rusia-una-relacion-cada-vez-mas-tensa\/#respond\"]}]},{\"@type\":\"WebPage\",\"@id\":\"https:\/\/noti-america.com\/site\/alemania\/2026\/04\/27\/alemania-y-rusia-una-relacion-cada-vez-mas-tensa\/\",\"url\":\"https:\/\/noti-america.com\/site\/alemania\/2026\/04\/27\/alemania-y-rusia-una-relacion-cada-vez-mas-tensa\/\",\"name\":\"Alemania y Rusia: una relaci\u00f3n cada vez m\u00e1s tensa - Alemania | Noti-America.com\",\"isPartOf\":{\"@id\":\"https:\/\/noti-america.com\/site\/alemania\/#website\"},\"primaryImageOfPage\":{\"@id\":\"https:\/\/noti-america.com\/site\/alemania\/2026\/04\/27\/alemania-y-rusia-una-relacion-cada-vez-mas-tensa\/#primaryimage\"},\"image\":{\"@id\":\"https:\/\/noti-america.com\/site\/alemania\/2026\/04\/27\/alemania-y-rusia-una-relacion-cada-vez-mas-tensa\/#primaryimage\"},\"thumbnailUrl\":\"https:\/\/noti-america.com\/site\/alemania\/wp-content\/uploads\/sites\/29\/2026\/03\/pexels-ingo-109629-scaled-e1774637121549.jpg\",\"datePublished\":\"2026-04-27T13:23:40+00:00\",\"author\":{\"@id\":\"https:\/\/noti-america.com\/site\/alemania\/#\/schema\/person\/2c8d119440090d2d2a880904475295bb\"},\"breadcrumb\":{\"@id\":\"https:\/\/noti-america.com\/site\/alemania\/2026\/04\/27\/alemania-y-rusia-una-relacion-cada-vez-mas-tensa\/#breadcrumb\"},\"inLanguage\":\"es\",\"potentialAction\":[{\"@type\":\"ReadAction\",\"target\":[\"https:\/\/noti-america.com\/site\/alemania\/2026\/04\/27\/alemania-y-rusia-una-relacion-cada-vez-mas-tensa\/\"]}]},{\"@type\":\"ImageObject\",\"inLanguage\":\"es\",\"@id\":\"https:\/\/noti-america.com\/site\/alemania\/2026\/04\/27\/alemania-y-rusia-una-relacion-cada-vez-mas-tensa\/#primaryimage\",\"url\":\"https:\/\/noti-america.com\/site\/alemania\/wp-content\/uploads\/sites\/29\/2026\/03\/pexels-ingo-109629-scaled-e1774637121549.jpg\",\"contentUrl\":\"https:\/\/noti-america.com\/site\/alemania\/wp-content\/uploads\/sites\/29\/2026\/03\/pexels-ingo-109629-scaled-e1774637121549.jpg\",\"width\":1200,\"height\":734,\"caption\":\"Foto: Ingo Joseph\"},{\"@type\":\"BreadcrumbList\",\"@id\":\"https:\/\/noti-america.com\/site\/alemania\/2026\/04\/27\/alemania-y-rusia-una-relacion-cada-vez-mas-tensa\/#breadcrumb\",\"itemListElement\":[{\"@type\":\"ListItem\",\"position\":1,\"name\":\"Portada\",\"item\":\"https:\/\/noti-america.com\/site\/alemania\/\"},{\"@type\":\"ListItem\",\"position\":2,\"name\":\"Alemania y Rusia: una relaci\u00f3n cada vez m\u00e1s tensa\"}]},{\"@type\":\"WebSite\",\"@id\":\"https:\/\/noti-america.com\/site\/alemania\/#website\",\"url\":\"https:\/\/noti-america.com\/site\/alemania\/\",\"name\":\"Alemania | Noti-America.com\",\"description\":\"Alemania | Noti-America.com\",\"potentialAction\":[{\"@type\":\"SearchAction\",\"target\":{\"@type\":\"EntryPoint\",\"urlTemplate\":\"https:\/\/noti-america.com\/site\/alemania\/?s={search_term_string}\"},\"query-input\":{\"@type\":\"PropertyValueSpecification\",\"valueRequired\":true,\"valueName\":\"search_term_string\"}}],\"inLanguage\":\"es\"},{\"@type\":\"Person\",\"@id\":\"https:\/\/noti-america.com\/site\/alemania\/#\/schema\/person\/2c8d119440090d2d2a880904475295bb\",\"name\":\"Edcris Machado\",\"image\":{\"@type\":\"ImageObject\",\"inLanguage\":\"es\",\"@id\":\"https:\/\/secure.gravatar.com\/avatar\/a38b45f8b815a71e5782bb09fdc2302cf360723d562841917495b747d85c4781?s=96&d=mm&r=g\",\"url\":\"https:\/\/secure.gravatar.com\/avatar\/a38b45f8b815a71e5782bb09fdc2302cf360723d562841917495b747d85c4781?s=96&d=mm&r=g\",\"contentUrl\":\"https:\/\/secure.gravatar.com\/avatar\/a38b45f8b815a71e5782bb09fdc2302cf360723d562841917495b747d85c4781?s=96&d=mm&r=g\",\"caption\":\"Edcris Machado\"},\"description\":\"Edcris Machado es ingeniera, docente, periodista y autora venezolana residenciada en Alemania. Su trabajo se centra en la comunicaci\u00f3n, la cultura y las experiencias interculturales, con una mirada que busca ir m\u00e1s all\u00e1 de las noticias.\",\"sameAs\":[\"https:\/\/www.edcrismachado.com\",\"https:\/\/www.instagram.com\/edcrismachado?utm_source=qr&igsh=amducjB1emh0ZDZ0\",\"https:\/\/x.com\/edcrismachado\"],\"jobTitle\":\"Directora Noti-America Alemania\",\"url\":\"https:\/\/noti-america.com\/site\/alemania\/author\/emachado\/\"}]}<\/script>\n<!-- \/ Yoast SEO Premium plugin. -->","yoast_head_json":{"title":"Alemania y Rusia: una relaci\u00f3n cada vez m\u00e1s tensa - Alemania | Noti-America.com","robots":{"index":"index","follow":"follow","max-snippet":"max-snippet:-1","max-image-preview":"max-image-preview:large","max-video-preview":"max-video-preview:-1"},"canonical":"https:\/\/noti-america.com\/site\/alemania\/2026\/04\/27\/alemania-y-rusia-una-relacion-cada-vez-mas-tensa\/","og_locale":"es_ES","og_type":"article","og_title":"Alemania y Rusia: una relaci\u00f3n cada vez m\u00e1s tensa","og_description":"ALEMANIA | NOTI-AMERICA.COM Las relaciones entre Alemania y Rusia atraviesan uno de sus momentos m\u00e1s delicados desde el final de la Guerra Fr\u00eda. El reciente cruce diplom\u00e1tico entre ambos pa\u00edses no es un hecho&#46;&#46;&#46;","og_url":"https:\/\/noti-america.com\/site\/alemania\/2026\/04\/27\/alemania-y-rusia-una-relacion-cada-vez-mas-tensa\/","og_site_name":"Alemania | Noti-America.com","article_published_time":"2026-04-27T13:23:40+00:00","og_image":[{"width":1200,"height":734,"url":"https:\/\/noti-america.com\/site\/alemania\/wp-content\/uploads\/sites\/29\/2026\/03\/pexels-ingo-109629-scaled-e1774637121549.jpg","type":"image\/jpeg"}],"author":"Edcris Machado","twitter_card":"summary_large_image","twitter_creator":"@edcrismachado","twitter_site":"@notiamerica","twitter_misc":{"Escrito por":"Edcris Machado","Tiempo estimado de lectura":"1 minuto"},"schema":{"@context":"https:\/\/schema.org","@graph":[{"@type":"Article","@id":"https:\/\/noti-america.com\/site\/alemania\/2026\/04\/27\/alemania-y-rusia-una-relacion-cada-vez-mas-tensa\/#article","isPartOf":{"@id":"https:\/\/noti-america.com\/site\/alemania\/2026\/04\/27\/alemania-y-rusia-una-relacion-cada-vez-mas-tensa\/"},"author":{"name":"Edcris Machado","@id":"https:\/\/noti-america.com\/site\/alemania\/#\/schema\/person\/2c8d119440090d2d2a880904475295bb"},"headline":"Alemania y Rusia: una relaci\u00f3n cada vez m\u00e1s tensa","datePublished":"2026-04-27T13:23:40+00:00","mainEntityOfPage":{"@id":"https:\/\/noti-america.com\/site\/alemania\/2026\/04\/27\/alemania-y-rusia-una-relacion-cada-vez-mas-tensa\/"},"wordCount":194,"commentCount":0,"image":{"@id":"https:\/\/noti-america.com\/site\/alemania\/2026\/04\/27\/alemania-y-rusia-una-relacion-cada-vez-mas-tensa\/#primaryimage"},"thumbnailUrl":"https:\/\/noti-america.com\/site\/alemania\/wp-content\/uploads\/sites\/29\/2026\/03\/pexels-ingo-109629-scaled-e1774637121549.jpg","articleSection":["Actualidad","Pol\u00edtica"],"inLanguage":"es","potentialAction":[{"@type":"CommentAction","name":"Comment","target":["https:\/\/noti-america.com\/site\/alemania\/2026\/04\/27\/alemania-y-rusia-una-relacion-cada-vez-mas-tensa\/#respond"]}]},{"@type":"WebPage","@id":"https:\/\/noti-america.com\/site\/alemania\/2026\/04\/27\/alemania-y-rusia-una-relacion-cada-vez-mas-tensa\/","url":"https:\/\/noti-america.com\/site\/alemania\/2026\/04\/27\/alemania-y-rusia-una-relacion-cada-vez-mas-tensa\/","name":"Alemania y Rusia: una relaci\u00f3n cada vez m\u00e1s tensa - Alemania | Noti-America.com","isPartOf":{"@id":"https:\/\/noti-america.com\/site\/alemania\/#website"},"primaryImageOfPage":{"@id":"https:\/\/noti-america.com\/site\/alemania\/2026\/04\/27\/alemania-y-rusia-una-relacion-cada-vez-mas-tensa\/#primaryimage"},"image":{"@id":"https:\/\/noti-america.com\/site\/alemania\/2026\/04\/27\/alemania-y-rusia-una-relacion-cada-vez-mas-tensa\/#primaryimage"},"thumbnailUrl":"https:\/\/noti-america.com\/site\/alemania\/wp-content\/uploads\/sites\/29\/2026\/03\/pexels-ingo-109629-scaled-e1774637121549.jpg","datePublished":"2026-04-27T13:23:40+00:00","author":{"@id":"https:\/\/noti-america.com\/site\/alemania\/#\/schema\/person\/2c8d119440090d2d2a880904475295bb"},"breadcrumb":{"@id":"https:\/\/noti-america.com\/site\/alemania\/2026\/04\/27\/alemania-y-rusia-una-relacion-cada-vez-mas-tensa\/#breadcrumb"},"inLanguage":"es","potentialAction":[{"@type":"ReadAction","target":["https:\/\/noti-america.com\/site\/alemania\/2026\/04\/27\/alemania-y-rusia-una-relacion-cada-vez-mas-tensa\/"]}]},{"@type":"ImageObject","inLanguage":"es","@id":"https:\/\/noti-america.com\/site\/alemania\/2026\/04\/27\/alemania-y-rusia-una-relacion-cada-vez-mas-tensa\/#primaryimage","url":"https:\/\/noti-america.com\/site\/alemania\/wp-content\/uploads\/sites\/29\/2026\/03\/pexels-ingo-109629-scaled-e1774637121549.jpg","contentUrl":"https:\/\/noti-america.com\/site\/alemania\/wp-content\/uploads\/sites\/29\/2026\/03\/pexels-ingo-109629-scaled-e1774637121549.jpg","width":1200,"height":734,"caption":"Foto: Ingo Joseph"},{"@type":"BreadcrumbList","@id":"https:\/\/noti-america.com\/site\/alemania\/2026\/04\/27\/alemania-y-rusia-una-relacion-cada-vez-mas-tensa\/#breadcrumb","itemListElement":[{"@type":"ListItem","position":1,"name":"Portada","item":"https:\/\/noti-america.com\/site\/alemania\/"},{"@type":"ListItem","position":2,"name":"Alemania y Rusia: una relaci\u00f3n cada vez m\u00e1s tensa"}]},{"@type":"WebSite","@id":"https:\/\/noti-america.com\/site\/alemania\/#website","url":"https:\/\/noti-america.com\/site\/alemania\/","name":"Alemania | Noti-America.com","description":"Alemania | Noti-America.com","potentialAction":[{"@type":"SearchAction","target":{"@type":"EntryPoint","urlTemplate":"https:\/\/noti-america.com\/site\/alemania\/?s={search_term_string}"},"query-input":{"@type":"PropertyValueSpecification","valueRequired":true,"valueName":"search_term_string"}}],"inLanguage":"es"},{"@type":"Person","@id":"https:\/\/noti-america.com\/site\/alemania\/#\/schema\/person\/2c8d119440090d2d2a880904475295bb","name":"Edcris Machado","image":{"@type":"ImageObject","inLanguage":"es","@id":"https:\/\/secure.gravatar.com\/avatar\/a38b45f8b815a71e5782bb09fdc2302cf360723d562841917495b747d85c4781?s=96&d=mm&r=g","url":"https:\/\/secure.gravatar.com\/avatar\/a38b45f8b815a71e5782bb09fdc2302cf360723d562841917495b747d85c4781?s=96&d=mm&r=g","contentUrl":"https:\/\/secure.gravatar.com\/avatar\/a38b45f8b815a71e5782bb09fdc2302cf360723d562841917495b747d85c4781?s=96&d=mm&r=g","caption":"Edcris Machado"},"description":"Edcris Machado es ingeniera, docente, periodista y autora venezolana residenciada en Alemania. Su trabajo se centra en la comunicaci\u00f3n, la cultura y las experiencias interculturales, con una mirada que busca ir m\u00e1s all\u00e1 de las noticias.","sameAs":["https:\/\/www.edcrismachado.com","https:\/\/www.instagram.com\/edcrismachado?utm_source=qr&igsh=amducjB1emh0ZDZ0","https:\/\/x.com\/edcrismachado"],"jobTitle":"Directora Noti-America Alemania","url":"https:\/\/noti-america.com\/site\/alemania\/author\/emachado\/"}]}},"_links":{"self":[{"href":"https:\/\/noti-america.com\/site\/alemania\/wp-json\/wp\/v2\/posts\/3429","targetHints":{"allow":["GET"]}}],"collection":[{"href":"https:\/\/noti-america.com\/site\/alemania\/wp-json\/wp\/v2\/posts"}],"about":[{"href":"https:\/\/noti-america.com\/site\/alemania\/wp-json\/wp\/v2\/types\/post"}],"author":[{"embeddable":true,"href":"https:\/\/noti-america.com\/site\/alemania\/wp-json\/wp\/v2\/users\/159"}],"replies":[{"embeddable":true,"href":"https:\/\/noti-america.com\/site\/alemania\/wp-json\/wp\/v2\/comments?post=3429"}],"version-history":[{"count":1,"href":"https:\/\/noti-america.com\/site\/alemania\/wp-json\/wp\/v2\/posts\/3429\/revisions"}],"predecessor-version":[{"id":3430,"href":"https:\/\/noti-america.com\/site\/alemania\/wp-json\/wp\/v2\/posts\/3429\/revisions\/3430"}],"wp:featuredmedia":[{"embeddable":true,"href":"https:\/\/noti-america.com\/site\/alemania\/wp-json\/wp\/v2\/media\/3189"}],"wp:attachment":[{"href":"https:\/\/noti-america.com\/site\/alemania\/wp-json\/wp\/v2\/media?parent=3429"}],"wp:term":[{"taxonomy":"category","embeddable":true,"href":"https:\/\/noti-america.com\/site\/alemania\/wp-json\/wp\/v2\/categories?post=3429"},{"taxonomy":"post_tag","embeddable":true,"href":"https:\/\/noti-america.com\/site\/alemania\/wp-json\/wp\/v2\/tags?post=3429"}],"curies":[{"name":"wp","href":"https:\/\/api.w.org\/{rel}","templated":true}]}}