{"id":3424,"date":"2026-04-27T13:18:16","date_gmt":"2026-04-27T13:18:16","guid":{"rendered":"https:\/\/noti-america.com\/site\/alemania\/?p=3424"},"modified":"2026-04-27T13:18:16","modified_gmt":"2026-04-27T13:18:16","slug":"debate-cultural-en-alemania-tras-declaraciones-de-fatih-akin","status":"publish","type":"post","link":"https:\/\/noti-america.com\/site\/alemania\/2026\/04\/27\/debate-cultural-en-alemania-tras-declaraciones-de-fatih-akin\/","title":{"rendered":"Debate cultural en Alemania tras declaraciones de Fatih Akin"},"content":{"rendered":"<p align=\"justify\">ALEMANIA | NOTI-AMERICA.COM<\/p>\n<p align=\"justify\">Las recientes declaraciones del director Fatih Akin han reavivado un debate profundo en la sociedad alemana: el papel del pasado en la pol\u00edtica actual.<\/p>\n<p align=\"justify\">Alemania mantiene desde hace d\u00e9cadas una relaci\u00f3n especial con Israel, en gran medida influida por la responsabilidad hist\u00f3rica derivada del Holocausto. Este principio ha guiado numerosas decisiones pol\u00edticas y diplom\u00e1ticas.<\/p>\n<p align=\"justify\">Sin embargo, voces del \u00e1mbito cultural y social plantean cada vez m\u00e1s preguntas sobre c\u00f3mo debe interpretarse ese legado en el contexto actual. Las declaraciones de Akin han generado reacciones diversas, desde el apoyo a una revisi\u00f3n cr\u00edtica hasta el rechazo por considerar que se cuestiona un pilar fundamental de la pol\u00edtica alemana.<\/p>\n<p align=\"justify\">El debate refleja una sociedad en evoluci\u00f3n, donde las nuevas generaciones buscan equilibrar memoria hist\u00f3rica y posicionamiento contempor\u00e1neo.<\/p>\n","protected":false},"excerpt":{"rendered":"<p>ALEMANIA | NOTI-AMERICA.COM Las recientes declaraciones del director Fatih Akin han reavivado un debate profundo en la sociedad alemana: el papel del pasado en la pol\u00edtica actual. Alemania mantiene desde hace d\u00e9cadas una relaci\u00f3n&#46;&#46;&#46;<\/p>\n","protected":false},"author":159,"featured_media":3425,"comment_status":"open","ping_status":"open","sticky":false,"template":"","format":"image","meta":{"_acf_changed":false,"om_disable_all_campaigns":false,"rop_custom_images_group":[],"rop_custom_messages_group":[],"rop_publish_now":"initial","rop_publish_now_accounts":[],"rop_publish_now_history":[],"rop_publish_now_status":"pending","_monsterinsights_skip_tracking":false,"_monsterinsights_sitenote_active":false,"_monsterinsights_sitenote_note":"","_monsterinsights_sitenote_category":0,"_uf_show_specific_survey":0,"_uf_disable_surveys":false,"footnotes":""},"categories":[10],"tags":[],"class_list":["post-3424","post","type-post","status-publish","format-image","has-post-thumbnail","hentry","category-actualidad","post_format-post-format-image"],"acf":[],"aioseo_notices":[],"yoast_head":"<!-- This site is optimized with the Yoast SEO Premium plugin v24.9 (Yoast SEO v27.2) - https:\/\/yoast.com\/product\/yoast-seo-premium-wordpress\/ -->\n<title>Debate cultural en Alemania tras declaraciones de Fatih Akin - Alemania | Noti-America.com<\/title>\n<meta name=\"robots\" content=\"index, follow, max-snippet:-1, max-image-preview:large, max-video-preview:-1\" \/>\n<link rel=\"canonical\" href=\"https:\/\/noti-america.com\/site\/alemania\/2026\/04\/27\/debate-cultural-en-alemania-tras-declaraciones-de-fatih-akin\/\" \/>\n<meta property=\"og:locale\" content=\"es_ES\" \/>\n<meta property=\"og:type\" content=\"article\" \/>\n<meta property=\"og:title\" content=\"Debate cultural en Alemania tras declaraciones de Fatih Akin\" \/>\n<meta property=\"og:description\" content=\"ALEMANIA | NOTI-AMERICA.COM Las recientes declaraciones del director Fatih Akin han reavivado un debate profundo en la sociedad alemana: el papel del pasado en la pol\u00edtica actual. Alemania mantiene desde hace d\u00e9cadas una relaci\u00f3n&#046;&#046;&#046;\" \/>\n<meta property=\"og:url\" content=\"https:\/\/noti-america.com\/site\/alemania\/2026\/04\/27\/debate-cultural-en-alemania-tras-declaraciones-de-fatih-akin\/\" \/>\n<meta property=\"og:site_name\" content=\"Alemania | Noti-America.com\" \/>\n<meta property=\"article:published_time\" content=\"2026-04-27T13:18:16+00:00\" \/>\n<meta property=\"og:image\" content=\"https:\/\/noti-america.com\/site\/alemania\/wp-content\/uploads\/sites\/29\/2026\/04\/Fatih_Akin_in_Bitola.jpg\" \/>\n\t<meta property=\"og:image:width\" content=\"960\" \/>\n\t<meta property=\"og:image:height\" content=\"640\" \/>\n\t<meta property=\"og:image:type\" content=\"image\/jpeg\" \/>\n<meta name=\"author\" content=\"Edcris Machado\" \/>\n<meta name=\"twitter:card\" content=\"summary_large_image\" \/>\n<meta name=\"twitter:creator\" content=\"@edcrismachado\" \/>\n<meta name=\"twitter:site\" content=\"@notiamerica\" \/>\n<meta name=\"twitter:label1\" content=\"Escrito por\" \/>\n\t<meta name=\"twitter:data1\" content=\"Edcris Machado\" \/>\n\t<meta name=\"twitter:label2\" content=\"Tiempo estimado de lectura\" \/>\n\t<meta name=\"twitter:data2\" content=\"1 minuto\" \/>\n<script type=\"application\/ld+json\" class=\"yoast-schema-graph\">{\"@context\":\"https:\/\/schema.org\",\"@graph\":[{\"@type\":\"Article\",\"@id\":\"https:\/\/noti-america.com\/site\/alemania\/2026\/04\/27\/debate-cultural-en-alemania-tras-declaraciones-de-fatih-akin\/#article\",\"isPartOf\":{\"@id\":\"https:\/\/noti-america.com\/site\/alemania\/2026\/04\/27\/debate-cultural-en-alemania-tras-declaraciones-de-fatih-akin\/\"},\"author\":{\"name\":\"Edcris Machado\",\"@id\":\"https:\/\/noti-america.com\/site\/alemania\/#\/schema\/person\/2c8d119440090d2d2a880904475295bb\"},\"headline\":\"Debate cultural en Alemania tras declaraciones de Fatih Akin\",\"datePublished\":\"2026-04-27T13:18:16+00:00\",\"mainEntityOfPage\":{\"@id\":\"https:\/\/noti-america.com\/site\/alemania\/2026\/04\/27\/debate-cultural-en-alemania-tras-declaraciones-de-fatih-akin\/\"},\"wordCount\":151,\"commentCount\":0,\"image\":{\"@id\":\"https:\/\/noti-america.com\/site\/alemania\/2026\/04\/27\/debate-cultural-en-alemania-tras-declaraciones-de-fatih-akin\/#primaryimage\"},\"thumbnailUrl\":\"https:\/\/noti-america.com\/site\/alemania\/wp-content\/uploads\/sites\/29\/2026\/04\/Fatih_Akin_in_Bitola.jpg\",\"articleSection\":[\"Actualidad\"],\"inLanguage\":\"es\",\"potentialAction\":[{\"@type\":\"CommentAction\",\"name\":\"Comment\",\"target\":[\"https:\/\/noti-america.com\/site\/alemania\/2026\/04\/27\/debate-cultural-en-alemania-tras-declaraciones-de-fatih-akin\/#respond\"]}]},{\"@type\":\"WebPage\",\"@id\":\"https:\/\/noti-america.com\/site\/alemania\/2026\/04\/27\/debate-cultural-en-alemania-tras-declaraciones-de-fatih-akin\/\",\"url\":\"https:\/\/noti-america.com\/site\/alemania\/2026\/04\/27\/debate-cultural-en-alemania-tras-declaraciones-de-fatih-akin\/\",\"name\":\"Debate cultural en Alemania tras declaraciones de Fatih Akin - Alemania | Noti-America.com\",\"isPartOf\":{\"@id\":\"https:\/\/noti-america.com\/site\/alemania\/#website\"},\"primaryImageOfPage\":{\"@id\":\"https:\/\/noti-america.com\/site\/alemania\/2026\/04\/27\/debate-cultural-en-alemania-tras-declaraciones-de-fatih-akin\/#primaryimage\"},\"image\":{\"@id\":\"https:\/\/noti-america.com\/site\/alemania\/2026\/04\/27\/debate-cultural-en-alemania-tras-declaraciones-de-fatih-akin\/#primaryimage\"},\"thumbnailUrl\":\"https:\/\/noti-america.com\/site\/alemania\/wp-content\/uploads\/sites\/29\/2026\/04\/Fatih_Akin_in_Bitola.jpg\",\"datePublished\":\"2026-04-27T13:18:16+00:00\",\"author\":{\"@id\":\"https:\/\/noti-america.com\/site\/alemania\/#\/schema\/person\/2c8d119440090d2d2a880904475295bb\"},\"breadcrumb\":{\"@id\":\"https:\/\/noti-america.com\/site\/alemania\/2026\/04\/27\/debate-cultural-en-alemania-tras-declaraciones-de-fatih-akin\/#breadcrumb\"},\"inLanguage\":\"es\",\"potentialAction\":[{\"@type\":\"ReadAction\",\"target\":[\"https:\/\/noti-america.com\/site\/alemania\/2026\/04\/27\/debate-cultural-en-alemania-tras-declaraciones-de-fatih-akin\/\"]}]},{\"@type\":\"ImageObject\",\"inLanguage\":\"es\",\"@id\":\"https:\/\/noti-america.com\/site\/alemania\/2026\/04\/27\/debate-cultural-en-alemania-tras-declaraciones-de-fatih-akin\/#primaryimage\",\"url\":\"https:\/\/noti-america.com\/site\/alemania\/wp-content\/uploads\/sites\/29\/2026\/04\/Fatih_Akin_in_Bitola.jpg\",\"contentUrl\":\"https:\/\/noti-america.com\/site\/alemania\/wp-content\/uploads\/sites\/29\/2026\/04\/Fatih_Akin_in_Bitola.jpg\",\"width\":960,\"height\":640,\"caption\":\"German-Turkish film director Fatih Akin at the Manaki Brothers Festival in Bitola, North Macedonia, on 17 September 2019. (Foto: Paul Katzenberger)\"},{\"@type\":\"BreadcrumbList\",\"@id\":\"https:\/\/noti-america.com\/site\/alemania\/2026\/04\/27\/debate-cultural-en-alemania-tras-declaraciones-de-fatih-akin\/#breadcrumb\",\"itemListElement\":[{\"@type\":\"ListItem\",\"position\":1,\"name\":\"Portada\",\"item\":\"https:\/\/noti-america.com\/site\/alemania\/\"},{\"@type\":\"ListItem\",\"position\":2,\"name\":\"Debate cultural en Alemania tras declaraciones de Fatih Akin\"}]},{\"@type\":\"WebSite\",\"@id\":\"https:\/\/noti-america.com\/site\/alemania\/#website\",\"url\":\"https:\/\/noti-america.com\/site\/alemania\/\",\"name\":\"Alemania | Noti-America.com\",\"description\":\"Alemania | Noti-America.com\",\"potentialAction\":[{\"@type\":\"SearchAction\",\"target\":{\"@type\":\"EntryPoint\",\"urlTemplate\":\"https:\/\/noti-america.com\/site\/alemania\/?s={search_term_string}\"},\"query-input\":{\"@type\":\"PropertyValueSpecification\",\"valueRequired\":true,\"valueName\":\"search_term_string\"}}],\"inLanguage\":\"es\"},{\"@type\":\"Person\",\"@id\":\"https:\/\/noti-america.com\/site\/alemania\/#\/schema\/person\/2c8d119440090d2d2a880904475295bb\",\"name\":\"Edcris Machado\",\"image\":{\"@type\":\"ImageObject\",\"inLanguage\":\"es\",\"@id\":\"https:\/\/secure.gravatar.com\/avatar\/a38b45f8b815a71e5782bb09fdc2302cf360723d562841917495b747d85c4781?s=96&d=mm&r=g\",\"url\":\"https:\/\/secure.gravatar.com\/avatar\/a38b45f8b815a71e5782bb09fdc2302cf360723d562841917495b747d85c4781?s=96&d=mm&r=g\",\"contentUrl\":\"https:\/\/secure.gravatar.com\/avatar\/a38b45f8b815a71e5782bb09fdc2302cf360723d562841917495b747d85c4781?s=96&d=mm&r=g\",\"caption\":\"Edcris Machado\"},\"description\":\"Edcris Machado es ingeniera, docente, periodista y autora venezolana residenciada en Alemania. Su trabajo se centra en la comunicaci\u00f3n, la cultura y las experiencias interculturales, con una mirada que busca ir m\u00e1s all\u00e1 de las noticias.\",\"sameAs\":[\"https:\/\/www.edcrismachado.com\",\"https:\/\/www.instagram.com\/edcrismachado?utm_source=qr&igsh=amducjB1emh0ZDZ0\",\"https:\/\/x.com\/edcrismachado\"],\"jobTitle\":\"Directora Noti-America Alemania\",\"url\":\"https:\/\/noti-america.com\/site\/alemania\/author\/emachado\/\"}]}<\/script>\n<!-- \/ Yoast SEO Premium plugin. -->","yoast_head_json":{"title":"Debate cultural en Alemania tras declaraciones de Fatih Akin - Alemania | Noti-America.com","robots":{"index":"index","follow":"follow","max-snippet":"max-snippet:-1","max-image-preview":"max-image-preview:large","max-video-preview":"max-video-preview:-1"},"canonical":"https:\/\/noti-america.com\/site\/alemania\/2026\/04\/27\/debate-cultural-en-alemania-tras-declaraciones-de-fatih-akin\/","og_locale":"es_ES","og_type":"article","og_title":"Debate cultural en Alemania tras declaraciones de Fatih Akin","og_description":"ALEMANIA | NOTI-AMERICA.COM Las recientes declaraciones del director Fatih Akin han reavivado un debate profundo en la sociedad alemana: el papel del pasado en la pol\u00edtica actual. Alemania mantiene desde hace d\u00e9cadas una relaci\u00f3n&#46;&#46;&#46;","og_url":"https:\/\/noti-america.com\/site\/alemania\/2026\/04\/27\/debate-cultural-en-alemania-tras-declaraciones-de-fatih-akin\/","og_site_name":"Alemania | Noti-America.com","article_published_time":"2026-04-27T13:18:16+00:00","og_image":[{"width":960,"height":640,"url":"https:\/\/noti-america.com\/site\/alemania\/wp-content\/uploads\/sites\/29\/2026\/04\/Fatih_Akin_in_Bitola.jpg","type":"image\/jpeg"}],"author":"Edcris Machado","twitter_card":"summary_large_image","twitter_creator":"@edcrismachado","twitter_site":"@notiamerica","twitter_misc":{"Escrito por":"Edcris Machado","Tiempo estimado de lectura":"1 minuto"},"schema":{"@context":"https:\/\/schema.org","@graph":[{"@type":"Article","@id":"https:\/\/noti-america.com\/site\/alemania\/2026\/04\/27\/debate-cultural-en-alemania-tras-declaraciones-de-fatih-akin\/#article","isPartOf":{"@id":"https:\/\/noti-america.com\/site\/alemania\/2026\/04\/27\/debate-cultural-en-alemania-tras-declaraciones-de-fatih-akin\/"},"author":{"name":"Edcris Machado","@id":"https:\/\/noti-america.com\/site\/alemania\/#\/schema\/person\/2c8d119440090d2d2a880904475295bb"},"headline":"Debate cultural en Alemania tras declaraciones de Fatih Akin","datePublished":"2026-04-27T13:18:16+00:00","mainEntityOfPage":{"@id":"https:\/\/noti-america.com\/site\/alemania\/2026\/04\/27\/debate-cultural-en-alemania-tras-declaraciones-de-fatih-akin\/"},"wordCount":151,"commentCount":0,"image":{"@id":"https:\/\/noti-america.com\/site\/alemania\/2026\/04\/27\/debate-cultural-en-alemania-tras-declaraciones-de-fatih-akin\/#primaryimage"},"thumbnailUrl":"https:\/\/noti-america.com\/site\/alemania\/wp-content\/uploads\/sites\/29\/2026\/04\/Fatih_Akin_in_Bitola.jpg","articleSection":["Actualidad"],"inLanguage":"es","potentialAction":[{"@type":"CommentAction","name":"Comment","target":["https:\/\/noti-america.com\/site\/alemania\/2026\/04\/27\/debate-cultural-en-alemania-tras-declaraciones-de-fatih-akin\/#respond"]}]},{"@type":"WebPage","@id":"https:\/\/noti-america.com\/site\/alemania\/2026\/04\/27\/debate-cultural-en-alemania-tras-declaraciones-de-fatih-akin\/","url":"https:\/\/noti-america.com\/site\/alemania\/2026\/04\/27\/debate-cultural-en-alemania-tras-declaraciones-de-fatih-akin\/","name":"Debate cultural en Alemania tras declaraciones de Fatih Akin - Alemania | Noti-America.com","isPartOf":{"@id":"https:\/\/noti-america.com\/site\/alemania\/#website"},"primaryImageOfPage":{"@id":"https:\/\/noti-america.com\/site\/alemania\/2026\/04\/27\/debate-cultural-en-alemania-tras-declaraciones-de-fatih-akin\/#primaryimage"},"image":{"@id":"https:\/\/noti-america.com\/site\/alemania\/2026\/04\/27\/debate-cultural-en-alemania-tras-declaraciones-de-fatih-akin\/#primaryimage"},"thumbnailUrl":"https:\/\/noti-america.com\/site\/alemania\/wp-content\/uploads\/sites\/29\/2026\/04\/Fatih_Akin_in_Bitola.jpg","datePublished":"2026-04-27T13:18:16+00:00","author":{"@id":"https:\/\/noti-america.com\/site\/alemania\/#\/schema\/person\/2c8d119440090d2d2a880904475295bb"},"breadcrumb":{"@id":"https:\/\/noti-america.com\/site\/alemania\/2026\/04\/27\/debate-cultural-en-alemania-tras-declaraciones-de-fatih-akin\/#breadcrumb"},"inLanguage":"es","potentialAction":[{"@type":"ReadAction","target":["https:\/\/noti-america.com\/site\/alemania\/2026\/04\/27\/debate-cultural-en-alemania-tras-declaraciones-de-fatih-akin\/"]}]},{"@type":"ImageObject","inLanguage":"es","@id":"https:\/\/noti-america.com\/site\/alemania\/2026\/04\/27\/debate-cultural-en-alemania-tras-declaraciones-de-fatih-akin\/#primaryimage","url":"https:\/\/noti-america.com\/site\/alemania\/wp-content\/uploads\/sites\/29\/2026\/04\/Fatih_Akin_in_Bitola.jpg","contentUrl":"https:\/\/noti-america.com\/site\/alemania\/wp-content\/uploads\/sites\/29\/2026\/04\/Fatih_Akin_in_Bitola.jpg","width":960,"height":640,"caption":"German-Turkish film director Fatih Akin at the Manaki Brothers Festival in Bitola, North Macedonia, on 17 September 2019. (Foto: Paul Katzenberger)"},{"@type":"BreadcrumbList","@id":"https:\/\/noti-america.com\/site\/alemania\/2026\/04\/27\/debate-cultural-en-alemania-tras-declaraciones-de-fatih-akin\/#breadcrumb","itemListElement":[{"@type":"ListItem","position":1,"name":"Portada","item":"https:\/\/noti-america.com\/site\/alemania\/"},{"@type":"ListItem","position":2,"name":"Debate cultural en Alemania tras declaraciones de Fatih Akin"}]},{"@type":"WebSite","@id":"https:\/\/noti-america.com\/site\/alemania\/#website","url":"https:\/\/noti-america.com\/site\/alemania\/","name":"Alemania | Noti-America.com","description":"Alemania | Noti-America.com","potentialAction":[{"@type":"SearchAction","target":{"@type":"EntryPoint","urlTemplate":"https:\/\/noti-america.com\/site\/alemania\/?s={search_term_string}"},"query-input":{"@type":"PropertyValueSpecification","valueRequired":true,"valueName":"search_term_string"}}],"inLanguage":"es"},{"@type":"Person","@id":"https:\/\/noti-america.com\/site\/alemania\/#\/schema\/person\/2c8d119440090d2d2a880904475295bb","name":"Edcris Machado","image":{"@type":"ImageObject","inLanguage":"es","@id":"https:\/\/secure.gravatar.com\/avatar\/a38b45f8b815a71e5782bb09fdc2302cf360723d562841917495b747d85c4781?s=96&d=mm&r=g","url":"https:\/\/secure.gravatar.com\/avatar\/a38b45f8b815a71e5782bb09fdc2302cf360723d562841917495b747d85c4781?s=96&d=mm&r=g","contentUrl":"https:\/\/secure.gravatar.com\/avatar\/a38b45f8b815a71e5782bb09fdc2302cf360723d562841917495b747d85c4781?s=96&d=mm&r=g","caption":"Edcris Machado"},"description":"Edcris Machado es ingeniera, docente, periodista y autora venezolana residenciada en Alemania. Su trabajo se centra en la comunicaci\u00f3n, la cultura y las experiencias interculturales, con una mirada que busca ir m\u00e1s all\u00e1 de las noticias.","sameAs":["https:\/\/www.edcrismachado.com","https:\/\/www.instagram.com\/edcrismachado?utm_source=qr&igsh=amducjB1emh0ZDZ0","https:\/\/x.com\/edcrismachado"],"jobTitle":"Directora Noti-America Alemania","url":"https:\/\/noti-america.com\/site\/alemania\/author\/emachado\/"}]}},"_links":{"self":[{"href":"https:\/\/noti-america.com\/site\/alemania\/wp-json\/wp\/v2\/posts\/3424","targetHints":{"allow":["GET"]}}],"collection":[{"href":"https:\/\/noti-america.com\/site\/alemania\/wp-json\/wp\/v2\/posts"}],"about":[{"href":"https:\/\/noti-america.com\/site\/alemania\/wp-json\/wp\/v2\/types\/post"}],"author":[{"embeddable":true,"href":"https:\/\/noti-america.com\/site\/alemania\/wp-json\/wp\/v2\/users\/159"}],"replies":[{"embeddable":true,"href":"https:\/\/noti-america.com\/site\/alemania\/wp-json\/wp\/v2\/comments?post=3424"}],"version-history":[{"count":1,"href":"https:\/\/noti-america.com\/site\/alemania\/wp-json\/wp\/v2\/posts\/3424\/revisions"}],"predecessor-version":[{"id":3426,"href":"https:\/\/noti-america.com\/site\/alemania\/wp-json\/wp\/v2\/posts\/3424\/revisions\/3426"}],"wp:featuredmedia":[{"embeddable":true,"href":"https:\/\/noti-america.com\/site\/alemania\/wp-json\/wp\/v2\/media\/3425"}],"wp:attachment":[{"href":"https:\/\/noti-america.com\/site\/alemania\/wp-json\/wp\/v2\/media?parent=3424"}],"wp:term":[{"taxonomy":"category","embeddable":true,"href":"https:\/\/noti-america.com\/site\/alemania\/wp-json\/wp\/v2\/categories?post=3424"},{"taxonomy":"post_tag","embeddable":true,"href":"https:\/\/noti-america.com\/site\/alemania\/wp-json\/wp\/v2\/tags?post=3424"}],"curies":[{"name":"wp","href":"https:\/\/api.w.org\/{rel}","templated":true}]}}