{"id":3416,"date":"2026-04-25T14:45:24","date_gmt":"2026-04-25T14:45:24","guid":{"rendered":"https:\/\/noti-america.com\/site\/alemania\/?p=3416"},"modified":"2026-04-25T14:45:24","modified_gmt":"2026-04-25T14:45:24","slug":"sorpresa-en-el-voleibol-aleman-suhl-hace-historia-y-conquista-la-liga","status":"publish","type":"post","link":"https:\/\/noti-america.com\/site\/alemania\/2026\/04\/25\/sorpresa-en-el-voleibol-aleman-suhl-hace-historia-y-conquista-la-liga\/","title":{"rendered":"Sorpresa en el voleibol alem\u00e1n: Suhl hace historia y conquista la liga"},"content":{"rendered":"<p align=\"justify\">ALEMANIA | NOTI-AMERICA.COM<\/p>\n<p align=\"justify\">La ciudad de Suhl vivi\u00f3 una jornada que dif\u00edcilmente ser\u00e1 olvidada. El equipo femenino del VfB Suhl LOTTO Th\u00fcringen alcanz\u00f3 por primera vez el campeonato nacional, culminando una temporada que pocos habr\u00edan pronosticado al inicio.<\/p>\n<p align=\"justify\">Lejos de los focos habituales que suelen concentrarse en los grandes clubes, el conjunto turingio construy\u00f3 su \u00e9xito paso a paso. Su juego se caracteriz\u00f3 por una mezcla de disciplina t\u00e1ctica, solidez defensiva y una notable capacidad para gestionar los momentos de presi\u00f3n. En la final, esa madurez competitiva se tradujo en un rendimiento convincente frente al Dresdner SC, uno de los equipos m\u00e1s consolidados del pa\u00eds.<\/p>\n<p align=\"justify\">Pero lo que convierte este logro en algo verdaderamente excepcional no es solo el t\u00edtulo de liga. Semanas antes, el equipo ya hab\u00eda levantado la copa nacional, el DVV-Pokal. Con ambos trofeos en sus manos, Suhl completa un doblete que marca un antes y un despu\u00e9s en su historia deportiva.<\/p>\n<p align=\"justify\">M\u00e1s all\u00e1 de los resultados, esta victoria refleja un cambio interesante en el panorama del voleibol alem\u00e1n. Demuestra que la planificaci\u00f3n a largo plazo, el desarrollo de talento y la cohesi\u00f3n de grupo pueden competir \u2014y vencer\u2014 a estructuras m\u00e1s poderosas. Tambi\u00e9n pone en el mapa a Suhl como un nuevo referente dentro del deporte nacional.<\/p>\n<p align=\"justify\">Para la afici\u00f3n local, el triunfo tiene un significado especial. No se trata solo de un t\u00edtulo, sino de la confirmaci\u00f3n de que un proyecto modesto puede alcanzar la \u00e9lite sin renunciar a su identidad. La celebraci\u00f3n en la ciudad fue la prueba de ello: una mezcla de orgullo, sorpresa y la sensaci\u00f3n de haber sido testigos de algo \u00fanico.<\/p>\n<p align=\"justify\">El reto ahora ser\u00e1 sostener este nivel en el tiempo. Pero, independientemente de lo que ocurra en las pr\u00f3ximas temporadas, este campeonato ya ocupa un lugar permanente en la memoria del deporte alem\u00e1n.<\/p>\n","protected":false},"excerpt":{"rendered":"<p>ALEMANIA | NOTI-AMERICA.COM La ciudad de Suhl vivi\u00f3 una jornada que dif\u00edcilmente ser\u00e1 olvidada. El equipo femenino del VfB Suhl LOTTO Th\u00fcringen alcanz\u00f3 por primera vez el campeonato nacional, culminando una temporada que pocos&#46;&#46;&#46;<\/p>\n","protected":false},"author":159,"featured_media":3417,"comment_status":"open","ping_status":"open","sticky":false,"template":"","format":"image","meta":{"_acf_changed":false,"om_disable_all_campaigns":false,"rop_custom_images_group":[],"rop_custom_messages_group":[],"rop_publish_now":"initial","rop_publish_now_accounts":[],"rop_publish_now_history":[],"rop_publish_now_status":"pending","_monsterinsights_skip_tracking":false,"_monsterinsights_sitenote_active":false,"_monsterinsights_sitenote_note":"","_monsterinsights_sitenote_category":0,"_uf_show_specific_survey":0,"_uf_disable_surveys":false,"footnotes":""},"categories":[10,16],"tags":[],"class_list":["post-3416","post","type-post","status-publish","format-image","has-post-thumbnail","hentry","category-actualidad","category-deportes","post_format-post-format-image"],"acf":[],"aioseo_notices":[],"yoast_head":"<!-- This site is optimized with the Yoast SEO Premium plugin v24.9 (Yoast SEO v27.2) - https:\/\/yoast.com\/product\/yoast-seo-premium-wordpress\/ -->\n<title>Sorpresa en el voleibol alem\u00e1n: Suhl hace historia y conquista la liga - Alemania | Noti-America.com<\/title>\n<meta name=\"robots\" content=\"index, follow, max-snippet:-1, max-image-preview:large, max-video-preview:-1\" \/>\n<link rel=\"canonical\" href=\"https:\/\/noti-america.com\/site\/alemania\/2026\/04\/25\/sorpresa-en-el-voleibol-aleman-suhl-hace-historia-y-conquista-la-liga\/\" \/>\n<meta property=\"og:locale\" content=\"es_ES\" \/>\n<meta property=\"og:type\" content=\"article\" \/>\n<meta property=\"og:title\" content=\"Sorpresa en el voleibol alem\u00e1n: Suhl hace historia y conquista la liga\" \/>\n<meta property=\"og:description\" content=\"ALEMANIA | NOTI-AMERICA.COM La ciudad de Suhl vivi\u00f3 una jornada que dif\u00edcilmente ser\u00e1 olvidada. El equipo femenino del VfB Suhl LOTTO Th\u00fcringen alcanz\u00f3 por primera vez el campeonato nacional, culminando una temporada que pocos&#046;&#046;&#046;\" \/>\n<meta property=\"og:url\" content=\"https:\/\/noti-america.com\/site\/alemania\/2026\/04\/25\/sorpresa-en-el-voleibol-aleman-suhl-hace-historia-y-conquista-la-liga\/\" \/>\n<meta property=\"og:site_name\" content=\"Alemania | Noti-America.com\" \/>\n<meta property=\"article:published_time\" content=\"2026-04-25T14:45:24+00:00\" \/>\n<meta property=\"og:image\" content=\"https:\/\/noti-america.com\/site\/alemania\/wp-content\/uploads\/sites\/29\/2026\/04\/2021-11-13_Volleyball_1._Bundesliga_Frauen_Schwarz-Weiss_Erfurt_-_VfB_91_Suhl_Lotto_Thuringen_1DX_1974_by_Stepro.jpg\" \/>\n\t<meta property=\"og:image:width\" content=\"960\" \/>\n\t<meta property=\"og:image:height\" content=\"640\" \/>\n\t<meta property=\"og:image:type\" content=\"image\/jpeg\" \/>\n<meta name=\"author\" content=\"Edcris Machado\" \/>\n<meta name=\"twitter:card\" content=\"summary_large_image\" \/>\n<meta name=\"twitter:creator\" content=\"@edcrismachado\" \/>\n<meta name=\"twitter:site\" content=\"@notiamerica\" \/>\n<meta name=\"twitter:label1\" content=\"Escrito por\" \/>\n\t<meta name=\"twitter:data1\" content=\"Edcris Machado\" \/>\n\t<meta name=\"twitter:label2\" content=\"Tiempo estimado de lectura\" \/>\n\t<meta name=\"twitter:data2\" content=\"2 minutos\" \/>\n<script type=\"application\/ld+json\" class=\"yoast-schema-graph\">{\"@context\":\"https:\/\/schema.org\",\"@graph\":[{\"@type\":\"Article\",\"@id\":\"https:\/\/noti-america.com\/site\/alemania\/2026\/04\/25\/sorpresa-en-el-voleibol-aleman-suhl-hace-historia-y-conquista-la-liga\/#article\",\"isPartOf\":{\"@id\":\"https:\/\/noti-america.com\/site\/alemania\/2026\/04\/25\/sorpresa-en-el-voleibol-aleman-suhl-hace-historia-y-conquista-la-liga\/\"},\"author\":{\"name\":\"Edcris Machado\",\"@id\":\"https:\/\/noti-america.com\/site\/alemania\/#\/schema\/person\/2c8d119440090d2d2a880904475295bb\"},\"headline\":\"Sorpresa en el voleibol alem\u00e1n: Suhl hace historia y conquista la liga\",\"datePublished\":\"2026-04-25T14:45:24+00:00\",\"mainEntityOfPage\":{\"@id\":\"https:\/\/noti-america.com\/site\/alemania\/2026\/04\/25\/sorpresa-en-el-voleibol-aleman-suhl-hace-historia-y-conquista-la-liga\/\"},\"wordCount\":340,\"commentCount\":0,\"image\":{\"@id\":\"https:\/\/noti-america.com\/site\/alemania\/2026\/04\/25\/sorpresa-en-el-voleibol-aleman-suhl-hace-historia-y-conquista-la-liga\/#primaryimage\"},\"thumbnailUrl\":\"https:\/\/noti-america.com\/site\/alemania\/wp-content\/uploads\/sites\/29\/2026\/04\/2021-11-13_Volleyball_1._Bundesliga_Frauen_Schwarz-Weiss_Erfurt_-_VfB_91_Suhl_Lotto_Thuringen_1DX_1974_by_Stepro.jpg\",\"articleSection\":[\"Actualidad\",\"Deportes\"],\"inLanguage\":\"es\",\"potentialAction\":[{\"@type\":\"CommentAction\",\"name\":\"Comment\",\"target\":[\"https:\/\/noti-america.com\/site\/alemania\/2026\/04\/25\/sorpresa-en-el-voleibol-aleman-suhl-hace-historia-y-conquista-la-liga\/#respond\"]}]},{\"@type\":\"WebPage\",\"@id\":\"https:\/\/noti-america.com\/site\/alemania\/2026\/04\/25\/sorpresa-en-el-voleibol-aleman-suhl-hace-historia-y-conquista-la-liga\/\",\"url\":\"https:\/\/noti-america.com\/site\/alemania\/2026\/04\/25\/sorpresa-en-el-voleibol-aleman-suhl-hace-historia-y-conquista-la-liga\/\",\"name\":\"Sorpresa en el voleibol alem\u00e1n: Suhl hace historia y conquista la liga - Alemania | Noti-America.com\",\"isPartOf\":{\"@id\":\"https:\/\/noti-america.com\/site\/alemania\/#website\"},\"primaryImageOfPage\":{\"@id\":\"https:\/\/noti-america.com\/site\/alemania\/2026\/04\/25\/sorpresa-en-el-voleibol-aleman-suhl-hace-historia-y-conquista-la-liga\/#primaryimage\"},\"image\":{\"@id\":\"https:\/\/noti-america.com\/site\/alemania\/2026\/04\/25\/sorpresa-en-el-voleibol-aleman-suhl-hace-historia-y-conquista-la-liga\/#primaryimage\"},\"thumbnailUrl\":\"https:\/\/noti-america.com\/site\/alemania\/wp-content\/uploads\/sites\/29\/2026\/04\/2021-11-13_Volleyball_1._Bundesliga_Frauen_Schwarz-Weiss_Erfurt_-_VfB_91_Suhl_Lotto_Thuringen_1DX_1974_by_Stepro.jpg\",\"datePublished\":\"2026-04-25T14:45:24+00:00\",\"author\":{\"@id\":\"https:\/\/noti-america.com\/site\/alemania\/#\/schema\/person\/2c8d119440090d2d2a880904475295bb\"},\"breadcrumb\":{\"@id\":\"https:\/\/noti-america.com\/site\/alemania\/2026\/04\/25\/sorpresa-en-el-voleibol-aleman-suhl-hace-historia-y-conquista-la-liga\/#breadcrumb\"},\"inLanguage\":\"es\",\"potentialAction\":[{\"@type\":\"ReadAction\",\"target\":[\"https:\/\/noti-america.com\/site\/alemania\/2026\/04\/25\/sorpresa-en-el-voleibol-aleman-suhl-hace-historia-y-conquista-la-liga\/\"]}]},{\"@type\":\"ImageObject\",\"inLanguage\":\"es\",\"@id\":\"https:\/\/noti-america.com\/site\/alemania\/2026\/04\/25\/sorpresa-en-el-voleibol-aleman-suhl-hace-historia-y-conquista-la-liga\/#primaryimage\",\"url\":\"https:\/\/noti-america.com\/site\/alemania\/wp-content\/uploads\/sites\/29\/2026\/04\/2021-11-13_Volleyball_1._Bundesliga_Frauen_Schwarz-Weiss_Erfurt_-_VfB_91_Suhl_Lotto_Thuringen_1DX_1974_by_Stepro.jpg\",\"contentUrl\":\"https:\/\/noti-america.com\/site\/alemania\/wp-content\/uploads\/sites\/29\/2026\/04\/2021-11-13_Volleyball_1._Bundesliga_Frauen_Schwarz-Weiss_Erfurt_-_VfB_91_Suhl_Lotto_Thuringen_1DX_1974_by_Stepro.jpg\",\"width\":960,\"height\":640,\"caption\":\"Foto: Steffen Pr\u00f6\u00dfdorf - Jubel, celebration bei VfB 91 Suhl Lotto Th\u00fcringen \u00fcber den Derbysieg\"},{\"@type\":\"BreadcrumbList\",\"@id\":\"https:\/\/noti-america.com\/site\/alemania\/2026\/04\/25\/sorpresa-en-el-voleibol-aleman-suhl-hace-historia-y-conquista-la-liga\/#breadcrumb\",\"itemListElement\":[{\"@type\":\"ListItem\",\"position\":1,\"name\":\"Portada\",\"item\":\"https:\/\/noti-america.com\/site\/alemania\/\"},{\"@type\":\"ListItem\",\"position\":2,\"name\":\"Sorpresa en el voleibol alem\u00e1n: Suhl hace historia y conquista la liga\"}]},{\"@type\":\"WebSite\",\"@id\":\"https:\/\/noti-america.com\/site\/alemania\/#website\",\"url\":\"https:\/\/noti-america.com\/site\/alemania\/\",\"name\":\"Alemania | Noti-America.com\",\"description\":\"Alemania | Noti-America.com\",\"potentialAction\":[{\"@type\":\"SearchAction\",\"target\":{\"@type\":\"EntryPoint\",\"urlTemplate\":\"https:\/\/noti-america.com\/site\/alemania\/?s={search_term_string}\"},\"query-input\":{\"@type\":\"PropertyValueSpecification\",\"valueRequired\":true,\"valueName\":\"search_term_string\"}}],\"inLanguage\":\"es\"},{\"@type\":\"Person\",\"@id\":\"https:\/\/noti-america.com\/site\/alemania\/#\/schema\/person\/2c8d119440090d2d2a880904475295bb\",\"name\":\"Edcris Machado\",\"image\":{\"@type\":\"ImageObject\",\"inLanguage\":\"es\",\"@id\":\"https:\/\/secure.gravatar.com\/avatar\/a38b45f8b815a71e5782bb09fdc2302cf360723d562841917495b747d85c4781?s=96&d=mm&r=g\",\"url\":\"https:\/\/secure.gravatar.com\/avatar\/a38b45f8b815a71e5782bb09fdc2302cf360723d562841917495b747d85c4781?s=96&d=mm&r=g\",\"contentUrl\":\"https:\/\/secure.gravatar.com\/avatar\/a38b45f8b815a71e5782bb09fdc2302cf360723d562841917495b747d85c4781?s=96&d=mm&r=g\",\"caption\":\"Edcris Machado\"},\"description\":\"Edcris Machado es ingeniera, docente, periodista y autora venezolana residenciada en Alemania. Su trabajo se centra en la comunicaci\u00f3n, la cultura y las experiencias interculturales, con una mirada que busca ir m\u00e1s all\u00e1 de las noticias.\",\"sameAs\":[\"https:\/\/www.edcrismachado.com\",\"https:\/\/www.instagram.com\/edcrismachado?utm_source=qr&igsh=amducjB1emh0ZDZ0\",\"https:\/\/x.com\/edcrismachado\"],\"jobTitle\":\"Directora Noti-America Alemania\",\"url\":\"https:\/\/noti-america.com\/site\/alemania\/author\/emachado\/\"}]}<\/script>\n<!-- \/ Yoast SEO Premium plugin. -->","yoast_head_json":{"title":"Sorpresa en el voleibol alem\u00e1n: Suhl hace historia y conquista la liga - Alemania | Noti-America.com","robots":{"index":"index","follow":"follow","max-snippet":"max-snippet:-1","max-image-preview":"max-image-preview:large","max-video-preview":"max-video-preview:-1"},"canonical":"https:\/\/noti-america.com\/site\/alemania\/2026\/04\/25\/sorpresa-en-el-voleibol-aleman-suhl-hace-historia-y-conquista-la-liga\/","og_locale":"es_ES","og_type":"article","og_title":"Sorpresa en el voleibol alem\u00e1n: Suhl hace historia y conquista la liga","og_description":"ALEMANIA | NOTI-AMERICA.COM La ciudad de Suhl vivi\u00f3 una jornada que dif\u00edcilmente ser\u00e1 olvidada. El equipo femenino del VfB Suhl LOTTO Th\u00fcringen alcanz\u00f3 por primera vez el campeonato nacional, culminando una temporada que pocos&#46;&#46;&#46;","og_url":"https:\/\/noti-america.com\/site\/alemania\/2026\/04\/25\/sorpresa-en-el-voleibol-aleman-suhl-hace-historia-y-conquista-la-liga\/","og_site_name":"Alemania | Noti-America.com","article_published_time":"2026-04-25T14:45:24+00:00","og_image":[{"width":960,"height":640,"url":"https:\/\/noti-america.com\/site\/alemania\/wp-content\/uploads\/sites\/29\/2026\/04\/2021-11-13_Volleyball_1._Bundesliga_Frauen_Schwarz-Weiss_Erfurt_-_VfB_91_Suhl_Lotto_Thuringen_1DX_1974_by_Stepro.jpg","type":"image\/jpeg"}],"author":"Edcris Machado","twitter_card":"summary_large_image","twitter_creator":"@edcrismachado","twitter_site":"@notiamerica","twitter_misc":{"Escrito por":"Edcris Machado","Tiempo estimado de lectura":"2 minutos"},"schema":{"@context":"https:\/\/schema.org","@graph":[{"@type":"Article","@id":"https:\/\/noti-america.com\/site\/alemania\/2026\/04\/25\/sorpresa-en-el-voleibol-aleman-suhl-hace-historia-y-conquista-la-liga\/#article","isPartOf":{"@id":"https:\/\/noti-america.com\/site\/alemania\/2026\/04\/25\/sorpresa-en-el-voleibol-aleman-suhl-hace-historia-y-conquista-la-liga\/"},"author":{"name":"Edcris Machado","@id":"https:\/\/noti-america.com\/site\/alemania\/#\/schema\/person\/2c8d119440090d2d2a880904475295bb"},"headline":"Sorpresa en el voleibol alem\u00e1n: Suhl hace historia y conquista la liga","datePublished":"2026-04-25T14:45:24+00:00","mainEntityOfPage":{"@id":"https:\/\/noti-america.com\/site\/alemania\/2026\/04\/25\/sorpresa-en-el-voleibol-aleman-suhl-hace-historia-y-conquista-la-liga\/"},"wordCount":340,"commentCount":0,"image":{"@id":"https:\/\/noti-america.com\/site\/alemania\/2026\/04\/25\/sorpresa-en-el-voleibol-aleman-suhl-hace-historia-y-conquista-la-liga\/#primaryimage"},"thumbnailUrl":"https:\/\/noti-america.com\/site\/alemania\/wp-content\/uploads\/sites\/29\/2026\/04\/2021-11-13_Volleyball_1._Bundesliga_Frauen_Schwarz-Weiss_Erfurt_-_VfB_91_Suhl_Lotto_Thuringen_1DX_1974_by_Stepro.jpg","articleSection":["Actualidad","Deportes"],"inLanguage":"es","potentialAction":[{"@type":"CommentAction","name":"Comment","target":["https:\/\/noti-america.com\/site\/alemania\/2026\/04\/25\/sorpresa-en-el-voleibol-aleman-suhl-hace-historia-y-conquista-la-liga\/#respond"]}]},{"@type":"WebPage","@id":"https:\/\/noti-america.com\/site\/alemania\/2026\/04\/25\/sorpresa-en-el-voleibol-aleman-suhl-hace-historia-y-conquista-la-liga\/","url":"https:\/\/noti-america.com\/site\/alemania\/2026\/04\/25\/sorpresa-en-el-voleibol-aleman-suhl-hace-historia-y-conquista-la-liga\/","name":"Sorpresa en el voleibol alem\u00e1n: Suhl hace historia y conquista la liga - Alemania | Noti-America.com","isPartOf":{"@id":"https:\/\/noti-america.com\/site\/alemania\/#website"},"primaryImageOfPage":{"@id":"https:\/\/noti-america.com\/site\/alemania\/2026\/04\/25\/sorpresa-en-el-voleibol-aleman-suhl-hace-historia-y-conquista-la-liga\/#primaryimage"},"image":{"@id":"https:\/\/noti-america.com\/site\/alemania\/2026\/04\/25\/sorpresa-en-el-voleibol-aleman-suhl-hace-historia-y-conquista-la-liga\/#primaryimage"},"thumbnailUrl":"https:\/\/noti-america.com\/site\/alemania\/wp-content\/uploads\/sites\/29\/2026\/04\/2021-11-13_Volleyball_1._Bundesliga_Frauen_Schwarz-Weiss_Erfurt_-_VfB_91_Suhl_Lotto_Thuringen_1DX_1974_by_Stepro.jpg","datePublished":"2026-04-25T14:45:24+00:00","author":{"@id":"https:\/\/noti-america.com\/site\/alemania\/#\/schema\/person\/2c8d119440090d2d2a880904475295bb"},"breadcrumb":{"@id":"https:\/\/noti-america.com\/site\/alemania\/2026\/04\/25\/sorpresa-en-el-voleibol-aleman-suhl-hace-historia-y-conquista-la-liga\/#breadcrumb"},"inLanguage":"es","potentialAction":[{"@type":"ReadAction","target":["https:\/\/noti-america.com\/site\/alemania\/2026\/04\/25\/sorpresa-en-el-voleibol-aleman-suhl-hace-historia-y-conquista-la-liga\/"]}]},{"@type":"ImageObject","inLanguage":"es","@id":"https:\/\/noti-america.com\/site\/alemania\/2026\/04\/25\/sorpresa-en-el-voleibol-aleman-suhl-hace-historia-y-conquista-la-liga\/#primaryimage","url":"https:\/\/noti-america.com\/site\/alemania\/wp-content\/uploads\/sites\/29\/2026\/04\/2021-11-13_Volleyball_1._Bundesliga_Frauen_Schwarz-Weiss_Erfurt_-_VfB_91_Suhl_Lotto_Thuringen_1DX_1974_by_Stepro.jpg","contentUrl":"https:\/\/noti-america.com\/site\/alemania\/wp-content\/uploads\/sites\/29\/2026\/04\/2021-11-13_Volleyball_1._Bundesliga_Frauen_Schwarz-Weiss_Erfurt_-_VfB_91_Suhl_Lotto_Thuringen_1DX_1974_by_Stepro.jpg","width":960,"height":640,"caption":"Foto: Steffen Pr\u00f6\u00dfdorf - Jubel, celebration bei VfB 91 Suhl Lotto Th\u00fcringen \u00fcber den Derbysieg"},{"@type":"BreadcrumbList","@id":"https:\/\/noti-america.com\/site\/alemania\/2026\/04\/25\/sorpresa-en-el-voleibol-aleman-suhl-hace-historia-y-conquista-la-liga\/#breadcrumb","itemListElement":[{"@type":"ListItem","position":1,"name":"Portada","item":"https:\/\/noti-america.com\/site\/alemania\/"},{"@type":"ListItem","position":2,"name":"Sorpresa en el voleibol alem\u00e1n: Suhl hace historia y conquista la liga"}]},{"@type":"WebSite","@id":"https:\/\/noti-america.com\/site\/alemania\/#website","url":"https:\/\/noti-america.com\/site\/alemania\/","name":"Alemania | Noti-America.com","description":"Alemania | Noti-America.com","potentialAction":[{"@type":"SearchAction","target":{"@type":"EntryPoint","urlTemplate":"https:\/\/noti-america.com\/site\/alemania\/?s={search_term_string}"},"query-input":{"@type":"PropertyValueSpecification","valueRequired":true,"valueName":"search_term_string"}}],"inLanguage":"es"},{"@type":"Person","@id":"https:\/\/noti-america.com\/site\/alemania\/#\/schema\/person\/2c8d119440090d2d2a880904475295bb","name":"Edcris Machado","image":{"@type":"ImageObject","inLanguage":"es","@id":"https:\/\/secure.gravatar.com\/avatar\/a38b45f8b815a71e5782bb09fdc2302cf360723d562841917495b747d85c4781?s=96&d=mm&r=g","url":"https:\/\/secure.gravatar.com\/avatar\/a38b45f8b815a71e5782bb09fdc2302cf360723d562841917495b747d85c4781?s=96&d=mm&r=g","contentUrl":"https:\/\/secure.gravatar.com\/avatar\/a38b45f8b815a71e5782bb09fdc2302cf360723d562841917495b747d85c4781?s=96&d=mm&r=g","caption":"Edcris Machado"},"description":"Edcris Machado es ingeniera, docente, periodista y autora venezolana residenciada en Alemania. Su trabajo se centra en la comunicaci\u00f3n, la cultura y las experiencias interculturales, con una mirada que busca ir m\u00e1s all\u00e1 de las noticias.","sameAs":["https:\/\/www.edcrismachado.com","https:\/\/www.instagram.com\/edcrismachado?utm_source=qr&igsh=amducjB1emh0ZDZ0","https:\/\/x.com\/edcrismachado"],"jobTitle":"Directora Noti-America Alemania","url":"https:\/\/noti-america.com\/site\/alemania\/author\/emachado\/"}]}},"_links":{"self":[{"href":"https:\/\/noti-america.com\/site\/alemania\/wp-json\/wp\/v2\/posts\/3416","targetHints":{"allow":["GET"]}}],"collection":[{"href":"https:\/\/noti-america.com\/site\/alemania\/wp-json\/wp\/v2\/posts"}],"about":[{"href":"https:\/\/noti-america.com\/site\/alemania\/wp-json\/wp\/v2\/types\/post"}],"author":[{"embeddable":true,"href":"https:\/\/noti-america.com\/site\/alemania\/wp-json\/wp\/v2\/users\/159"}],"replies":[{"embeddable":true,"href":"https:\/\/noti-america.com\/site\/alemania\/wp-json\/wp\/v2\/comments?post=3416"}],"version-history":[{"count":1,"href":"https:\/\/noti-america.com\/site\/alemania\/wp-json\/wp\/v2\/posts\/3416\/revisions"}],"predecessor-version":[{"id":3418,"href":"https:\/\/noti-america.com\/site\/alemania\/wp-json\/wp\/v2\/posts\/3416\/revisions\/3418"}],"wp:featuredmedia":[{"embeddable":true,"href":"https:\/\/noti-america.com\/site\/alemania\/wp-json\/wp\/v2\/media\/3417"}],"wp:attachment":[{"href":"https:\/\/noti-america.com\/site\/alemania\/wp-json\/wp\/v2\/media?parent=3416"}],"wp:term":[{"taxonomy":"category","embeddable":true,"href":"https:\/\/noti-america.com\/site\/alemania\/wp-json\/wp\/v2\/categories?post=3416"},{"taxonomy":"post_tag","embeddable":true,"href":"https:\/\/noti-america.com\/site\/alemania\/wp-json\/wp\/v2\/tags?post=3416"}],"curies":[{"name":"wp","href":"https:\/\/api.w.org\/{rel}","templated":true}]}}